{"id":30856577,"date":"2019-05-16T04:39:16","date_gmt":"2019-05-16T01:39:16","guid":{"rendered":"https:\/\/www.upo.es\/diario\/?p=30856577"},"modified":"2019-05-18T14:59:09","modified_gmt":"2019-05-18T11:59:09","slug":"la-upo-participa-en-la-17a-feria-de-la-ciencia-que-se-celebrara-en-sevilla-del-16-al-18-de-mayo","status":"publish","type":"post","link":"https:\/\/www.upo.es\/diario\/docencia-formacion\/2019\/05\/la-upo-participa-en-la-17a-feria-de-la-ciencia-que-se-celebrara-en-sevilla-del-16-al-18-de-mayo\/","title":{"rendered":"La UPO participa en la 17\u00aa Feria de la Ciencia que se celebra en FIBES"},"content":{"rendered":"<figure id=\"attachment_30856621\" aria-describedby=\"caption-attachment-30856621\" style=\"width: 750px\" class=\"wp-caption aligncenter\"><a href=\"https:\/\/www.upo.es\/diario\/wp-content\/uploads\/2019\/05\/inaug-Feria-Ciencia-2019.jpg\"><img loading=\"lazy\" decoding=\"async\" class=\"size-large wp-image-30856621\" src=\"https:\/\/www.upo.es\/diario\/wp-content\/uploads\/2019\/05\/inaug-Feria-Ciencia-2019-750x369.jpg\" alt=\"Santiago Mart\u00edn Bravo en el stand de la UPO en FIBES\" width=\"750\" height=\"369\" srcset=\"https:\/\/www.upo.es\/diario\/wp-content\/uploads\/2019\/05\/inaug-Feria-Ciencia-2019-750x369.jpg 750w, https:\/\/www.upo.es\/diario\/wp-content\/uploads\/2019\/05\/inaug-Feria-Ciencia-2019-360x177.jpg 360w, https:\/\/www.upo.es\/diario\/wp-content\/uploads\/2019\/05\/inaug-Feria-Ciencia-2019-768x378.jpg 768w, https:\/\/www.upo.es\/diario\/wp-content\/uploads\/2019\/05\/inaug-Feria-Ciencia-2019-600x295.jpg 600w, https:\/\/www.upo.es\/diario\/wp-content\/uploads\/2019\/05\/inaug-Feria-Ciencia-2019.jpg 1596w\" sizes=\"auto, (max-width: 750px) 100vw, 750px\" \/><\/a><figcaption id=\"caption-attachment-30856621\" class=\"wp-caption-text\">Santiago Mart\u00edn Bravo en el stand de la UPO en FIBES<\/figcaption><\/figure>\n<p>La Universidad Pablo de Olavide est\u00e1 presente, un a\u00f1o m\u00e1s, en la <strong>Feria de la Ciencia<\/strong>, que tiene lugar <u>los d\u00edas 16, 17 y 18 de mayo en el Palacio de Congresos y Exposiciones de Sevilla<\/u> (FIBES). El Vicerrectorado de Investigaci\u00f3n y Transferencia de Tecnolog\u00eda, a trav\u00e9s de la Oficina de Transferencia de Resultados de Investigaci\u00f3n (OTRI), coordina las diferentes actividades programadas para este evento y organizadas por investigadores e investigadoras de la Facultad de Ciencias Experimentales, la Escuela Polit\u00e9cnica Superior, la Facultad de Ciencias Empresariales, el Centro Andaluz de Biolog\u00eda del Desarrollo (CABD) y la asociaci\u00f3n \u2018Caminos y Ciencia\u2019, y en el que participa tambi\u00e9n el alumnado.<\/p>\n<p><a href=\"https:\/\/www.upo.es\/diario\/wp-content\/uploads\/2019\/05\/CARTEL_LA-UPO-EN-LA-FERIA-DE-LA-CIENCIA-2019.jpg\"><img loading=\"lazy\" decoding=\"async\" class=\"alignright size-medium wp-image-30856578\" src=\"https:\/\/www.upo.es\/diario\/wp-content\/uploads\/2019\/05\/CARTEL_LA-UPO-EN-LA-FERIA-DE-LA-CIENCIA-2019-257x360.jpg\" alt=\"\" width=\"257\" height=\"360\" srcset=\"https:\/\/www.upo.es\/diario\/wp-content\/uploads\/2019\/05\/CARTEL_LA-UPO-EN-LA-FERIA-DE-LA-CIENCIA-2019-257x360.jpg 257w, https:\/\/www.upo.es\/diario\/wp-content\/uploads\/2019\/05\/CARTEL_LA-UPO-EN-LA-FERIA-DE-LA-CIENCIA-2019-768x1075.jpg 768w, https:\/\/www.upo.es\/diario\/wp-content\/uploads\/2019\/05\/CARTEL_LA-UPO-EN-LA-FERIA-DE-LA-CIENCIA-2019-536x750.jpg 536w, https:\/\/www.upo.es\/diario\/wp-content\/uploads\/2019\/05\/CARTEL_LA-UPO-EN-LA-FERIA-DE-LA-CIENCIA-2019-600x840.jpg 600w, https:\/\/www.upo.es\/diario\/wp-content\/uploads\/2019\/05\/CARTEL_LA-UPO-EN-LA-FERIA-DE-LA-CIENCIA-2019.jpg 1890w\" sizes=\"auto, (max-width: 257px) 100vw, 257px\" \/><\/a>As\u00ed, para los tres d\u00edas que dura la Feria se han organizado actividades donde investigadores del \u00c1rea de Nutrici\u00f3n y Bromatolog\u00eda, coordinados por la profesora Genoveva Bern\u00e1 Amor\u00f3s, evaluar\u00e1n el estado nutricional de los participantes y hablar\u00e1n de <strong>educaci\u00f3n nutricional<\/strong> y de los componentes de los alimentos, en especial de la cantidad de az\u00facares, grasas y sal que tienen diferentes alimentos y si cumplen las recomendaciones establecidas por la SEN.<\/p>\n<p>De otro lado, investigadores del \u00c1rea de Gen\u00e9tica, dirigidos por los profesores Pim Edelaar y Graciela Escudero, proponen el juego <strong>\u2018Elecci\u00f3n de h\u00e1bitat coincidente\u2019<\/strong>. Los asistentes har\u00e1n un experimento para comprender los mecanismos y la relevancia de la elecci\u00f3n de h\u00e1bitat coincidente, un proceso de adaptaci\u00f3n donde el individuo selecciona un ambiente y se traslada a \u00e9ste porque encaja mejor con sus caracter\u00edsticas y est\u00e1 mejor adaptado.<\/p>\n<p>Tambi\u00e9n, la asociaci\u00f3n \u2018Caminos y Ciencia\u2019 ha organizado los talleres sobre energ\u00eda y eficiencia energ\u00e9tica <strong>\u2018El viaje de la energ\u00eda\u2019<\/strong> y <strong>\u2018Viviendas eficientes, ciudades sostenibles\u2019<\/strong>. Los participantes realizar\u00e1n una simulaci\u00f3n del sistema el\u00e9ctrico en maquetas y se dar\u00e1n pautas sobre buenas pr\u00e1cticas en el uso y consumo energ\u00e9tico en el \u00e1mbito dom\u00e9stico.<\/p>\n<p>Por parte de investigadores del Centro Andaluz de Biolog\u00eda al Desarrollo (CABD), bajo la coordinaci\u00f3n cient\u00edfica de Ana Fern\u00e1ndez Mi\u00f1\u00e1n, se han organizado <strong>talleres para observar algunos de los organismos con los que habitualmente trabaja este centro de investigaci\u00f3n<\/strong> como el gusano <em>Caenorhabditis elegans<\/em>, la mosca de la fruta <em>Drosophila melanogaster<\/em>, los peces medaka y cebra y embriones de rat\u00f3n. Adem\u00e1s, habr\u00e1 talleres para la identificaci\u00f3n de mutantes y la observaci\u00f3n de tejidos, y se proyectar\u00e1n v\u00eddeos divulgativos sobre c\u00f3mo trabajan los investigadores y sobre el funcionamiento del propio CABD.<\/p>\n<p><u>Para el jueves 16<\/u>, investigadores del \u00c1rea de Bot\u00e1nica, dirigidos por el profesor Santiago Mart\u00edn Bravo, han previsto la celebraci\u00f3n de talleres donde se podr\u00e1n <strong>visualizar estructuras vegetales a trav\u00e9s de lupa binocular<\/strong>, identificar plantas mediante claves dicot\u00f3micas, conocer c\u00f3mo es el prensado de plantas y la preparaci\u00f3n de pliegos de herbario, y reconstruir \u00e1rboles filogen\u00e9ticos de especies de plantas.<\/p>\n<p>Adem\u00e1s, <u>el viernes 17<\/u>, los investigadores del \u00c1rea de Matem\u00e1tica Aplicada, \u00c1ngel F. Tenorio Villal\u00f3n y Ana M. Mart\u00edn Caraballo, impartir\u00e1n el taller <strong>\u2018Matem\u00e1ticas l\u00fadicas y manipulativas\u2019<\/strong>. El objetivo es trabajar las matem\u00e1ticas con material manipulativo y desde una perspectiva eminentemente l\u00fadica que permita a los participantes trabajar con recursos para plantear estrategias y buscar patrones de informaci\u00f3n que permitan resolver problemas que nos rodean en nuestro d\u00eda a d\u00eda.<\/p>\n<p>Asimismo, para <u>el viernes 17<\/u>, investigadores de las \u00c1reas de Gen\u00e9tica, bajo la coordinaci\u00f3n de los profesores Rafael R. Daga y Silvia Salas Pino, ofrecer\u00e1n el taller <strong>\u2018Mutag\u00e9nesis ambiental: simulaci\u00f3n del da\u00f1o producido por la radiaci\u00f3n ultravioleta del sol en el ADN\u2019<\/strong>. En este taller, que continuar\u00e1 tambi\u00e9n el s\u00e1bado 18, los participantes tendr\u00e1n la oportunidad de realizar un experimento donde podr\u00e1n ver el da\u00f1o que produce la radiaci\u00f3n solar usando una cepa de levadura.<\/p>\n<p>De otro lado, en el espacio STEM+A de la Feria, <u>el jueves 16 y viernes 17 a las 13:00 horas, 16:00 horas y 17:00 horas<\/u> se desarrollar\u00e1 la actividad <u>\u2018Aperitivos sociol\u00f3gicos: ciencia 20&#215;20\u2019<\/u>. Investigadores del Departamento de Sociolog\u00eda, bajo la direcci\u00f3n cient\u00edfica de Juan Manuel Garc\u00eda Gonz\u00e1lez y Antonia Mar\u00eda Ruiz Jim\u00e9nez, realizar\u00e1n exposiciones con estilo Pechakucha, un formato de presentaci\u00f3n r\u00e1pida de ideas, en el que los ponentes realizar\u00e1n su exposici\u00f3n sobre temas que despiertan el inter\u00e9s de movimientos sociales como el rap, el mundo de Harry Potter, la eutanasia, la explotaci\u00f3n animal, etc., todo ello a trav\u00e9s de 20 diapositivas de 20 segundos cada una.<\/p>\n<p>Por \u00faltimo, tambi\u00e9n en el espacio STEM+A de la Feria, <u>el s\u00e1bado 18 de mayo a las 17:00 horas<\/u>, bajo la coordinaci\u00f3n del investigador del Departamento de Sociolog\u00eda, Luis Navarro Ardoy, se ofrecer\u00e1 el espect\u00e1culo musical \u2018<strong>\u00d3rbitas musicales para la divulgaci\u00f3n: ciencia y compromiso social\u2019<\/strong>. Una actuaci\u00f3n que combina m\u00fasica en directo, proyecciones visuales y performance para relatar resultados de investigaci\u00f3n.<\/p>\n<p>La Feria de la Ciencia, organizada por la Sociedad Andaluza para la Divulgaci\u00f3n de la Ciencia y la Fundaci\u00f3n Descubre, constituye un evento educativo que, cada a\u00f1o, re\u00fane a centros educativos, universidades, CSIC, museos, empresas, y otros centros de investigaci\u00f3n con un claro objetivo: compartir y generar inquietudes y vocaciones en el \u00e1mbito cient\u00edfico y de la investigaci\u00f3n.<\/p>\n<p><strong>\u00a0<\/strong><\/p>\n<p><strong>M\u00e1s informaci\u00f3n:<\/strong><strong>\u00a0<\/strong><a href=\"https:\/\/eventos.upo.es\/35876\/detail\/la-upo-en-la-17o-feria-de-la-ciencia.html\">La UPO en la Feria de la Ciencia<\/a><\/p>\n<p>&nbsp;<\/p>\n<p>Fuente: Oficina de Transferencia de Resultados de Investigaci\u00f3n (OTRI) de la UPO<\/p>\n","protected":false},"excerpt":{"rendered":"<p>La Universidad Pablo de Olavide est\u00e1 presente, un a\u00f1o m\u00e1s, en la Feria de la Ciencia, que tiene lugar los d\u00edas 16, 17 y 18 de mayo en el Palacio de Congresos y Exposiciones de Sevilla (FIBES). El Vicerrectorado de Investigaci\u00f3n y Transferencia de Tecnolog\u00eda, a trav\u00e9s de la Oficina de Transferencia de Resultados de Investigaci\u00f3n (OTRI), coordina las diferentes actividades programadas para este evento y organizadas por investigadores e investigadoras de la Facultad de Ciencias Experimentales, la Escuela Polit\u00e9cnica Superior, la Facultad de Ciencias Empresariales, el Centro Andaluz de Biolog\u00eda del Desarrollo (CABD) y la asociaci\u00f3n \u2018Caminos y Ciencia\u2019, y en el que participa tambi\u00e9n el alumnado.<\/p>\n","protected":false},"author":2,"featured_media":30856621,"comment_status":"closed","ping_status":"open","sticky":false,"template":"","format":"standard","meta":{"_monsterinsights_skip_tracking":false,"_monsterinsights_sitenote_active":false,"_monsterinsights_sitenote_note":"","_monsterinsights_sitenote_category":0,"footnotes":""},"categories":[2779],"tags":[5833,2645,152,122,5019,5020,83],"class_list":["post-30856577","post","type-post","status-publish","format-standard","has-post-thumbnail","hentry","category-docencia-formacion","tag-ciencia","tag-divulgacion-cientifica","tag-escuela-politecnica-superior","tag-facultad-ciencias-experimentales","tag-feria-de-la-ciencia","tag-fibes","tag-otri"],"_links":{"self":[{"href":"https:\/\/www.upo.es\/diario\/wp-json\/wp\/v2\/posts\/30856577","targetHints":{"allow":["GET"]}}],"collection":[{"href":"https:\/\/www.upo.es\/diario\/wp-json\/wp\/v2\/posts"}],"about":[{"href":"https:\/\/www.upo.es\/diario\/wp-json\/wp\/v2\/types\/post"}],"author":[{"embeddable":true,"href":"https:\/\/www.upo.es\/diario\/wp-json\/wp\/v2\/users\/2"}],"replies":[{"embeddable":true,"href":"https:\/\/www.upo.es\/diario\/wp-json\/wp\/v2\/comments?post=30856577"}],"version-history":[{"count":5,"href":"https:\/\/www.upo.es\/diario\/wp-json\/wp\/v2\/posts\/30856577\/revisions"}],"predecessor-version":[{"id":30856647,"href":"https:\/\/www.upo.es\/diario\/wp-json\/wp\/v2\/posts\/30856577\/revisions\/30856647"}],"wp:featuredmedia":[{"embeddable":true,"href":"https:\/\/www.upo.es\/diario\/wp-json\/wp\/v2\/media\/30856621"}],"wp:attachment":[{"href":"https:\/\/www.upo.es\/diario\/wp-json\/wp\/v2\/media?parent=30856577"}],"wp:term":[{"taxonomy":"category","embeddable":true,"href":"https:\/\/www.upo.es\/diario\/wp-json\/wp\/v2\/categories?post=30856577"},{"taxonomy":"post_tag","embeddable":true,"href":"https:\/\/www.upo.es\/diario\/wp-json\/wp\/v2\/tags?post=30856577"}],"curies":[{"name":"wp","href":"https:\/\/api.w.org\/{rel}","templated":true}]}}