{"id":30856583,"date":"2019-05-14T14:59:36","date_gmt":"2019-05-14T11:59:36","guid":{"rendered":"https:\/\/www.upo.es\/diario\/?p=30856583"},"modified":"2019-05-16T12:15:31","modified_gmt":"2019-05-16T09:15:31","slug":"la-universidad-pablo-de-olavide-abre-sus-puertas-a-mas-de-1500-estudiantes-de-22-centros-sevillanos","status":"publish","type":"post","link":"https:\/\/www.upo.es\/diario\/institucional\/2019\/05\/la-universidad-pablo-de-olavide-abre-sus-puertas-a-mas-de-1500-estudiantes-de-22-centros-sevillanos\/","title":{"rendered":"La UPO abre sus puertas a m\u00e1s de 1500 estudiantes de 22 centros sevillanos"},"content":{"rendered":"<p><a href=\"https:\/\/www.upo.es\/diario\/wp-content\/uploads\/2019\/05\/Jorn-Puertas-Abiertas-UPO_20190514.jpg\"><img loading=\"lazy\" decoding=\"async\" class=\"aligncenter size-large wp-image-30856584\" src=\"https:\/\/www.upo.es\/diario\/wp-content\/uploads\/2019\/05\/Jorn-Puertas-Abiertas-UPO_20190514-750x422.jpg\" alt=\"\" width=\"750\" height=\"422\" srcset=\"https:\/\/www.upo.es\/diario\/wp-content\/uploads\/2019\/05\/Jorn-Puertas-Abiertas-UPO_20190514-750x422.jpg 750w, https:\/\/www.upo.es\/diario\/wp-content\/uploads\/2019\/05\/Jorn-Puertas-Abiertas-UPO_20190514-360x203.jpg 360w, https:\/\/www.upo.es\/diario\/wp-content\/uploads\/2019\/05\/Jorn-Puertas-Abiertas-UPO_20190514-768x432.jpg 768w, https:\/\/www.upo.es\/diario\/wp-content\/uploads\/2019\/05\/Jorn-Puertas-Abiertas-UPO_20190514-600x338.jpg 600w\" sizes=\"auto, (max-width: 750px) 100vw, 750px\" \/><\/a>Esta ma\u00f1ana en el Paraninfo de la Universidad Pablo de Olavide, el director del \u00c1rea de Gesti\u00f3n Administrativa de Asistencia al Estudiante de Grado de la UPO,<strong> Miguel \u00c1ngel Morales<\/strong>, ha recibido a m\u00e1s de 1500 alumnos de 4\u00ba de ESO de los 22 institutos y centros de educaci\u00f3n secundaria de Sevilla y provincia que participar\u00e1n en las <strong>Jornadas de Puertas Abiertas<\/strong> de la UPO que se celebran hoy martes y ma\u00f1ana mi\u00e9rcoles en esta universidad. Estas jornadas est\u00e1n organizadas por el \u00c1rea de Gesti\u00f3n Administrativa de Asistencia al Estudiante de Grado a trav\u00e9s de la Direcci\u00f3n General de Acceso, Difusi\u00f3n y Captaci\u00f3n, perteneciente al Vicerrectorado de Estudiantes de la UPO.<\/p>\n<p>En estas Jornadas de Puertas Abiertas, la UPO muestra a estos estudiantes qu\u00e9 es la Universidad y les informa y orienta sobre la oferta de estudios de la Olavide, as\u00ed como les da a conocer sus instalaciones y las posibilidades que \u00e9stas brindan para su formaci\u00f3n.<\/p>\n<p>Las Jornadas se organizan en torno a cinco actividades que se celebran a lo largo de la ma\u00f1ana. Por un lado, en el Paraninfo de la Universidad, se celebrar\u00e1 el <strong>acto de bienvenida<\/strong> a los estudiantes a los que se les har\u00e1 una presentaci\u00f3n global de la UPO. Despu\u00e9s se <strong>representar\u00e1 la obra \u201cTodas contra Eur\u00edpides\u201d a cargo de Furor Bacchicus Teatro<\/strong>, grupo de teatro grecolatino formado por estudiantes y profesores de la Facultad de Humanidades. A continuaci\u00f3n, los estudiantes de 4\u00ba de ESO de los institutos realizar\u00e1n un <strong>recorrido por el campus<\/strong>, acompa\u00f1ados por estudiantes de la propia universidad p\u00fablica sevillana, y, finalmente, podr\u00e1n disfrutar de <strong>actividades deportivas<\/strong> coordinadas por el profesor de la Facultad del Deporte Julio \u00c1ngel Herrador con la colaboraci\u00f3n de estudiantes de esta Facultad y recreativas con alumnos de la Asociaci\u00f3n Musical Los Clandestinos y de la Asociaci\u00f3n Intercambios UPO.<\/p>\n<p>Los estudiantes de 4\u00ba de ESO proceden de los siguientes centros: CDP Alberto Durero, CDP Centro Docente Mar\u00eda, CDP EEPP Sagrada Familia de \u00c9cija, CDP Ntra. Sra. de la Compasi\u00f3n, CDP Ntra. Sra. de Loreto (Irlandesas), CDP Sagrado Coraz\u00f3n Esclavas Fundaci\u00f3n Sp\u00ednola, CDP San Agust\u00edn, CDP Santo Tom\u00e1s de Aquino, CDP St. Mary&#8217;s School, IES Axati, IES Flavio Irnitano, IES Fray Bartolom\u00e9 de las Casas, IES Gonzalo Nazareno, IES Guadalquivir, IES Inmaculada Vieira, IES Maestro D. Jos\u00e9 Jurado Espada, IES Mar\u00eda Galiana, IES Mariana de Pineda, IES Mateo Alem\u00e1n, IES N\u00e9stor Almendros, IES Pablo de Olavide e IES Virgen de Valme.<\/p>\n","protected":false},"excerpt":{"rendered":"<p>En estas Jornadas de Puertas Abiertas, la UPO muestra a estos estudiantes qu\u00e9 es la Universidad y les informa y orienta sobre la oferta de estudios de la Olavide, as\u00ed como les da a conocer sus instalaciones y las posibilidades que \u00e9stas brindan para su formaci\u00f3n.<\/p>\n","protected":false},"author":4,"featured_media":30856584,"comment_status":"closed","ping_status":"open","sticky":false,"template":"","format":"standard","meta":{"_monsterinsights_skip_tracking":false,"_monsterinsights_sitenote_active":false,"_monsterinsights_sitenote_note":"","_monsterinsights_sitenote_category":0,"footnotes":""},"categories":[6],"tags":[1152,1381,1275,2114],"class_list":["post-30856583","post","type-post","status-publish","format-standard","has-post-thumbnail","hentry","category-institucional","tag-captacion","tag-eso","tag-jornadas-puertas-abiertas","tag-vicerrectorado-de-estudiantes"],"_links":{"self":[{"href":"https:\/\/www.upo.es\/diario\/wp-json\/wp\/v2\/posts\/30856583","targetHints":{"allow":["GET"]}}],"collection":[{"href":"https:\/\/www.upo.es\/diario\/wp-json\/wp\/v2\/posts"}],"about":[{"href":"https:\/\/www.upo.es\/diario\/wp-json\/wp\/v2\/types\/post"}],"author":[{"embeddable":true,"href":"https:\/\/www.upo.es\/diario\/wp-json\/wp\/v2\/users\/4"}],"replies":[{"embeddable":true,"href":"https:\/\/www.upo.es\/diario\/wp-json\/wp\/v2\/comments?post=30856583"}],"version-history":[{"count":3,"href":"https:\/\/www.upo.es\/diario\/wp-json\/wp\/v2\/posts\/30856583\/revisions"}],"predecessor-version":[{"id":30856623,"href":"https:\/\/www.upo.es\/diario\/wp-json\/wp\/v2\/posts\/30856583\/revisions\/30856623"}],"wp:featuredmedia":[{"embeddable":true,"href":"https:\/\/www.upo.es\/diario\/wp-json\/wp\/v2\/media\/30856584"}],"wp:attachment":[{"href":"https:\/\/www.upo.es\/diario\/wp-json\/wp\/v2\/media?parent=30856583"}],"wp:term":[{"taxonomy":"category","embeddable":true,"href":"https:\/\/www.upo.es\/diario\/wp-json\/wp\/v2\/categories?post=30856583"},{"taxonomy":"post_tag","embeddable":true,"href":"https:\/\/www.upo.es\/diario\/wp-json\/wp\/v2\/tags?post=30856583"}],"curies":[{"name":"wp","href":"https:\/\/api.w.org\/{rel}","templated":true}]}}