{"id":30856603,"date":"2019-05-15T14:45:13","date_gmt":"2019-05-15T11:45:13","guid":{"rendered":"https:\/\/www.upo.es\/diario\/?p=30856603"},"modified":"2019-05-15T14:46:39","modified_gmt":"2019-05-15T11:46:39","slug":"estudiantes-de-la-upo-participan-en-una-editatona-para-combatir-la-brecha-de-genero-en-la-wikipedia","status":"publish","type":"post","link":"https:\/\/www.upo.es\/diario\/cultura-social\/2019\/05\/estudiantes-de-la-upo-participan-en-una-editatona-para-combatir-la-brecha-de-genero-en-la-wikipedia\/","title":{"rendered":"Estudiantes de la UPO participan en una editatona para combatir la brecha de g\u00e9nero en la Wikipedia"},"content":{"rendered":"<figure id=\"attachment_30856604\" aria-describedby=\"caption-attachment-30856604\" style=\"width: 750px\" class=\"wp-caption aligncenter\"><a href=\"https:\/\/www.upo.es\/diario\/wp-content\/uploads\/2019\/05\/EDITATONA_20190515.jpg\"><img loading=\"lazy\" decoding=\"async\" class=\"size-large wp-image-30856604\" src=\"https:\/\/www.upo.es\/diario\/wp-content\/uploads\/2019\/05\/EDITATONA_20190515-750x422.jpg\" alt=\"\" width=\"750\" height=\"422\" srcset=\"https:\/\/www.upo.es\/diario\/wp-content\/uploads\/2019\/05\/EDITATONA_20190515-750x422.jpg 750w, https:\/\/www.upo.es\/diario\/wp-content\/uploads\/2019\/05\/EDITATONA_20190515-360x203.jpg 360w, https:\/\/www.upo.es\/diario\/wp-content\/uploads\/2019\/05\/EDITATONA_20190515-768x432.jpg 768w, https:\/\/www.upo.es\/diario\/wp-content\/uploads\/2019\/05\/EDITATONA_20190515-600x338.jpg 600w\" sizes=\"auto, (max-width: 750px) 100vw, 750px\" \/><\/a><figcaption id=\"caption-attachment-30856604\" class=\"wp-caption-text\">Estudiantes de Geograf\u00eda e Historia y de Humanidades en la editatona celebrada en la UPO<\/figcaption><\/figure>\n<p>Editatona es una iniciativa internacional que trata de reducir la brecha de g\u00e9nero en la Wikipedia y otros proyectos Wikimedia. Estudiantes de cuarto curso del Grado en Geograf\u00eda e Historia \u2013de las asignaturas \u2018G\u00e9nero, sociedad y cultura\u2019 y \u2018Arte y sociedad\u2019\u2013 y de cuarto de Humanidades \u2013asignaturas \u2018Historia y Filosof\u00eda Pol\u00edtica\u2019 y \u2018Arte y patrimonio\u2019\u2013 han participado esta ma\u00f1ana en una editatona como \u00faltima actividad del <strong>proyecto de innovaci\u00f3n docente <em>Wikiproyecto. Biograf\u00edas para avanzar en el ciberfeminismo<\/em><\/strong>, dirigido por las profesoras Ana Mar\u00eda Aranda Bernal y Marian P\u00e9rez Bernal.<\/p>\n<p>El objetivo del proyecto es analizar la Wikipedia desde una perspectiva de g\u00e9nero para ser consciente del sexismo presente en ella y trabajar para evitarlo. En palabras de Marian P\u00e9rez \u201cel androcentrismo de esta enciclopedia virtual se aprecia tanto en la importante disparidad en el n\u00famero de biograf\u00edas de hombres y de mujeres como en la forma diferenciada como se presenta la informaci\u00f3n cuando nos referimos a personas de diferentes sexos\u201d.<\/p>\n<p>Con el fin de luchar contra esto el alumnado ha realizado durante el proyecto biograf\u00edas de mujeres que deber\u00edan estar en la Wikipedia y a\u00fan no est\u00e1n. Por otro lado, han reescrito art\u00edculos ya existentes teniendo presente la perspectiva de g\u00e9nero. De este modo, la celebraci\u00f3n de la editatona suponte la culminaci\u00f3n de esta acci\u00f3n de innovaci\u00f3n docente, ya que durante la misma ser\u00e1n subidos a la Wikipedia todos los contenidos generados a lo largo del curso por los estudiantes. El pr\u00f3ximo viernes 17 de mayo tendr\u00e1 lugar una segunda y \u00faltima sesi\u00f3n, en el aula de inform\u00e1tica 101 del edificio 24 del campus.<\/p>\n<p>&nbsp;<\/p>\n","protected":false},"excerpt":{"rendered":"<p>Editatona es una iniciativa internacional que trata de reducir la brecha de g\u00e9nero en la Wikipedia y otros proyectos Wikimedia. Estudiantes de cuarto curso del Grado en Geograf\u00eda e Historia \u2013de las asignaturas \u2018G\u00e9nero, sociedad y cultura\u2019 y \u2018Arte y sociedad\u2019\u2013 y de cuarto de Humanidades \u2013asignaturas \u2018Historia y Filosof\u00eda Pol\u00edtica\u2019 y \u2018Arte y patrimonio\u2019\u2013 han participado esta ma\u00f1ana en una editatona como \u00faltima actividad del proyecto de innovaci\u00f3n docente Wikiproyecto. Biograf\u00edas para avanzar en el ciberfeminismo, dirigido por las profesoras Ana Mar\u00eda Aranda Bernal y Marian P\u00e9rez Bernal.<\/p>\n","protected":false},"author":6,"featured_media":30856604,"comment_status":"closed","ping_status":"open","sticky":false,"template":"","format":"standard","meta":{"_monsterinsights_skip_tracking":false,"_monsterinsights_sitenote_active":false,"_monsterinsights_sitenote_note":"","_monsterinsights_sitenote_category":0,"footnotes":""},"categories":[5843],"tags":[6012,21,96,2349,2497],"class_list":["post-30856603","post","type-post","status-publish","format-standard","has-post-thumbnail","hentry","category-cultura-social","tag-editatona","tag-estudiantes","tag-facultad-de-humanidades","tag-genero-e-igualdad","tag-innovacion-docente"],"_links":{"self":[{"href":"https:\/\/www.upo.es\/diario\/wp-json\/wp\/v2\/posts\/30856603","targetHints":{"allow":["GET"]}}],"collection":[{"href":"https:\/\/www.upo.es\/diario\/wp-json\/wp\/v2\/posts"}],"about":[{"href":"https:\/\/www.upo.es\/diario\/wp-json\/wp\/v2\/types\/post"}],"author":[{"embeddable":true,"href":"https:\/\/www.upo.es\/diario\/wp-json\/wp\/v2\/users\/6"}],"replies":[{"embeddable":true,"href":"https:\/\/www.upo.es\/diario\/wp-json\/wp\/v2\/comments?post=30856603"}],"version-history":[{"count":1,"href":"https:\/\/www.upo.es\/diario\/wp-json\/wp\/v2\/posts\/30856603\/revisions"}],"predecessor-version":[{"id":30856605,"href":"https:\/\/www.upo.es\/diario\/wp-json\/wp\/v2\/posts\/30856603\/revisions\/30856605"}],"wp:featuredmedia":[{"embeddable":true,"href":"https:\/\/www.upo.es\/diario\/wp-json\/wp\/v2\/media\/30856604"}],"wp:attachment":[{"href":"https:\/\/www.upo.es\/diario\/wp-json\/wp\/v2\/media?parent=30856603"}],"wp:term":[{"taxonomy":"category","embeddable":true,"href":"https:\/\/www.upo.es\/diario\/wp-json\/wp\/v2\/categories?post=30856603"},{"taxonomy":"post_tag","embeddable":true,"href":"https:\/\/www.upo.es\/diario\/wp-json\/wp\/v2\/tags?post=30856603"}],"curies":[{"name":"wp","href":"https:\/\/api.w.org\/{rel}","templated":true}]}}