{"id":30856626,"date":"2019-05-17T07:14:20","date_gmt":"2019-05-17T04:14:20","guid":{"rendered":"https:\/\/www.upo.es\/diario\/?p=30856626"},"modified":"2019-05-18T14:58:43","modified_gmt":"2019-05-18T11:58:43","slug":"un-seminario-analiza-manana-en-la-upo-la-movilidad-de-los-europeos-del-este-en-espana","status":"publish","type":"post","link":"https:\/\/www.upo.es\/diario\/docencia-formacion\/2019\/05\/un-seminario-analiza-manana-en-la-upo-la-movilidad-de-los-europeos-del-este-en-espana\/","title":{"rendered":"Un seminario analiza hoy en la UPO la movilidad de los Europeos del Este en Espa\u00f1a"},"content":{"rendered":"<figure id=\"attachment_30856653\" aria-describedby=\"caption-attachment-30856653\" style=\"width: 750px\" class=\"wp-caption aligncenter\"><a href=\"https:\/\/www.upo.es\/diario\/wp-content\/uploads\/2019\/05\/Estudios-Romanies_20190517.jpg\"><img loading=\"lazy\" decoding=\"async\" class=\"size-large wp-image-30856653\" src=\"https:\/\/www.upo.es\/diario\/wp-content\/uploads\/2019\/05\/Estudios-Romanies_20190517-750x500.jpg\" alt=\"\" width=\"750\" height=\"500\" srcset=\"https:\/\/www.upo.es\/diario\/wp-content\/uploads\/2019\/05\/Estudios-Romanies_20190517-750x500.jpg 750w, https:\/\/www.upo.es\/diario\/wp-content\/uploads\/2019\/05\/Estudios-Romanies_20190517-360x240.jpg 360w, https:\/\/www.upo.es\/diario\/wp-content\/uploads\/2019\/05\/Estudios-Romanies_20190517-768x512.jpg 768w, https:\/\/www.upo.es\/diario\/wp-content\/uploads\/2019\/05\/Estudios-Romanies_20190517-600x400.jpg 600w, https:\/\/www.upo.es\/diario\/wp-content\/uploads\/2019\/05\/Estudios-Romanies_20190517-165x109.jpg 165w\" sizes=\"auto, (max-width: 750px) 100vw, 750px\" \/><\/a><figcaption id=\"caption-attachment-30856653\" class=\"wp-caption-text\">I Seminario de Estudios Roman\u00edes<\/figcaption><\/figure>\n<p><u>Hoy\u00a0 se ceelbra, desde las 10:00 horas en la sala de grados del edificio 7 de la Universidad Pablo de Olavide<\/u>,\u00a0 el <strong>\u2018I Seminario de estudios roman\u00edes: sociedades m\u00f3viles en un mundo globalizado\u2019<\/strong>, donde expertos en la materia abordar\u00e1n la movilidad de los Europeos del Este en Espa\u00f1a.<\/p>\n<p>Este seminario se inscribe en las actividades inmersas en el<strong> proyecto de investigaci\u00f3n \u2018Re) Conceptualizar el Movimiento Humano en el Siglo XXI: Estrategias e impactos de la movilidad de los europeos del Este en Espa\u00f1a\u2019<\/strong> (CSO: 2017-82238-R), que junto al Departamento de Trabajo Social y Servicios Sociales de la UPO quiere dar visibilidad a un colectivo novedoso y a la vez desconocido desde el punto de vista de las Ciencias Sociales.<\/p>\n<figure id=\"attachment_30856654\" aria-describedby=\"caption-attachment-30856654\" style=\"width: 360px\" class=\"wp-caption alignright\"><a href=\"https:\/\/www.upo.es\/diario\/wp-content\/uploads\/2019\/05\/Estudios-Romanies_20190517_SilivaMarcu.jpg\"><img loading=\"lazy\" decoding=\"async\" class=\"size-medium wp-image-30856654\" src=\"https:\/\/www.upo.es\/diario\/wp-content\/uploads\/2019\/05\/Estudios-Romanies_20190517_SilivaMarcu-360x240.jpg\" alt=\"\" width=\"360\" height=\"240\" srcset=\"https:\/\/www.upo.es\/diario\/wp-content\/uploads\/2019\/05\/Estudios-Romanies_20190517_SilivaMarcu-360x240.jpg 360w, https:\/\/www.upo.es\/diario\/wp-content\/uploads\/2019\/05\/Estudios-Romanies_20190517_SilivaMarcu-768x512.jpg 768w, https:\/\/www.upo.es\/diario\/wp-content\/uploads\/2019\/05\/Estudios-Romanies_20190517_SilivaMarcu-750x500.jpg 750w, https:\/\/www.upo.es\/diario\/wp-content\/uploads\/2019\/05\/Estudios-Romanies_20190517_SilivaMarcu-600x400.jpg 600w, https:\/\/www.upo.es\/diario\/wp-content\/uploads\/2019\/05\/Estudios-Romanies_20190517_SilivaMarcu-165x109.jpg 165w\" sizes=\"auto, (max-width: 360px) 100vw, 360px\" \/><\/a><figcaption id=\"caption-attachment-30856654\" class=\"wp-caption-text\">Silvia Marcu<\/figcaption><\/figure>\n<p>El encuentro, que ha sido inaugurado por <strong>M\u00aa Rosa Herrera Guti\u00e9rrez<\/strong>, directora del Departamento de Trabajo Social y Servicios Sociales de la UPO, y <strong>Silvia Marcu<\/strong>, investigadora del Instituto de Econom\u00eda, Geograf\u00eda y Demograf\u00eda (IEGD) del Consejo Superior de Investigaciones Cient\u00edficas (CSIC), abordar\u00e1 distintos aspectos como el mercado de trabajo, la movilidad, identidad y pertenencia, educaci\u00f3n, g\u00e9nero e infancia.<\/p>\n<p>El comit\u00e9 organizador est\u00e1 integrado por Silvia Marcu, investigadora del CSIC y coordinadora del proyecto de investigaci\u00f3n antes mencionado, y por Jos\u00e9 David Guti\u00e9rrez S\u00e1nchez, profesor de la Universidad Pablo de Olavide y miembro del proyecto de investigaci\u00f3n.<\/p>\n<p>&nbsp;<\/p>\n<p><strong>M\u00e1s informaci\u00f3n:<\/strong><\/p>\n<p><a href=\"https:\/\/eventos.upo.es\/36091\/detail\/i-seminario-de-estudios-romanies_-sociedades-moviles-en-un-mundo-globalizado.html\">\u2018I Seminario de estudios roman\u00edes: sociedades m\u00f3viles en un mundo globalizado\u2019<\/a><\/p>\n<p>&nbsp;<\/p>\n","protected":false},"excerpt":{"rendered":"<p>Este seminario se inscribe en las actividades inmersas en el proyecto de investigaci\u00f3n \u2018Re) Conceptualizar el Movimiento Humano en el Siglo XXI: Estrategias e impactos de la movilidad de los europeos del Este en Espa\u00f1a\u2019 (CSO: 2017-82238-R), que junto al Departamento de Trabajo Social y Servicios Sociales de la UPO quiere dar visibilidad a un colectivo novedoso y a la vez desconocido desde el punto de vista de las Ciencias Sociales.<\/p>\n","protected":false},"author":2,"featured_media":30856653,"comment_status":"closed","ping_status":"open","sticky":false,"template":"","format":"standard","meta":{"_monsterinsights_skip_tracking":false,"_monsterinsights_sitenote_active":false,"_monsterinsights_sitenote_note":"","_monsterinsights_sitenote_category":0,"footnotes":""},"categories":[2779],"tags":[545,6015,454,1056,6016,78],"class_list":["post-30856626","post","type-post","status-publish","format-standard","has-post-thumbnail","hentry","category-docencia-formacion","tag-ciencias-sociales","tag-este","tag-europa","tag-movilidad","tag-romanies","tag-seminario"],"_links":{"self":[{"href":"https:\/\/www.upo.es\/diario\/wp-json\/wp\/v2\/posts\/30856626","targetHints":{"allow":["GET"]}}],"collection":[{"href":"https:\/\/www.upo.es\/diario\/wp-json\/wp\/v2\/posts"}],"about":[{"href":"https:\/\/www.upo.es\/diario\/wp-json\/wp\/v2\/types\/post"}],"author":[{"embeddable":true,"href":"https:\/\/www.upo.es\/diario\/wp-json\/wp\/v2\/users\/2"}],"replies":[{"embeddable":true,"href":"https:\/\/www.upo.es\/diario\/wp-json\/wp\/v2\/comments?post=30856626"}],"version-history":[{"count":4,"href":"https:\/\/www.upo.es\/diario\/wp-json\/wp\/v2\/posts\/30856626\/revisions"}],"predecessor-version":[{"id":30856655,"href":"https:\/\/www.upo.es\/diario\/wp-json\/wp\/v2\/posts\/30856626\/revisions\/30856655"}],"wp:featuredmedia":[{"embeddable":true,"href":"https:\/\/www.upo.es\/diario\/wp-json\/wp\/v2\/media\/30856653"}],"wp:attachment":[{"href":"https:\/\/www.upo.es\/diario\/wp-json\/wp\/v2\/media?parent=30856626"}],"wp:term":[{"taxonomy":"category","embeddable":true,"href":"https:\/\/www.upo.es\/diario\/wp-json\/wp\/v2\/categories?post=30856626"},{"taxonomy":"post_tag","embeddable":true,"href":"https:\/\/www.upo.es\/diario\/wp-json\/wp\/v2\/tags?post=30856626"}],"curies":[{"name":"wp","href":"https:\/\/api.w.org\/{rel}","templated":true}]}}