{"id":30856687,"date":"2019-05-21T07:13:05","date_gmt":"2019-05-21T04:13:05","guid":{"rendered":"https:\/\/www.upo.es\/diario\/?p=30856687"},"modified":"2019-05-21T14:28:13","modified_gmt":"2019-05-21T11:28:13","slug":"la-universidad-pablo-de-olavide-acoge-manana-el-xii-encuentro-de-voluntariado-de-mayores-de-confemac","status":"publish","type":"post","link":"https:\/\/www.upo.es\/diario\/docencia-formacion\/2019\/05\/la-universidad-pablo-de-olavide-acoge-manana-el-xii-encuentro-de-voluntariado-de-mayores-de-confemac\/","title":{"rendered":"La Universidad Pablo de Olavide acoge hoy el XII Encuentro de Voluntariado de Mayores de CONFEMAC"},"content":{"rendered":"<figure id=\"attachment_30856720\" aria-describedby=\"caption-attachment-30856720\" style=\"width: 750px\" class=\"wp-caption aligncenter\"><a href=\"https:\/\/www.upo.es\/diario\/wp-content\/uploads\/2019\/05\/Enc-Voluntariado-CONFEMAC_201905.jpg\"><img loading=\"lazy\" decoding=\"async\" class=\"size-large wp-image-30856720\" src=\"https:\/\/www.upo.es\/diario\/wp-content\/uploads\/2019\/05\/Enc-Voluntariado-CONFEMAC_201905-750x422.jpg\" alt=\"\" width=\"750\" height=\"422\" srcset=\"https:\/\/www.upo.es\/diario\/wp-content\/uploads\/2019\/05\/Enc-Voluntariado-CONFEMAC_201905-750x422.jpg 750w, https:\/\/www.upo.es\/diario\/wp-content\/uploads\/2019\/05\/Enc-Voluntariado-CONFEMAC_201905-360x203.jpg 360w, https:\/\/www.upo.es\/diario\/wp-content\/uploads\/2019\/05\/Enc-Voluntariado-CONFEMAC_201905-768x432.jpg 768w, https:\/\/www.upo.es\/diario\/wp-content\/uploads\/2019\/05\/Enc-Voluntariado-CONFEMAC_201905-600x338.jpg 600w\" sizes=\"auto, (max-width: 750px) 100vw, 750px\" \/><\/a><figcaption id=\"caption-attachment-30856720\" class=\"wp-caption-text\">XII Encuentro de Voluntariado de Mayores de CONFEMAC<\/figcaption><\/figure>\n<p>La Universidad Pablo de Olavide acoge hoy martes, en la sala de grados del edificio 7, el <strong>XII Encuentro de Voluntariado de Mayores de la Confederaci\u00f3n Estatal de Mayores Activos (CONFEMAC)<\/strong>, un evento en el que compartir experiencias de solidaridad, formarse para hacer un voluntariado eficiente y comprometido, as\u00ed como fomentar nuevas actividades de voluntariado.<\/p>\n<p>Bajo el lema <strong>\u2018Ante el riesgo del maltrato en la vejez, abre los ojos\u2019<\/strong>, este encuentro supone un paso m\u00e1s en el voluntariado de CONFEMAC, ya que m\u00e1s de un centenar de voluntarios y voluntarias mayores, procedentes de varias provincias, van a obtener informaci\u00f3n y formaci\u00f3n que les permita estar atentos a posibles situaciones de maltrato en su entorno. En ese sentido, esta organizaci\u00f3n va a habilitar un servicio telef\u00f3nico de apoyo y orientaci\u00f3n ante situaciones de maltrato en la vejez.<\/p>\n<p>Adem\u00e1s, en el transcurso del encuentro se estrenar\u00e1 un v\u00eddeo de sensibilizaci\u00f3n en el que los protagonistas son personas mayores voluntarias y en el que han participado tambi\u00e9n varios alumnos y alumnas de la UPO.<\/p>\n<p><strong>CONFEMAC y la Universidad Pablo de Olavide<\/strong><\/p>\n<p>Desde hace varios a\u00f1os, la Confederaci\u00f3n Estatal de Mayores Activos viene realizando en la Universidad Pablo de Olavide el programa <strong>\u2018Experiencia y juventud, fomentando el emprendimiento\u2019<\/strong>, mediante el que personas mayores comparten con el alumnado que termina sus estudios de grado o de m\u00e1ster las claves que a ellos les ayudaron para arrancar laboralmente y progresar en la vida. Esta informaci\u00f3n supone un gran est\u00edmulo para los j\u00f3venes que est\u00e1n a punto de afrontar su inserci\u00f3n en el mundo laboral.<\/p>\n<p>As\u00ed, durante este curso acad\u00e9mico los estudiantes de la UPO se han beneficiado de esta iniciativa y han recibido a lo largo del mes de noviembre y enero la visita de un grupo de mayores que han transmitido a estos j\u00f3venes las ganas y la ilusi\u00f3n de emprender a trav\u00e9s del relato de sus experiencias personales. Como indica Vicente P\u00e9rez Cano, profesor de la Facultad de Ciencias Sociales de la UPO, \u201clos mensajes de la sociedad actual para nada alientan el emprendimiento, por eso es necesario un cambio de actitud, volver a ilusionarse, ser proactivos, so\u00f1ar, dejar de pensar que es imposible para comenzar a pensar que aunque sea dif\u00edcil no es imposible\u201d.<\/p>\n<p>Adem\u00e1s, la Universidad Pablo de Olavide y la Confederaci\u00f3n Estatal de Mayores Activos firmaron en 2018 un convenio de colaboraci\u00f3n entre ambas entidades con el objetivo de fomentar la cultura emprendedora entre los j\u00f3venes y apoyar al alumnado con bajo rendimiento para progresar en sus estudios.<\/p>\n<p>CONFEMAC se constituye oficialmente como entidad asociativa de mayores de \u00e1mbito estatal en 2003, iniciando su actividad en 2004 con \u2018Mayores Solidarios\u2019, programa estrella de la entidad que viene funcionando ininterrumpidamente desde su creaci\u00f3n como exponente de que las personas mayores pueden seguir siendo activas y productivas para la sociedad. Adem\u00e1s, ha llevado a cabo otros programas de envejecimiento activo en 14 comunidades aut\u00f3nomas, principalmente formativos.<\/p>\n","protected":false},"excerpt":{"rendered":"<p>La Universidad Pablo de Olavide acoge hoy martes el XII Encuentro de Voluntariado de Mayores de la Confederaci\u00f3n Estatal de Mayores Activos (CONFEMAC), un evento en el que compartir experiencias de solidaridad, formarse para hacer un voluntariado eficiente y comprometido, as\u00ed como fomentar nuevas actividades de voluntariado.<\/p>\n","protected":false},"author":2,"featured_media":30856720,"comment_status":"closed","ping_status":"open","sticky":false,"template":"","format":"standard","meta":{"_monsterinsights_skip_tracking":false,"_monsterinsights_sitenote_active":false,"_monsterinsights_sitenote_note":"","_monsterinsights_sitenote_category":0,"footnotes":""},"categories":[2779],"tags":[4625,689,821,3714,487,53,86],"class_list":["post-30856687","post","type-post","status-publish","format-standard","has-post-thumbnail","hentry","category-docencia-formacion","tag-confemac","tag-emprendimiento","tag-encuentro","tag-experiencia","tag-facultad-ciencias-sociales","tag-mayores","tag-voluntariado"],"_links":{"self":[{"href":"https:\/\/www.upo.es\/diario\/wp-json\/wp\/v2\/posts\/30856687","targetHints":{"allow":["GET"]}}],"collection":[{"href":"https:\/\/www.upo.es\/diario\/wp-json\/wp\/v2\/posts"}],"about":[{"href":"https:\/\/www.upo.es\/diario\/wp-json\/wp\/v2\/types\/post"}],"author":[{"embeddable":true,"href":"https:\/\/www.upo.es\/diario\/wp-json\/wp\/v2\/users\/2"}],"replies":[{"embeddable":true,"href":"https:\/\/www.upo.es\/diario\/wp-json\/wp\/v2\/comments?post=30856687"}],"version-history":[{"count":6,"href":"https:\/\/www.upo.es\/diario\/wp-json\/wp\/v2\/posts\/30856687\/revisions"}],"predecessor-version":[{"id":30856721,"href":"https:\/\/www.upo.es\/diario\/wp-json\/wp\/v2\/posts\/30856687\/revisions\/30856721"}],"wp:featuredmedia":[{"embeddable":true,"href":"https:\/\/www.upo.es\/diario\/wp-json\/wp\/v2\/media\/30856720"}],"wp:attachment":[{"href":"https:\/\/www.upo.es\/diario\/wp-json\/wp\/v2\/media?parent=30856687"}],"wp:term":[{"taxonomy":"category","embeddable":true,"href":"https:\/\/www.upo.es\/diario\/wp-json\/wp\/v2\/categories?post=30856687"},{"taxonomy":"post_tag","embeddable":true,"href":"https:\/\/www.upo.es\/diario\/wp-json\/wp\/v2\/tags?post=30856687"}],"curies":[{"name":"wp","href":"https:\/\/api.w.org\/{rel}","templated":true}]}}