{"id":30856715,"date":"2019-05-22T07:09:17","date_gmt":"2019-05-22T04:09:17","guid":{"rendered":"https:\/\/www.upo.es\/diario\/?p=30856715"},"modified":"2019-05-23T10:23:45","modified_gmt":"2019-05-23T07:23:45","slug":"manana-finaliza-el-ciclo-el-mundo-editorial-con-los-editores-francisco-socas-e-ignacio-garmendia","status":"publish","type":"post","link":"https:\/\/www.upo.es\/diario\/docencia-formacion\/2019\/05\/manana-finaliza-el-ciclo-el-mundo-editorial-con-los-editores-francisco-socas-e-ignacio-garmendia\/","title":{"rendered":"Finaliza el ciclo El Mundo Editorial con los editores Francisco Socas e Ignacio Garmendia"},"content":{"rendered":"<p><u><a href=\"https:\/\/www.upo.es\/diario\/wp-content\/uploads\/2019\/05\/08-EME-IV-VERTIENTES.jpg\"><img loading=\"lazy\" decoding=\"async\" class=\"alignright size-medium wp-image-30856716\" src=\"https:\/\/www.upo.es\/diario\/wp-content\/uploads\/2019\/05\/08-EME-IV-VERTIENTES-360x254.jpg\" alt=\"\" width=\"360\" height=\"254\" srcset=\"https:\/\/www.upo.es\/diario\/wp-content\/uploads\/2019\/05\/08-EME-IV-VERTIENTES-360x254.jpg 360w, https:\/\/www.upo.es\/diario\/wp-content\/uploads\/2019\/05\/08-EME-IV-VERTIENTES-768x541.jpg 768w, https:\/\/www.upo.es\/diario\/wp-content\/uploads\/2019\/05\/08-EME-IV-VERTIENTES-750x529.jpg 750w, https:\/\/www.upo.es\/diario\/wp-content\/uploads\/2019\/05\/08-EME-IV-VERTIENTES-600x423.jpg 600w\" sizes=\"auto, (max-width: 360px) 100vw, 360px\" \/><\/a>Hoy mi\u00e9rcoles 22 de mayo, a las 17:30 horas en la sede Olavide en Sevilla-Centro (C\/Lara\u00f1a, 4)<\/u> finalizar\u00e1 el <strong>ciclo El Mundo Editorial IV<\/strong> con un di\u00e1logo entre el profesor, traductor, editor y autor <strong>Francisco Socas<\/strong> y el periodista y editor <strong>Ignacio Garmendia,<\/strong> titulado <strong>\u2018Vertientes de la edici\u00f3n\u2019. <\/strong>Esta actividad est\u00e1 financiada por el Departamento de Filolog\u00eda y Traducci\u00f3n y la Facultad de Humanidades de la Universidad Pablo de Olavide. La entrada es libre hasta completar aforo.<\/p>\n<p>El acto ser\u00e1 presentado por el profesor de la UPO Alberto Marina Castillo. El coloquio abordar\u00e1 lo que supone editar hoy, desde Sevilla, en su m\u00e1s amplio sentido: retos, gratificaciones, procesos, riesgos, an\u00e9cdotas y satisfacciones, en una conversaci\u00f3n entre Francisco Socas e Ignacio Garmendia en la que el p\u00fablico tambi\u00e9n podr\u00e1 participar.<\/p>\n<p>Con una presencia cada vez m\u00e1s significativa de antiguos estudiantes y profesores de la Universidad Pablo de Olavide implicados de un modo u otro en interesantes procesos editoriales, se celebra el <strong>ciclo El Mundo Editorial<\/strong>, organizado por los profesores del Departamento de Filolog\u00eda y Traducci\u00f3n de la UPO, Alberto Marina Castillo y Miguel Cisneros Perales. En su cuarta edici\u00f3n ha ofrecido, durante todo el semestre, presentaciones de libros y proyectos editoriales, lecturas, un taller de correcci\u00f3n ortotipogr\u00e1fica, di\u00e1logos acerca del mundo del libro y visitas.<\/p>\n<p>.<\/p>\n","protected":false},"excerpt":{"rendered":"<p>Hoy mi\u00e9rcoles 22 de mayo, a las 17:30 horas en la sede Olavide en Sevilla-Centro (C\/Lara\u00f1a, 4) finalizar\u00e1 el ciclo El Mundo Editorial IV con un di\u00e1logo entre el profesor, traductor, editor y autor Francisco Socas y el periodista y editor Ignacio Garmendia, titulado \u2018Vertientes de la edici\u00f3n\u2019. Esta actividad est\u00e1 financiada por el Departamento de Filolog\u00eda y Traducci\u00f3n y<a class=\"read-more\" href=\"https:\/\/www.upo.es\/diario\/docencia-formacion\/2019\/05\/manana-finaliza-el-ciclo-el-mundo-editorial-con-los-editores-francisco-socas-e-ignacio-garmendia\/\">[Read More&#8230;]<\/a><\/p>\n","protected":false},"author":4,"featured_media":30856716,"comment_status":"closed","ping_status":"open","sticky":false,"template":"","format":"standard","meta":{"_monsterinsights_skip_tracking":false,"_monsterinsights_sitenote_active":false,"_monsterinsights_sitenote_note":"","_monsterinsights_sitenote_category":0,"footnotes":""},"categories":[2779],"tags":[5850,1116,6029,96],"class_list":["post-30856715","post","type-post","status-publish","format-standard","has-post-thumbnail","hentry","category-docencia-formacion","tag-ciclo-el-mundo-editorial","tag-departamento-de-filologia-y-traduccion","tag-edicion","tag-facultad-de-humanidades"],"_links":{"self":[{"href":"https:\/\/www.upo.es\/diario\/wp-json\/wp\/v2\/posts\/30856715","targetHints":{"allow":["GET"]}}],"collection":[{"href":"https:\/\/www.upo.es\/diario\/wp-json\/wp\/v2\/posts"}],"about":[{"href":"https:\/\/www.upo.es\/diario\/wp-json\/wp\/v2\/types\/post"}],"author":[{"embeddable":true,"href":"https:\/\/www.upo.es\/diario\/wp-json\/wp\/v2\/users\/4"}],"replies":[{"embeddable":true,"href":"https:\/\/www.upo.es\/diario\/wp-json\/wp\/v2\/comments?post=30856715"}],"version-history":[{"count":3,"href":"https:\/\/www.upo.es\/diario\/wp-json\/wp\/v2\/posts\/30856715\/revisions"}],"predecessor-version":[{"id":30856753,"href":"https:\/\/www.upo.es\/diario\/wp-json\/wp\/v2\/posts\/30856715\/revisions\/30856753"}],"wp:featuredmedia":[{"embeddable":true,"href":"https:\/\/www.upo.es\/diario\/wp-json\/wp\/v2\/media\/30856716"}],"wp:attachment":[{"href":"https:\/\/www.upo.es\/diario\/wp-json\/wp\/v2\/media?parent=30856715"}],"wp:term":[{"taxonomy":"category","embeddable":true,"href":"https:\/\/www.upo.es\/diario\/wp-json\/wp\/v2\/categories?post=30856715"},{"taxonomy":"post_tag","embeddable":true,"href":"https:\/\/www.upo.es\/diario\/wp-json\/wp\/v2\/tags?post=30856715"}],"curies":[{"name":"wp","href":"https:\/\/api.w.org\/{rel}","templated":true}]}}