{"id":30856722,"date":"2019-05-21T14:44:52","date_gmt":"2019-05-21T11:44:52","guid":{"rendered":"https:\/\/www.upo.es\/diario\/?p=30856722"},"modified":"2019-05-27T12:57:02","modified_gmt":"2019-05-27T09:57:02","slug":"andres-rodriguez-benot-nuevo-academico-correspondiente-de-la-real-academia-de-jurisprudencia-y-legislacion-de-espana","status":"publish","type":"post","link":"https:\/\/www.upo.es\/diario\/comunidad\/2019\/05\/andres-rodriguez-benot-nuevo-academico-correspondiente-de-la-real-academia-de-jurisprudencia-y-legislacion-de-espana\/","title":{"rendered":"Andr\u00e9s Rodr\u00edguez Benot, nuevo acad\u00e9mico correspondiente de la Real Academia de Jurisprudencia y Legislaci\u00f3n de Espa\u00f1a"},"content":{"rendered":"<figure id=\"attachment_30856723\" aria-describedby=\"caption-attachment-30856723\" style=\"width: 750px\" class=\"wp-caption aligncenter\"><a href=\"https:\/\/www.upo.es\/diario\/wp-content\/uploads\/2019\/05\/Rodriguez_Benot_Andres01.jpg\"><img loading=\"lazy\" decoding=\"async\" class=\"size-large wp-image-30856723\" src=\"https:\/\/www.upo.es\/diario\/wp-content\/uploads\/2019\/05\/Rodriguez_Benot_Andres01-750x500.jpg\" alt=\"\" width=\"750\" height=\"500\" srcset=\"https:\/\/www.upo.es\/diario\/wp-content\/uploads\/2019\/05\/Rodriguez_Benot_Andres01-750x500.jpg 750w, https:\/\/www.upo.es\/diario\/wp-content\/uploads\/2019\/05\/Rodriguez_Benot_Andres01-360x240.jpg 360w, https:\/\/www.upo.es\/diario\/wp-content\/uploads\/2019\/05\/Rodriguez_Benot_Andres01-768x512.jpg 768w, https:\/\/www.upo.es\/diario\/wp-content\/uploads\/2019\/05\/Rodriguez_Benot_Andres01-600x400.jpg 600w, https:\/\/www.upo.es\/diario\/wp-content\/uploads\/2019\/05\/Rodriguez_Benot_Andres01-165x109.jpg 165w\" sizes=\"auto, (max-width: 750px) 100vw, 750px\" \/><\/a><figcaption id=\"caption-attachment-30856723\" class=\"wp-caption-text\">El profesor Andr\u00e9s Rodr\u00edguez Benot.<\/figcaption><\/figure>\n<p>El catedr\u00e1tico de Derecho internacional privado de la Universidad Pablo de Olavide <strong>Andr\u00e9s Rodr\u00edguez Benot<\/strong>, ha ingresado recientemente como nuevo acad\u00e9mico correspondiente de la <strong>Real Academia de Jurisprudencia y Legislaci\u00f3n de Espa\u00f1a<\/strong>, con sede en Madrid.<\/p>\n<p>El citado profesor ha sido adscrito a la Secci\u00f3n de Derecho internacional privado, conformada por quince juristas de diversa procedencia profesional. La Academia, fundada en 1763 bajo el Reinado de Carlos III, tiene por objeto la investigaci\u00f3n y el cultivo del Derecho, as\u00ed como la contribuci\u00f3n al perfeccionamiento de la legislaci\u00f3n.<\/p>\n<p>El profesor Rodr\u00edguez Benot es asimismo numerario de la Real Academia Sevillana de Legislaci\u00f3n y Jurisprudencia, asesor de la Comisi\u00f3n Europea en materia de Derecho internacional privado y representante de Espa\u00f1a en el Comit\u00e9 de Derecho Civil del Consejo de la Uni\u00f3n Europea. Ha sido vicerrector de Relaciones Institucionales e Internacionales (2003-2007) y decano de la Facultad de Derecho de la Universidad Pablo de Olavide (2008-2015). Ha recibido asimismo la Cruz de la Orden del M\u00e9rito de la Guardia Civil con distintivo blanco y la Cruz Distinguida de Primera Clase de la Orden de San Raimundo de Pe\u00f1afort.<\/p>\n","protected":false},"excerpt":{"rendered":"<p>El catedr\u00e1tico de Derecho internacional privado de la Universidad Pablo de Olavide Andr\u00e9s Rodr\u00edguez Benot, ha ingresado recientemente como nuevo acad\u00e9mico correspondiente de la Real Academia de Jurisprudencia y Legislaci\u00f3n de Espa\u00f1a, con sede en Madrid.<\/p>\n","protected":false},"author":2,"featured_media":30856723,"comment_status":"closed","ping_status":"open","sticky":false,"template":"","format":"standard","meta":{"_monsterinsights_skip_tracking":false,"_monsterinsights_sitenote_active":false,"_monsterinsights_sitenote_note":"","_monsterinsights_sitenote_category":0,"footnotes":""},"categories":[5842],"tags":[1437,87,2627,2088,159],"class_list":["post-30856722","post","type-post","status-publish","format-standard","has-post-thumbnail","hentry","category-comunidad","tag-academico","tag-derecho","tag-jurisprudencia","tag-legislacion","tag-nombramiento"],"_links":{"self":[{"href":"https:\/\/www.upo.es\/diario\/wp-json\/wp\/v2\/posts\/30856722","targetHints":{"allow":["GET"]}}],"collection":[{"href":"https:\/\/www.upo.es\/diario\/wp-json\/wp\/v2\/posts"}],"about":[{"href":"https:\/\/www.upo.es\/diario\/wp-json\/wp\/v2\/types\/post"}],"author":[{"embeddable":true,"href":"https:\/\/www.upo.es\/diario\/wp-json\/wp\/v2\/users\/2"}],"replies":[{"embeddable":true,"href":"https:\/\/www.upo.es\/diario\/wp-json\/wp\/v2\/comments?post=30856722"}],"version-history":[{"count":1,"href":"https:\/\/www.upo.es\/diario\/wp-json\/wp\/v2\/posts\/30856722\/revisions"}],"predecessor-version":[{"id":30856724,"href":"https:\/\/www.upo.es\/diario\/wp-json\/wp\/v2\/posts\/30856722\/revisions\/30856724"}],"wp:featuredmedia":[{"embeddable":true,"href":"https:\/\/www.upo.es\/diario\/wp-json\/wp\/v2\/media\/30856723"}],"wp:attachment":[{"href":"https:\/\/www.upo.es\/diario\/wp-json\/wp\/v2\/media?parent=30856722"}],"wp:term":[{"taxonomy":"category","embeddable":true,"href":"https:\/\/www.upo.es\/diario\/wp-json\/wp\/v2\/categories?post=30856722"},{"taxonomy":"post_tag","embeddable":true,"href":"https:\/\/www.upo.es\/diario\/wp-json\/wp\/v2\/tags?post=30856722"}],"curies":[{"name":"wp","href":"https:\/\/api.w.org\/{rel}","templated":true}]}}