{"id":30856738,"date":"2019-05-23T07:05:02","date_gmt":"2019-05-23T04:05:02","guid":{"rendered":"https:\/\/www.upo.es\/diario\/?p=30856738"},"modified":"2019-05-27T12:56:36","modified_gmt":"2019-05-27T09:56:36","slug":"manana-comienza-en-la-upo-el-curso-de-iniciacion-a-la-gestion-de-la-investigacion","status":"publish","type":"post","link":"https:\/\/www.upo.es\/diario\/docencia-formacion\/2019\/05\/manana-comienza-en-la-upo-el-curso-de-iniciacion-a-la-gestion-de-la-investigacion\/","title":{"rendered":"Comienza en la UPO el &#8216;Curso de iniciaci\u00f3n a la gesti\u00f3n de la investigaci\u00f3n&#8217;"},"content":{"rendered":"<figure id=\"attachment_30856761\" aria-describedby=\"caption-attachment-30856761\" style=\"width: 750px\" class=\"wp-caption aligncenter\"><a href=\"https:\/\/www.upo.es\/diario\/wp-content\/uploads\/2019\/05\/Curso-Gest-Invest__2019_05_23_13.jpg\"><img loading=\"lazy\" decoding=\"async\" class=\"size-large wp-image-30856761\" src=\"https:\/\/www.upo.es\/diario\/wp-content\/uploads\/2019\/05\/Curso-Gest-Invest__2019_05_23_13-750x500.jpg\" alt=\"\" width=\"750\" height=\"500\" srcset=\"https:\/\/www.upo.es\/diario\/wp-content\/uploads\/2019\/05\/Curso-Gest-Invest__2019_05_23_13-750x500.jpg 750w, https:\/\/www.upo.es\/diario\/wp-content\/uploads\/2019\/05\/Curso-Gest-Invest__2019_05_23_13-360x240.jpg 360w, https:\/\/www.upo.es\/diario\/wp-content\/uploads\/2019\/05\/Curso-Gest-Invest__2019_05_23_13-768x512.jpg 768w, https:\/\/www.upo.es\/diario\/wp-content\/uploads\/2019\/05\/Curso-Gest-Invest__2019_05_23_13-600x400.jpg 600w, https:\/\/www.upo.es\/diario\/wp-content\/uploads\/2019\/05\/Curso-Gest-Invest__2019_05_23_13-165x109.jpg 165w\" sizes=\"auto, (max-width: 750px) 100vw, 750px\" \/><\/a><figcaption id=\"caption-attachment-30856761\" class=\"wp-caption-text\">Anabel Poveda, Vicente Guzm\u00e1n y Esperanza P\u00e9rez<\/figcaption><\/figure>\n<p><u><\/u>El rector <strong>Vicente Guzm\u00e1n Fluja<\/strong> ha inaugurado hoy el <strong>\u2018Curso de iniciaci\u00f3n a la gesti\u00f3n de la investigaci\u00f3n\u2019<\/strong>, un encuentro organizado por la UPO con la colaboraci\u00f3n de la Red de Unidades de Gesti\u00f3n de Investigaci\u00f3n (Red UGI). El rector ha estado acompa\u00f1ado por <strong>Esperanza P\u00e9rez Ma\u00f1as,<\/strong> directora del \u00c1rea de Investigaci\u00f3n de la UPO y vocal de la Red UGI, y por <strong>Anabel Poveda Barbero<\/strong>, directora del Servicio de Investigaci\u00f3n de la Universidad Aut\u00f3noma de Barcelona y coordinadora de dicha red.<\/p>\n<p>Este curso, en el que participa personal de administraci\u00f3n y servicios procedente de 28 universidades espa\u00f1olas, est\u00e1 orientado a personas que dispongan de menor experiencia y\/o de nuevo ingreso en los servicios de gesti\u00f3n de investigaci\u00f3n de las universidades. Adem\u00e1s, completa la formaci\u00f3n general del personal especializado en las distintas \u00e1reas de la gesti\u00f3n de la investigaci\u00f3n.<\/p>\n<p>As\u00ed, se abordar\u00e1n aspectos como los instrumentos de financiaci\u00f3n; formaci\u00f3n, contrataci\u00f3n y movilidad del personal investigador; ejecuci\u00f3n, seguimiento y justificaci\u00f3n de las ayudas de investigaci\u00f3n, transferencia y protecci\u00f3n de resultados o gesti\u00f3n de patentes y spin-off, entre otros.<\/p>\n<p>El curso ser\u00e1 clausurado por Fernando Contreras Ib\u00e1\u00f1ez, gerente de la Universidad Pablo de Olavide, ma\u00f1ana viernes 24 de mayo a las 13:30 horas.<\/p>\n<p>La <strong>Red de Unidades de Gesti\u00f3n de la Investigaci\u00f3n<\/strong> agrupa pr\u00e1cticamente a la totalidad de las universidades espa\u00f1olas. Se constituy\u00f3 en 2006, en el seno de la CRUE, con los objetivos de fomentar la profesionalidad de las unidades de gesti\u00f3n de la investigaci\u00f3n, la promoci\u00f3n e implantaci\u00f3n de sistemas de calidad, la promoci\u00f3n de una oferta permanente de formaci\u00f3n, el intercambio de buenas pr\u00e1cticas de gesti\u00f3n y la colaboraci\u00f3n con los distintos \u00f3rganos financiadores.<\/p>\n<p><strong>M\u00e1s informaci\u00f3n:<\/strong><\/p>\n<p><a href=\"https:\/\/www.upo.es\/cursos\/iniciacion-gestion-investigacion\/\">\u2018Curso de iniciaci\u00f3n a la gesti\u00f3n de la investigaci\u00f3n\u2019<\/a><\/p>\n","protected":false},"excerpt":{"rendered":"<p>El rector Vicente Guzm\u00e1n Fluja ha inaugurado hoy el \u2018Curso de iniciaci\u00f3n a la gesti\u00f3n de la investigaci\u00f3n\u2019, un encuentro organizado por la UPO con la colaboraci\u00f3n de la Red de Unidades de Gesti\u00f3n de Investigaci\u00f3n (Red UGI). El rector ha estado acompa\u00f1ado por Esperanza P\u00e9rez Ma\u00f1as, directora del \u00c1rea de Investigaci\u00f3n de la UPO y vocal de la Red UGI, y por Anabel Poveda Barbero, directora del Servicio de Investigaci\u00f3n de la Universidad Aut\u00f3noma de Barcelona y coordinadora de dicha red.<\/p>\n","protected":false},"author":2,"featured_media":30856761,"comment_status":"closed","ping_status":"open","sticky":false,"template":"","format":"standard","meta":{"_monsterinsights_skip_tracking":false,"_monsterinsights_sitenote_active":false,"_monsterinsights_sitenote_note":"","_monsterinsights_sitenote_category":0,"footnotes":""},"categories":[2779],"tags":[4124,141,509,1410,56,682,6031,39],"class_list":["post-30856738","post","type-post","status-publish","format-standard","has-post-thumbnail","hentry","category-docencia-formacion","tag-crue-universidades-espanolas","tag-curso","tag-formacion","tag-gestion","tag-investigacion","tag-pas","tag-personal-de-administracion-y-servicios","tag-universidades"],"_links":{"self":[{"href":"https:\/\/www.upo.es\/diario\/wp-json\/wp\/v2\/posts\/30856738","targetHints":{"allow":["GET"]}}],"collection":[{"href":"https:\/\/www.upo.es\/diario\/wp-json\/wp\/v2\/posts"}],"about":[{"href":"https:\/\/www.upo.es\/diario\/wp-json\/wp\/v2\/types\/post"}],"author":[{"embeddable":true,"href":"https:\/\/www.upo.es\/diario\/wp-json\/wp\/v2\/users\/2"}],"replies":[{"embeddable":true,"href":"https:\/\/www.upo.es\/diario\/wp-json\/wp\/v2\/comments?post=30856738"}],"version-history":[{"count":6,"href":"https:\/\/www.upo.es\/diario\/wp-json\/wp\/v2\/posts\/30856738\/revisions"}],"predecessor-version":[{"id":30856762,"href":"https:\/\/www.upo.es\/diario\/wp-json\/wp\/v2\/posts\/30856738\/revisions\/30856762"}],"wp:featuredmedia":[{"embeddable":true,"href":"https:\/\/www.upo.es\/diario\/wp-json\/wp\/v2\/media\/30856761"}],"wp:attachment":[{"href":"https:\/\/www.upo.es\/diario\/wp-json\/wp\/v2\/media?parent=30856738"}],"wp:term":[{"taxonomy":"category","embeddable":true,"href":"https:\/\/www.upo.es\/diario\/wp-json\/wp\/v2\/categories?post=30856738"},{"taxonomy":"post_tag","embeddable":true,"href":"https:\/\/www.upo.es\/diario\/wp-json\/wp\/v2\/tags?post=30856738"}],"curies":[{"name":"wp","href":"https:\/\/api.w.org\/{rel}","templated":true}]}}