{"id":30856769,"date":"2019-05-23T02:49:05","date_gmt":"2019-05-22T23:49:05","guid":{"rendered":"https:\/\/www.upo.es\/diario\/?p=30856769"},"modified":"2019-05-23T14:52:35","modified_gmt":"2019-05-23T11:52:35","slug":"la-historia-de-las-mujeres-en-america-latina-tema-de-unas-jornadas-en-la-casa-de-la-provincia","status":"publish","type":"post","link":"https:\/\/www.upo.es\/diario\/docencia-formacion\/2019\/05\/la-historia-de-las-mujeres-en-america-latina-tema-de-unas-jornadas-en-la-casa-de-la-provincia\/","title":{"rendered":"La historia de las mujeres en Am\u00e9rica Latina, tema de unas jornadas en la Casa de la Provincia"},"content":{"rendered":"<p><a href=\"https:\/\/www.upo.es\/diario\/wp-content\/uploads\/2019\/05\/Cartel-Conversatorio-Mujeres-Hist-America.jpeg\"><img loading=\"lazy\" decoding=\"async\" class=\"alignright size-medium wp-image-30856770\" src=\"https:\/\/www.upo.es\/diario\/wp-content\/uploads\/2019\/05\/Cartel-Conversatorio-Mujeres-Hist-America-270x360.jpeg\" alt=\"las jornadas \u2018Historia de las mujeres en Am\u00e9rica Latina\u2019\" width=\"270\" height=\"360\" srcset=\"https:\/\/www.upo.es\/diario\/wp-content\/uploads\/2019\/05\/Cartel-Conversatorio-Mujeres-Hist-America-270x360.jpeg 270w, https:\/\/www.upo.es\/diario\/wp-content\/uploads\/2019\/05\/Cartel-Conversatorio-Mujeres-Hist-America-768x1024.jpeg 768w, https:\/\/www.upo.es\/diario\/wp-content\/uploads\/2019\/05\/Cartel-Conversatorio-Mujeres-Hist-America-563x750.jpeg 563w, https:\/\/www.upo.es\/diario\/wp-content\/uploads\/2019\/05\/Cartel-Conversatorio-Mujeres-Hist-America-600x800.jpeg 600w, https:\/\/www.upo.es\/diario\/wp-content\/uploads\/2019\/05\/Cartel-Conversatorio-Mujeres-Hist-America.jpeg 1200w\" sizes=\"auto, (max-width: 270px) 100vw, 270px\" \/><\/a>Investigadoras provenientes de universidades suramericanas y espa\u00f1olas intervendr\u00e1n, desde las 17 horas de hoy jueves 23 de mayo en la Casa de la Provincia de Sevilla (Plaza del Triunfo, 1), en las jornadas \u2018Historia de las mujeres en Am\u00e9rica Latina\u2019.<\/p>\n<p>Organizado por el \u00c1rea de Historia de Am\u00e9rica de la Universidad Pablo de Olavide, el programa gira en torno a sesiones de media hora de duraci\u00f3n en las que las investigadoras expondr\u00e1n diferentes contextos y facetas de la historia de las mujeres en Am\u00e9rica Latina, tanto colectivos como individuales, desde la edad moderna a nuestros d\u00edas. De este modo, ser\u00e1n expuestas comunicaciones sobre \u2018Las mujeres de la \u00e9lite de Nueva Espa\u00f1a en el S. XVIII\u2019; \u2018El camino de la libertad trazado por mujeres: esclavas y abolici\u00f3n en la Cartagena republicana\u2019; \u2018Mujeres espa\u00f1olas migrantes al Brasil\u2019; o \u2018Sor Juana In\u00e9s. Una mujer adelantada a su tiempo\u2019.<\/p>\n<p>Las jornadas continuar\u00e1n ma\u00f1ana viernes, tambi\u00e9n desde las 17 horas, con temas como \u2018Poder, linajes y reclamos: las cacicas del Norte del Per\u00fa\u2019; \u2018La mujer en el mundo moche\u2019; \u2018El exilio de intelectuales republicanas de la Generaci\u00f3n del 27 en Am\u00e9rica\u2019; o \u2018Interior de un convento en Nueva Espa\u00f1a. Una historia de mujeres y poder\u2019.<\/p>\n<p>El programa de \u2018Historia de las mujeres en Am\u00e9rica Latina\u2019 forma parte de las actividades formativas del <a href=\"http:\/\/www.upo.es\/postgrado\/Doctorado-Historia-y-Estudios-Humanisticos-Europa-America-Arte-y-Lenguas\">Doctorado en Historia y Estudios Human\u00edsticos: Europa, Am\u00e9rica, Arte y Lenguas<\/a> de la UPO.<\/p>\n","protected":false},"excerpt":{"rendered":"<p>Organizado por el \u00c1rea de Historia de Am\u00e9rica de la Universidad Pablo de Olavide, el programa gira en torno a sesiones de media hora de duraci\u00f3n en las que las investigadoras expondr\u00e1n diferentes contextos y facetas de la historia de las mujeres en Am\u00e9rica Latina, tanto colectivos como individuales, desde la edad moderna a nuestros d\u00edas.<\/p>\n","protected":false},"author":6,"featured_media":30856770,"comment_status":"closed","ping_status":"open","sticky":false,"template":"","format":"standard","meta":{"_monsterinsights_skip_tracking":false,"_monsterinsights_sitenote_active":false,"_monsterinsights_sitenote_note":"","_monsterinsights_sitenote_category":0,"footnotes":""},"categories":[2779],"tags":[4484,2556,973,150,132,84],"class_list":["post-30856769","post","type-post","status-publish","format-standard","has-post-thumbnail","hentry","category-docencia-formacion","tag-area-de-historia-de-america","tag-casa-de-la-provincia","tag-doctorado","tag-historia","tag-humanidades","tag-jornadas"],"_links":{"self":[{"href":"https:\/\/www.upo.es\/diario\/wp-json\/wp\/v2\/posts\/30856769","targetHints":{"allow":["GET"]}}],"collection":[{"href":"https:\/\/www.upo.es\/diario\/wp-json\/wp\/v2\/posts"}],"about":[{"href":"https:\/\/www.upo.es\/diario\/wp-json\/wp\/v2\/types\/post"}],"author":[{"embeddable":true,"href":"https:\/\/www.upo.es\/diario\/wp-json\/wp\/v2\/users\/6"}],"replies":[{"embeddable":true,"href":"https:\/\/www.upo.es\/diario\/wp-json\/wp\/v2\/comments?post=30856769"}],"version-history":[{"count":1,"href":"https:\/\/www.upo.es\/diario\/wp-json\/wp\/v2\/posts\/30856769\/revisions"}],"predecessor-version":[{"id":30856771,"href":"https:\/\/www.upo.es\/diario\/wp-json\/wp\/v2\/posts\/30856769\/revisions\/30856771"}],"wp:featuredmedia":[{"embeddable":true,"href":"https:\/\/www.upo.es\/diario\/wp-json\/wp\/v2\/media\/30856770"}],"wp:attachment":[{"href":"https:\/\/www.upo.es\/diario\/wp-json\/wp\/v2\/media?parent=30856769"}],"wp:term":[{"taxonomy":"category","embeddable":true,"href":"https:\/\/www.upo.es\/diario\/wp-json\/wp\/v2\/categories?post=30856769"},{"taxonomy":"post_tag","embeddable":true,"href":"https:\/\/www.upo.es\/diario\/wp-json\/wp\/v2\/tags?post=30856769"}],"curies":[{"name":"wp","href":"https:\/\/api.w.org\/{rel}","templated":true}]}}