{"id":30856791,"date":"2019-04-05T12:11:28","date_gmt":"2019-04-05T09:11:28","guid":{"rendered":"https:\/\/www.upo.es\/diario\/?p=30856791"},"modified":"2019-05-27T11:20:23","modified_gmt":"2019-05-27T08:20:23","slug":"habitar-la-danza-el-espacio-de-la-composicion","status":"publish","type":"post","link":"https:\/\/www.upo.es\/diario\/video\/2019\/04\/habitar-la-danza-el-espacio-de-la-composicion\/","title":{"rendered":"Habitar la Danza. El espacio de la Composici\u00f3n"},"content":{"rendered":"<p><iframe loading=\"lazy\" src=\"https:\/\/www.youtube.com\/embed\/T8GyPZ4b6fk\" width=\"720\" height=\"405\" frameborder=\"0\" allowfullscreen=\"allowfullscreen\"><span data-mce-type=\"bookmark\" style=\"display: inline-block; width: 0px; overflow: hidden; line-height: 0;\" class=\"mce_SELRES_start\">\ufeff<\/span><\/iframe><\/p>\n<p><a href=\"https:\/\/www.upo.es\/diario\/comunidad\/2019\/04\/manana-comienza-en-la-upo-un-taller-de-coreografia-impartido-por-gabriel-arango\/\">Taller de coreograf\u00eda impartido por Gabriel Arango<\/a> en la Universidad Pablo de Olavide a trav\u00e9s de su Servicio de Extensi\u00f3n Cultural.<\/p>\n<p><strong>Gabriel Arango<\/strong>\u00a0es licenciado en Composici\u00f3n Coreogr\u00e1fica por la Universidad Nacional de las Artes (Buenos Aires). Director, core\u00f3grafo y bailar\u00edn, ha estrenado 18 obras de danza en compa\u00f1\u00edas que han viajado por Estados Unidos, Espa\u00f1a, Costa Rica, Rep\u00fablica Dominicana, Ecuador, Argentina, Uruguay, Italia, Portugal y diferentes pa\u00edses de \u00c1frica. Como docente, ha publicado cuatro libros sobre danza, el \u00faltimo de ellos \u2018Habitar la Danza, el espacio de la composici\u00f3n\u2019 (2018).<\/p>\n","protected":false},"excerpt":{"rendered":"<p>Taller de coreograf\u00eda impartido por Gabriel Arango en la Universidad Pablo de Olavide a trav\u00e9s de su Servicio de Extensi\u00f3n Cultural.<\/p>\n","protected":false},"author":6,"featured_media":30856832,"comment_status":"closed","ping_status":"open","sticky":false,"template":"","format":"video","meta":{"_monsterinsights_skip_tracking":false,"_monsterinsights_sitenote_active":false,"_monsterinsights_sitenote_note":"","_monsterinsights_sitenote_category":0,"footnotes":""},"categories":[6038],"tags":[6040,571,75,279],"class_list":["post-30856791","post","type-post","status-publish","format-video","has-post-thumbnail","hentry","category-video","tag-coreografia","tag-danza","tag-extension-cultural","tag-taller","post_format-post-format-video"],"_links":{"self":[{"href":"https:\/\/www.upo.es\/diario\/wp-json\/wp\/v2\/posts\/30856791","targetHints":{"allow":["GET"]}}],"collection":[{"href":"https:\/\/www.upo.es\/diario\/wp-json\/wp\/v2\/posts"}],"about":[{"href":"https:\/\/www.upo.es\/diario\/wp-json\/wp\/v2\/types\/post"}],"author":[{"embeddable":true,"href":"https:\/\/www.upo.es\/diario\/wp-json\/wp\/v2\/users\/6"}],"replies":[{"embeddable":true,"href":"https:\/\/www.upo.es\/diario\/wp-json\/wp\/v2\/comments?post=30856791"}],"version-history":[{"count":1,"href":"https:\/\/www.upo.es\/diario\/wp-json\/wp\/v2\/posts\/30856791\/revisions"}],"predecessor-version":[{"id":30856792,"href":"https:\/\/www.upo.es\/diario\/wp-json\/wp\/v2\/posts\/30856791\/revisions\/30856792"}],"wp:featuredmedia":[{"embeddable":true,"href":"https:\/\/www.upo.es\/diario\/wp-json\/wp\/v2\/media\/30856832"}],"wp:attachment":[{"href":"https:\/\/www.upo.es\/diario\/wp-json\/wp\/v2\/media?parent=30856791"}],"wp:term":[{"taxonomy":"category","embeddable":true,"href":"https:\/\/www.upo.es\/diario\/wp-json\/wp\/v2\/categories?post=30856791"},{"taxonomy":"post_tag","embeddable":true,"href":"https:\/\/www.upo.es\/diario\/wp-json\/wp\/v2\/tags?post=30856791"}],"curies":[{"name":"wp","href":"https:\/\/api.w.org\/{rel}","templated":true}]}}