{"id":30856839,"date":"2019-05-24T00:35:25","date_gmt":"2019-05-23T21:35:25","guid":{"rendered":"https:\/\/www.upo.es\/diario\/?p=30856839"},"modified":"2019-05-27T13:43:12","modified_gmt":"2019-05-27T10:43:12","slug":"seminario-sobre-emprendimiento-en-la-musica-independiente","status":"publish","type":"post","link":"https:\/\/www.upo.es\/diario\/video\/2019\/05\/seminario-sobre-emprendimiento-en-la-musica-independiente\/","title":{"rendered":"Seminario sobre emprendimiento en la m\u00fasica independiente"},"content":{"rendered":"<p><iframe loading=\"lazy\" src=\"https:\/\/www.youtube.com\/embed\/tC-tqci8Kjw\" width=\"720\" height=\"405\" frameborder=\"0\" allowfullscreen=\"allowfullscreen\"><span data-mce-type=\"bookmark\" style=\"display: inline-block; width: 0px; overflow: hidden; line-height: 0;\" class=\"mce_SELRES_start\">\ufeff<\/span><\/iframe><\/p>\n<p>El m\u00fasico, productor y empresario musical\u00a0<strong>Esteban Ruiz S\u00e1nchez <\/strong>ha impartido en la Universidad Pablo de Olavide el <a href=\"https:\/\/eventos.upo.es\/34680\/detail\/seminario-emprendimiento-en-la-musica-independiente-y-autogestion-del-talento.html\"><strong>seminario \u2018Emprendimiento en la m\u00fasica independiente y autogesti\u00f3n del talento\u2019<\/strong><\/a>, un espacio que pretende acercar el conocimiento y la informaci\u00f3n a j\u00f3venes talentos musicales y a cualquier persona con intereses en la gesti\u00f3n expl\u00edcitamente dedicada a la m\u00fasica.<\/p>\n","protected":false},"excerpt":{"rendered":"<p>El m\u00fasico, productor y empresario musical\u00a0Esteban Ruiz S\u00e1nchez ha impartido en la Universidad Pablo de Olavide el seminario \u2018Emprendimiento en la m\u00fasica independiente y autogesti\u00f3n del talento\u2019, un espacio que pretende acercar el conocimiento y la informaci\u00f3n a j\u00f3venes talentos musicales y a cualquier persona con intereses en la gesti\u00f3n expl\u00edcitamente dedicada a la m\u00fasica.<\/p>\n","protected":false},"author":6,"featured_media":30856840,"comment_status":"closed","ping_status":"open","sticky":false,"template":"","format":"video","meta":{"_monsterinsights_skip_tracking":false,"_monsterinsights_sitenote_active":false,"_monsterinsights_sitenote_note":"","_monsterinsights_sitenote_category":0,"footnotes":""},"categories":[6038],"tags":[689,402,78,3746,5773],"class_list":["post-30856839","post","type-post","status-publish","format-video","has-post-thumbnail","hentry","category-video","tag-emprendimiento","tag-musica","tag-seminario","tag-servicio-de-extension-cultural","tag-talento","post_format-post-format-video"],"_links":{"self":[{"href":"https:\/\/www.upo.es\/diario\/wp-json\/wp\/v2\/posts\/30856839","targetHints":{"allow":["GET"]}}],"collection":[{"href":"https:\/\/www.upo.es\/diario\/wp-json\/wp\/v2\/posts"}],"about":[{"href":"https:\/\/www.upo.es\/diario\/wp-json\/wp\/v2\/types\/post"}],"author":[{"embeddable":true,"href":"https:\/\/www.upo.es\/diario\/wp-json\/wp\/v2\/users\/6"}],"replies":[{"embeddable":true,"href":"https:\/\/www.upo.es\/diario\/wp-json\/wp\/v2\/comments?post=30856839"}],"version-history":[{"count":1,"href":"https:\/\/www.upo.es\/diario\/wp-json\/wp\/v2\/posts\/30856839\/revisions"}],"predecessor-version":[{"id":30856841,"href":"https:\/\/www.upo.es\/diario\/wp-json\/wp\/v2\/posts\/30856839\/revisions\/30856841"}],"wp:featuredmedia":[{"embeddable":true,"href":"https:\/\/www.upo.es\/diario\/wp-json\/wp\/v2\/media\/30856840"}],"wp:attachment":[{"href":"https:\/\/www.upo.es\/diario\/wp-json\/wp\/v2\/media?parent=30856839"}],"wp:term":[{"taxonomy":"category","embeddable":true,"href":"https:\/\/www.upo.es\/diario\/wp-json\/wp\/v2\/categories?post=30856839"},{"taxonomy":"post_tag","embeddable":true,"href":"https:\/\/www.upo.es\/diario\/wp-json\/wp\/v2\/tags?post=30856839"}],"curies":[{"name":"wp","href":"https:\/\/api.w.org\/{rel}","templated":true}]}}