{"id":30856855,"date":"2019-05-27T12:05:10","date_gmt":"2019-05-27T09:05:10","guid":{"rendered":"https:\/\/www.upo.es\/diario\/?p=30856855"},"modified":"2019-05-28T12:23:34","modified_gmt":"2019-05-28T09:23:34","slug":"ceremonia-de-graduacion-de-ingenieria-informatica-en-sistemas-de-informacion-de-la-upo-2","status":"publish","type":"post","link":"https:\/\/www.upo.es\/diario\/comunidad\/2019\/05\/ceremonia-de-graduacion-de-ingenieria-informatica-en-sistemas-de-informacion-de-la-upo-2\/","title":{"rendered":"Ceremonia de graduaci\u00f3n de Ingenier\u00eda Inform\u00e1tica en Sistemas de Informaci\u00f3n de la UPO"},"content":{"rendered":"<p><a href=\"https:\/\/www.upo.es\/diario\/wp-content\/uploads\/2019\/05\/DSC0446.jpg\"><img loading=\"lazy\" decoding=\"async\" class=\"aligncenter size-large wp-image-30856856\" src=\"https:\/\/www.upo.es\/diario\/wp-content\/uploads\/2019\/05\/DSC0446-750x547.jpg\" alt=\"\" width=\"750\" height=\"547\" srcset=\"https:\/\/www.upo.es\/diario\/wp-content\/uploads\/2019\/05\/DSC0446-750x547.jpg 750w, https:\/\/www.upo.es\/diario\/wp-content\/uploads\/2019\/05\/DSC0446-360x263.jpg 360w, https:\/\/www.upo.es\/diario\/wp-content\/uploads\/2019\/05\/DSC0446-768x560.jpg 768w, https:\/\/www.upo.es\/diario\/wp-content\/uploads\/2019\/05\/DSC0446-600x438.jpg 600w, https:\/\/www.upo.es\/diario\/wp-content\/uploads\/2019\/05\/DSC0446-1512x1100.jpg 1512w\" sizes=\"auto, (max-width: 750px) 100vw, 750px\" \/><\/a>La ceremonia de graduaci\u00f3n de la promoci\u00f3n 2015-2019 del <strong>Grado en Ingenier\u00eda Inform\u00e1tica en Sistemas de Informaci\u00f3n<\/strong> se celebr\u00f3 el viernes 24 de mayo en el Paraninfo de la Universidad Pablo de Olavide, presidida por el subdirector de la Escuela Polit\u00e9cnica Superior, <strong>Carlos David Barranco Gonz\u00e1lez<\/strong>.<\/p>\n<p>El padrino de la promoci\u00f3n fue el coronel de Artiller\u00eda <strong>Jos\u00e9 Antonio Qu\u00edlez Lahor<\/strong>, jefe de secci\u00f3n de Sistemas de Informaci\u00f3n y Telecomunicaci\u00f3n. A la ceremonia tambi\u00e9n asistieron <strong>Manuel B\u00e9jar Dom\u00ednguez<\/strong>, subdirector de Calidad y Planificaci\u00f3n de la Escuela Polit\u00e9cnica Superior de la UPO; <strong>Domingo Savio Rodr\u00edguez Baena, <\/strong>secretario acad\u00e9mico de la Escuela;\u00a0 <strong>Mar\u00eda Pilar Moreno Navarro<\/strong>, directora acad\u00e9mica del Grado en Ingenier\u00eda Inform\u00e1tica en Sistemas de Informaci\u00f3n y <strong>Ra\u00fal Gir\u00e1ldez Rojo<\/strong>, delegado del Rector para la Calidad.<\/p>\n<p><strong>Pedro Zamorano Camacho <\/strong>fue el encargado de pronunciar el discurso en representaci\u00f3n del alumnado egresado. Un total de 13 egresados y egresadas han asistido, junto a sus familiares, a este acto con el que la Universidad Pablo de Olavide recupera una antigua tradici\u00f3n de las universidades europeas.<\/p>\n","protected":false},"excerpt":{"rendered":"<p>La ceremonia de graduaci\u00f3n de la promoci\u00f3n 2015-2019 del Grado en Ingenier\u00eda Inform\u00e1tica en Sistemas de Informaci\u00f3n se celebr\u00f3 el viernes 24 de mayo en el Paraninfo de la Universidad Pablo de Olavide, presidida por el subdirector de la Escuela Polit\u00e9cnica Superior, Carlos David Barranco Gonz\u00e1lez. El padrino de la promoci\u00f3n fue el coronel de Artiller\u00eda Jos\u00e9 Antonio Qu\u00edlez Lahor,<a class=\"read-more\" href=\"https:\/\/www.upo.es\/diario\/comunidad\/2019\/05\/ceremonia-de-graduacion-de-ingenieria-informatica-en-sistemas-de-informacion-de-la-upo-2\/\">[Read More&#8230;]<\/a><\/p>\n","protected":false},"author":4,"featured_media":30856856,"comment_status":"closed","ping_status":"open","sticky":false,"template":"","format":"standard","meta":{"_monsterinsights_skip_tracking":false,"_monsterinsights_sitenote_active":false,"_monsterinsights_sitenote_note":"","_monsterinsights_sitenote_category":0,"footnotes":""},"categories":[5842],"tags":[581,152,2479],"class_list":["post-30856855","post","type-post","status-publish","format-standard","has-post-thumbnail","hentry","category-comunidad","tag-ceremonia-de-egresados","tag-escuela-politecnica-superior","tag-grado-en-ingenieria-informatica-en-sistemas-de-informacion"],"_links":{"self":[{"href":"https:\/\/www.upo.es\/diario\/wp-json\/wp\/v2\/posts\/30856855","targetHints":{"allow":["GET"]}}],"collection":[{"href":"https:\/\/www.upo.es\/diario\/wp-json\/wp\/v2\/posts"}],"about":[{"href":"https:\/\/www.upo.es\/diario\/wp-json\/wp\/v2\/types\/post"}],"author":[{"embeddable":true,"href":"https:\/\/www.upo.es\/diario\/wp-json\/wp\/v2\/users\/4"}],"replies":[{"embeddable":true,"href":"https:\/\/www.upo.es\/diario\/wp-json\/wp\/v2\/comments?post=30856855"}],"version-history":[{"count":3,"href":"https:\/\/www.upo.es\/diario\/wp-json\/wp\/v2\/posts\/30856855\/revisions"}],"predecessor-version":[{"id":30856859,"href":"https:\/\/www.upo.es\/diario\/wp-json\/wp\/v2\/posts\/30856855\/revisions\/30856859"}],"wp:featuredmedia":[{"embeddable":true,"href":"https:\/\/www.upo.es\/diario\/wp-json\/wp\/v2\/media\/30856856"}],"wp:attachment":[{"href":"https:\/\/www.upo.es\/diario\/wp-json\/wp\/v2\/media?parent=30856855"}],"wp:term":[{"taxonomy":"category","embeddable":true,"href":"https:\/\/www.upo.es\/diario\/wp-json\/wp\/v2\/categories?post=30856855"},{"taxonomy":"post_tag","embeddable":true,"href":"https:\/\/www.upo.es\/diario\/wp-json\/wp\/v2\/tags?post=30856855"}],"curies":[{"name":"wp","href":"https:\/\/api.w.org\/{rel}","templated":true}]}}