{"id":30856919,"date":"2019-05-30T14:55:49","date_gmt":"2019-05-30T11:55:49","guid":{"rendered":"https:\/\/www.upo.es\/diario\/?p=30856919"},"modified":"2019-06-04T13:56:02","modified_gmt":"2019-06-04T10:56:02","slug":"la-universidad-pablo-de-olavide-recibe-a-mas-de-1000-estudiantes-que-se-examinaran-de-la-pevau-en-su-campus","status":"publish","type":"post","link":"https:\/\/www.upo.es\/diario\/institucional\/2019\/05\/la-universidad-pablo-de-olavide-recibe-a-mas-de-1000-estudiantes-que-se-examinaran-de-la-pevau-en-su-campus\/","title":{"rendered":"La Universidad Pablo de Olavide recibe a m\u00e1s de 1000 estudiantes que se examinar\u00e1n de la PEvAU en su campus"},"content":{"rendered":"<figure id=\"attachment_30856921\" aria-describedby=\"caption-attachment-30856921\" style=\"width: 750px\" class=\"wp-caption aligncenter\"><a href=\"https:\/\/www.upo.es\/diario\/wp-content\/uploads\/2019\/05\/Jorn-Orientacion-PEVAU_20190530.jpg\"><img loading=\"lazy\" decoding=\"async\" class=\"size-large wp-image-30856921\" src=\"https:\/\/www.upo.es\/diario\/wp-content\/uploads\/2019\/05\/Jorn-Orientacion-PEVAU_20190530-750x500.jpg\" alt=\"\" width=\"750\" height=\"500\" srcset=\"https:\/\/www.upo.es\/diario\/wp-content\/uploads\/2019\/05\/Jorn-Orientacion-PEVAU_20190530-750x500.jpg 750w, https:\/\/www.upo.es\/diario\/wp-content\/uploads\/2019\/05\/Jorn-Orientacion-PEVAU_20190530-360x240.jpg 360w, https:\/\/www.upo.es\/diario\/wp-content\/uploads\/2019\/05\/Jorn-Orientacion-PEVAU_20190530-768x512.jpg 768w, https:\/\/www.upo.es\/diario\/wp-content\/uploads\/2019\/05\/Jorn-Orientacion-PEVAU_20190530-600x400.jpg 600w, https:\/\/www.upo.es\/diario\/wp-content\/uploads\/2019\/05\/Jorn-Orientacion-PEVAU_20190530-165x109.jpg 165w\" sizes=\"auto, (max-width: 750px) 100vw, 750px\" \/><\/a><figcaption id=\"caption-attachment-30856921\" class=\"wp-caption-text\">Imagen de algunos de los estudiantes que han participado en las jornadas.<\/figcaption><\/figure>\n<p>La Universidad Pablo de Olavide ha recibido esta ma\u00f1ana en el Paraninfo a m\u00e1s de 1000 estudiantes de 31 centros de Secundaria de Sevilla y su provincia que realizar\u00e1n la PEvAU (Prueba de Evaluaci\u00f3n de Bachillerato para el Acceso a la Universidad) en su campus los d\u00edas 11, 12 y 13 de junio. Estas <strong>Jornadas de Preparaci\u00f3n para el Acceso a la Universidad<\/strong> se celebran con el fin de favorecer el buen desarrollo de la PEvAU y de las Pruebas de Admisi\u00f3n, mediante el conocimiento del proceso de desarrollo de las mismas y de las instalaciones donde van a realizarse.<\/p>\n<p>El alumnado de estos centros educativos ha tenido una charla informativa sobre la PEvAU y el acceso a la universidad, impartida por Mercedes de la Torre Garc\u00eda, directora general de Acceso, Difusi\u00f3n y Captaci\u00f3n, y el personal del \u00c1rea de Gesti\u00f3n Administrativa de Asistencia al Estudiante de Grado, en la que ha sido informado sobre el proceso de las pruebas de acceso, consejos pr\u00e1cticos sobre su realizaci\u00f3n, el horario y ubicaci\u00f3n de las sedes, as\u00ed como el proceso de preinscripci\u00f3n universitaria. El personal de la UPO tambi\u00e9n les ha mostrado la oferta acad\u00e9mica de la Universidad Pablo de Olavide para el pr\u00f3ximo curso con el nuevo <strong>Grado en Relaciones Internacionales<\/strong> y los dobles grados en <strong>Geograf\u00eda e Historia y Relaciones Internacionales<\/strong>; <strong>Relaciones Internacionales y Derecho<\/strong>; <strong>Relaciones Internacionales y Ciencias Pol\u00edticas y de la Administraci\u00f3n<\/strong>; y <strong>Traducci\u00f3n e Interpretaci\u00f3n (alem\u00e1n y franc\u00e9s) y Relaciones Internacionales<\/strong>.<\/p>\n<p>Adem\u00e1s, los j\u00f3venes han podido conocer con antelaci\u00f3n el lugar donde van a examinarse en el campus de la UPO, pues han sido acompa\u00f1ados por estudiantes de la propia universidad p\u00fablica sevillana, en una visita a las aulas de las distintas sedes de la prueba.<\/p>\n<p>Las Jornadas de Preparaci\u00f3n para la PEvAU est\u00e1n organizadas por el <strong>\u00c1rea de Gesti\u00f3n Administrativa de Asistencia al Estudiante de Grado<\/strong>, a trav\u00e9s de la <strong>Direcci\u00f3n General de Acceso, Difusi\u00f3n y Captaci\u00f3n<\/strong>, perteneciente al <strong>Vicerrectorado de Estudiantes<\/strong> de la Universidad Pablo de Olavide.<\/p>\n<p>Los 31 centros invitados a las jornadas son: C.D.P. Albaydar; C.D.P. Albero Durero; C.D.P. Antonio de Sol\u00eds; C.D.P. Centro de Estudios Sanitarios Dr. Ard\u00faan; C.D.P. Cesa Centro de Estudios Superiores Aljarafe; C.D.P. Cesur CAFD; C.D.P. EE.PP. de la Sagrada Familia &#8211; Ntra. Sra. de los Reyes; C.D.P. Ergos; C.D.P. Ergos Zambrano; C.D.P. Las Artes; C.D.P. Salesianos San Pedro; C.D.P. San Fernando \u2013 Maristas; I.E.S. Atenea; I.E.S. Camas; I.E.S. Carmen Laff\u00f3n; I.E.S. Chaves Nogales; I.E.S. El Molinillo; I.E.S. Joaqu\u00edn Turina; I.E.S. Juan de Mairena; I.E.S. Los \u00c1lamos; I.E.S. Mar\u00eda Galiana; I.E.S. Mariana de Pineda; I.E.S. Mateo Alem\u00e1n; I.E.S. Miguel de Cervantes; I.E.S. Pepe Ruiz Vela; I.E.S. Ram\u00f3n del Valle-Incl\u00e1n; I.E.S. Rodrigo Caro; I.E.S. Ruiz Gij\u00f3n; I.E.S. San Juan; I.E.S. Severo Ochoa e I.E.S. Vel\u00e1zquez.<\/p>\n<p><strong>GRADOS Y DOBLES GRADOS CURSO 2019\/20<\/strong><\/p>\n<p>La <strong>oferta acad\u00e9mica de la Universidad Pablo de Olavide <\/strong>para el pr\u00f3ximo curso 2019\/2020 incluye:<\/p>\n<ul>\n<li><strong>Grados:<\/strong> Humanidades; Traducci\u00f3n e Interpretaci\u00f3n (ingl\u00e9s, franc\u00e9s y alem\u00e1n); Geograf\u00eda e Historia; Derecho; Relaciones Laborales y Recursos Humanos; Ciencias Pol\u00edticas y de la Administraci\u00f3n; Administraci\u00f3n y Direcci\u00f3n de Empresas en espa\u00f1ol y en ingl\u00e9s; Finanzas y Contabilidad; Criminolog\u00eda; An\u00e1lisis Econ\u00f3mico; Trabajo Social; Educaci\u00f3n Social; Ciencias de la Actividad F\u00edsica y del Deporte; Sociolog\u00eda; Biotecnolog\u00eda; Ciencias Ambientales; Ingenier\u00eda Inform\u00e1tica en Sistemas de la Informaci\u00f3n; Nutrici\u00f3n Humana y Diet\u00e9tica; y Relaciones Internacionales.<\/li>\n<\/ul>\n<ul>\n<li><strong>Dobles Grados:<\/strong> Humanidades y Traducci\u00f3n e Interpretaci\u00f3n; Administraci\u00f3n y Direcci\u00f3n de Empresas y Derecho (en espa\u00f1ol y con ADE en ingl\u00e9s); Derecho y Finanzas y Contabilidad; Derecho y Ciencias Pol\u00edticas y de la Administraci\u00f3n; Derecho y Criminolog\u00eda; Derecho y Relaciones Laborales y Recursos Humanos; Ciencias Pol\u00edticas y de la Administraci\u00f3n y Sociolog\u00eda; Trabajo Social y Educaci\u00f3n Social; Trabajo Social y Sociolog\u00eda; Ciencias Ambientales y Geograf\u00eda e Historia; Ingenier\u00eda Agr\u00edcola (US) y Ciencias Ambientales (UPO); Geograf\u00eda e Historia y Relaciones Internacionales; Relaciones Internacionales y Derecho; Relaciones Internacionales y Ciencias Pol\u00edticas y de la Administraci\u00f3n; y Traducci\u00f3n e Interpretaci\u00f3n (alem\u00e1n y franc\u00e9s) y Relaciones Internacionales.<\/li>\n<\/ul>\n<ul>\n<li><strong>Doble Grado Internacional:<\/strong> Derecho y <em>Bachelor of Laws<\/em> por la Universidad de Bayreuth (Alemania) y la Universidad Pablo de Olavide.<\/li>\n<\/ul>\n<p>Por su parte, el <strong>centro adscrito de la UPO San Isidoro de Sevilla<\/strong> ofertar\u00e1:<\/p>\n<ul>\n<li>Grados: Fisioterapia; Administraci\u00f3n y Direcci\u00f3n de Empresas; Comunicaci\u00f3n; Ciencias de la Actividad F\u00edsica y del Deporte; Derecho; y Comunicaci\u00f3n Digital.<\/li>\n<\/ul>\n<ul>\n<li>Doble Grado: Comunicaci\u00f3n y Comunicaci\u00f3n Digital.<\/li>\n<\/ul>\n","protected":false},"excerpt":{"rendered":"<p>La Universidad Pablo de Olavide ha recibido esta ma\u00f1ana en el Paraninfo a m\u00e1s de 1000 estudiantes de 31 centros de Secundaria de Sevilla y su provincia que realizar\u00e1n la PEvAU (Prueba de Evaluaci\u00f3n de Bachillerato para el Acceso a la Universidad) en su campus los d\u00edas 11, 12 y 13 de junio. Estas Jornadas de Preparaci\u00f3n para el Acceso a la Universidad se celebran con el fin de favorecer el buen desarrollo de la PEvAU y de las Pruebas de Admisi\u00f3n, mediante el conocimiento del proceso de desarrollo de las mismas y de las instalaciones donde van a realizarse. <\/p>\n","protected":false},"author":2,"featured_media":30856921,"comment_status":"closed","ping_status":"open","sticky":false,"template":"","format":"standard","meta":{"_monsterinsights_skip_tracking":false,"_monsterinsights_sitenote_active":false,"_monsterinsights_sitenote_note":"","_monsterinsights_sitenote_category":0,"footnotes":""},"categories":[6],"tags":[4116,5160,107,2051,21,266,1779,4082,743],"class_list":["post-30856919","post","type-post","status-publish","format-standard","has-post-thumbnail","hentry","category-institucional","tag-admision","tag-area-de-gestion-administrativa-de-asistencia-al-estudiante-de-grado","tag-campus","tag-educacion-secundaria","tag-estudiantes","tag-grados","tag-mercedes-de-la-torre","tag-pevau","tag-preinscripcion"],"_links":{"self":[{"href":"https:\/\/www.upo.es\/diario\/wp-json\/wp\/v2\/posts\/30856919","targetHints":{"allow":["GET"]}}],"collection":[{"href":"https:\/\/www.upo.es\/diario\/wp-json\/wp\/v2\/posts"}],"about":[{"href":"https:\/\/www.upo.es\/diario\/wp-json\/wp\/v2\/types\/post"}],"author":[{"embeddable":true,"href":"https:\/\/www.upo.es\/diario\/wp-json\/wp\/v2\/users\/2"}],"replies":[{"embeddable":true,"href":"https:\/\/www.upo.es\/diario\/wp-json\/wp\/v2\/comments?post=30856919"}],"version-history":[{"count":1,"href":"https:\/\/www.upo.es\/diario\/wp-json\/wp\/v2\/posts\/30856919\/revisions"}],"predecessor-version":[{"id":30856922,"href":"https:\/\/www.upo.es\/diario\/wp-json\/wp\/v2\/posts\/30856919\/revisions\/30856922"}],"wp:featuredmedia":[{"embeddable":true,"href":"https:\/\/www.upo.es\/diario\/wp-json\/wp\/v2\/media\/30856921"}],"wp:attachment":[{"href":"https:\/\/www.upo.es\/diario\/wp-json\/wp\/v2\/media?parent=30856919"}],"wp:term":[{"taxonomy":"category","embeddable":true,"href":"https:\/\/www.upo.es\/diario\/wp-json\/wp\/v2\/categories?post=30856919"},{"taxonomy":"post_tag","embeddable":true,"href":"https:\/\/www.upo.es\/diario\/wp-json\/wp\/v2\/tags?post=30856919"}],"curies":[{"name":"wp","href":"https:\/\/api.w.org\/{rel}","templated":true}]}}