{"id":30856928,"date":"2019-05-29T22:40:02","date_gmt":"2019-05-29T19:40:02","guid":{"rendered":"https:\/\/www.upo.es\/diario\/?p=30856928"},"modified":"2019-05-31T16:41:49","modified_gmt":"2019-05-31T13:41:49","slug":"la-universidad-pablo-de-olavide-presenta-la-escuela-y-la-pequescuela-deportivas-de-verano-de-la-upo","status":"publish","type":"post","link":"https:\/\/www.upo.es\/diario\/comunidad\/2019\/05\/la-universidad-pablo-de-olavide-presenta-la-escuela-y-la-pequescuela-deportivas-de-verano-de-la-upo\/","title":{"rendered":"La Universidad Pablo de Olavide presenta la Escuela y la Pequescuela Deportivas de Verano de la UPO"},"content":{"rendered":"<figure id=\"attachment_30856929\" aria-describedby=\"caption-attachment-30856929\" style=\"width: 750px\" class=\"wp-caption aligncenter\"><a href=\"https:\/\/www.upo.es\/diario\/wp-content\/uploads\/2019\/05\/Presentaci\u00f3n-Escuela-de-Verano.jpg\"><img loading=\"lazy\" decoding=\"async\" class=\"size-large wp-image-30856929\" src=\"https:\/\/www.upo.es\/diario\/wp-content\/uploads\/2019\/05\/Presentaci\u00f3n-Escuela-de-Verano-750x500.jpg\" alt=\"Pedro Gonz\u00e1lez-Velasco, David Naranjo y Vera Escalas\" width=\"750\" height=\"500\" srcset=\"https:\/\/www.upo.es\/diario\/wp-content\/uploads\/2019\/05\/Presentaci\u00f3n-Escuela-de-Verano-750x500.jpg 750w, https:\/\/www.upo.es\/diario\/wp-content\/uploads\/2019\/05\/Presentaci\u00f3n-Escuela-de-Verano-360x240.jpg 360w, https:\/\/www.upo.es\/diario\/wp-content\/uploads\/2019\/05\/Presentaci\u00f3n-Escuela-de-Verano-768x512.jpg 768w, https:\/\/www.upo.es\/diario\/wp-content\/uploads\/2019\/05\/Presentaci\u00f3n-Escuela-de-Verano-600x400.jpg 600w, https:\/\/www.upo.es\/diario\/wp-content\/uploads\/2019\/05\/Presentaci\u00f3n-Escuela-de-Verano-165x109.jpg 165w\" sizes=\"auto, (max-width: 750px) 100vw, 750px\" \/><\/a><figcaption id=\"caption-attachment-30856929\" class=\"wp-caption-text\">Pedro Gonz\u00e1lez-Velasco, David Naranjo y Vera Escalas<\/figcaption><\/figure>\n<p>El Servicio de Deportes de la Universidad Pablo de Olavide ha presentado en la Sala de Prensa de la universidad la pr\u00f3xima edici\u00f3n de la<strong> Escuela y la Pequescuela Deportivas de Verano de la UPO, dirigida a ni\u00f1os de entre 3 y 12 a\u00f1os y que dar\u00e1 comienzo el pr\u00f3ximo 24 de junio<\/strong> para ayudar a la conciliaci\u00f3n de las familias que trabajan durante los meses de junio y julio, coincidiendo con las vacaciones de Educaci\u00f3n Infantil y Primaria.<\/p>\n<p>El acto ha estado presidido por el vicepresidente ejecutivo de la Fundaci\u00f3n UPO, <strong>David Naranjo<\/strong>; el coordinador general de la Fundaci\u00f3n, <strong>Pedro Gonz\u00e1lez-Velasco<\/strong> y la coordinadora del Servicio de Deporte, <strong>Vera Escalas<\/strong>. Durante la presentaci\u00f3n, se ha destacado la importancia de la escuela, que se viene desarrollando desde hace quince a\u00f1os y que ha contado con m\u00e1s de mil ni\u00f1os a lo largo de todas estas ediciones, favoreciendo de este modo la conciliaci\u00f3n de la vida familiar y laboral en el entorno universitario.<\/p>\n<p><a href=\"https:\/\/www.upo.es\/diario\/wp-content\/uploads\/2019\/05\/Cartel-Escuela-de-Verano-2019.jpg\"><img loading=\"lazy\" decoding=\"async\" class=\"alignright size-medium wp-image-30856930\" src=\"https:\/\/www.upo.es\/diario\/wp-content\/uploads\/2019\/05\/Cartel-Escuela-de-Verano-2019-255x360.jpg\" alt=\"Cartel de la Escuela de Verano 2019\" width=\"255\" height=\"360\" srcset=\"https:\/\/www.upo.es\/diario\/wp-content\/uploads\/2019\/05\/Cartel-Escuela-de-Verano-2019-255x360.jpg 255w, https:\/\/www.upo.es\/diario\/wp-content\/uploads\/2019\/05\/Cartel-Escuela-de-Verano-2019-768x1086.jpg 768w, https:\/\/www.upo.es\/diario\/wp-content\/uploads\/2019\/05\/Cartel-Escuela-de-Verano-2019-530x750.jpg 530w, https:\/\/www.upo.es\/diario\/wp-content\/uploads\/2019\/05\/Cartel-Escuela-de-Verano-2019-600x848.jpg 600w, https:\/\/www.upo.es\/diario\/wp-content\/uploads\/2019\/05\/Cartel-Escuela-de-Verano-2019.jpg 1191w\" sizes=\"auto, (max-width: 255px) 100vw, 255px\" \/><\/a>Este a\u00f1o la tem\u00e1tica elegida ha sido<strong> \u2018El circo y el deporte\u2019 y<\/strong> bajo este paraguas se desarrollar\u00e1n diferentes actividades a lo largo de las seis semanas de este programa dentro de un marco ludomotriz y de potenciaci\u00f3n de los valores sociales. Todas las actividades (rugby, b\u00e9isbol, hockey, pintacaras, malabares, expresi\u00f3n corporal, zoodromo, etc\u2026) se desarrollar\u00e1n \u00edntegramente en el campus de la Olavide.<\/p>\n<p>El horario de la Escuela y Pequescuela ser\u00e1 de 9.00 a 14.00 horas de lunes a viernes y adem\u00e1s se ofrece un servicio de aula matinal de 8.30 a 9.00 y una ludoteca de 14.00 a 15.00 horas, de esta manera se facilita a los padres el cumplimiento de la jornada laboral. En todo momento los m\u00e1s peque\u00f1os estar\u00e1n atendidos por profesionales del \u00e1mbito de la educaci\u00f3n y el deporte y contar\u00e1n con un seguro de accidentes con atenci\u00f3n sanitaria.<\/p>\n<p>La principal novedad para este verano de 2019 es la creaci\u00f3n de una serie de actividades deportivas para j\u00f3venes de entre 13 y 16 a\u00f1os, que se desarrollar\u00e1n del 1 al 31 de julio, con el fin de facilitar la conciliaci\u00f3n de los padres con hijos de entre esas edades y que durante el verano realizan cursos de idiomas en el Servicio de Idiomas de la UPO. En este caso el horario de las actividades ser\u00e1 de 12.30 a 14.00 horas y se desarrollar\u00e1n en el gimnasio de la universidad.<\/p>\n<p>Durante el acto, tambi\u00e9n se ha presentado el cartel de esta edici\u00f3n, obra creada a partir del dibujo ganador del concurso \u2018Dise\u00f1a la imagen de tu Escuela de Verano\u2019 lanzado por el SDUPO en las \u00faltimas semanas y cuyo ganador ha sido Bruno Escobar Andrada. El dibujo, titulado \u2018Este verano circo y deporte\u2019, ha sido elegido entre todos los participantes por unificar en \u00e9l los tres elementos clave de la escuela: el deporte, el circo y la torre de la UPO.<\/p>\n<p><strong>La inscripci\u00f3n para la Escuela y Pequescuela estar\u00e1 abierta a partir del 31 de mayo para miembros de la comunidad universitaria y a partir del 7 de junio para el personal ajeno.<\/strong> Los usuarios interesados podr\u00e1n realizar su inscripci\u00f3n y consultar toda la informaci\u00f3n en el siguiente enlace <a href=\"https:\/\/www.upo.es\/sdupo\/servicios\/xv-escuela-y-vii-pequescuela-de-verano-2019\/\">https:\/\/www.upo.es\/sdupo\/servicios\/xv-escuela-y-vii-pequescuela-de-verano-2019\/<\/a>.<\/p>\n","protected":false},"excerpt":{"rendered":"<p>El Servicio de Deportes de la Universidad Pablo de Olavide ha presentado la pr\u00f3xima edici\u00f3n de la Escuela y la Pequescuela Deportivas de Verano de la UPO, dirigida a ni\u00f1os de entre 3 y 12 a\u00f1os y que dar\u00e1 comienzo el pr\u00f3ximo 24 de junio para ayudar a la conciliaci\u00f3n de las familias que trabajan durante los meses de junio y julio, coincidiendo con las vacaciones de Educaci\u00f3n Infantil y Primaria. <\/p>\n","protected":false},"author":6,"featured_media":30856929,"comment_status":"closed","ping_status":"open","sticky":false,"template":"","format":"standard","meta":{"_monsterinsights_skip_tracking":false,"_monsterinsights_sitenote_active":false,"_monsterinsights_sitenote_note":"","_monsterinsights_sitenote_category":0,"footnotes":""},"categories":[5842],"tags":[2178,1646,2474,6033,232,492],"class_list":["post-30856928","post","type-post","status-publish","format-standard","has-post-thumbnail","hentry","category-comunidad","tag-conciliacion-familiar","tag-escuela-de-verano","tag-fundacion-universidad-pablo-de-olavide","tag-pequescuela-de-verano","tag-sdupo","tag-servicio-de-deportes"],"_links":{"self":[{"href":"https:\/\/www.upo.es\/diario\/wp-json\/wp\/v2\/posts\/30856928","targetHints":{"allow":["GET"]}}],"collection":[{"href":"https:\/\/www.upo.es\/diario\/wp-json\/wp\/v2\/posts"}],"about":[{"href":"https:\/\/www.upo.es\/diario\/wp-json\/wp\/v2\/types\/post"}],"author":[{"embeddable":true,"href":"https:\/\/www.upo.es\/diario\/wp-json\/wp\/v2\/users\/6"}],"replies":[{"embeddable":true,"href":"https:\/\/www.upo.es\/diario\/wp-json\/wp\/v2\/comments?post=30856928"}],"version-history":[{"count":1,"href":"https:\/\/www.upo.es\/diario\/wp-json\/wp\/v2\/posts\/30856928\/revisions"}],"predecessor-version":[{"id":30856931,"href":"https:\/\/www.upo.es\/diario\/wp-json\/wp\/v2\/posts\/30856928\/revisions\/30856931"}],"wp:featuredmedia":[{"embeddable":true,"href":"https:\/\/www.upo.es\/diario\/wp-json\/wp\/v2\/media\/30856929"}],"wp:attachment":[{"href":"https:\/\/www.upo.es\/diario\/wp-json\/wp\/v2\/media?parent=30856928"}],"wp:term":[{"taxonomy":"category","embeddable":true,"href":"https:\/\/www.upo.es\/diario\/wp-json\/wp\/v2\/categories?post=30856928"},{"taxonomy":"post_tag","embeddable":true,"href":"https:\/\/www.upo.es\/diario\/wp-json\/wp\/v2\/tags?post=30856928"}],"curies":[{"name":"wp","href":"https:\/\/api.w.org\/{rel}","templated":true}]}}