{"id":30856935,"date":"2019-05-31T01:55:27","date_gmt":"2019-05-30T22:55:27","guid":{"rendered":"https:\/\/www.upo.es\/diario\/?p=30856935"},"modified":"2019-06-03T12:44:09","modified_gmt":"2019-06-03T09:44:09","slug":"la-upo-acogera-del-24-al-29-de-junio-el-ii-clinic-internacional-de-futbol-femenino","status":"publish","type":"post","link":"https:\/\/www.upo.es\/diario\/comunidad\/2019\/05\/la-upo-acogera-del-24-al-29-de-junio-el-ii-clinic-internacional-de-futbol-femenino\/","title":{"rendered":"La UPO acoger\u00e1 del 24 al 29 de junio el II Cl\u00ednic Internacional de F\u00fatbol Femenino"},"content":{"rendered":"<figure id=\"attachment_30856936\" aria-describedby=\"caption-attachment-30856936\" style=\"width: 600px\" class=\"wp-caption aligncenter\"><a href=\"https:\/\/www.upo.es\/diario\/wp-content\/uploads\/2019\/05\/clinic-f\u00fatbol.jpg\"><img loading=\"lazy\" decoding=\"async\" class=\"size-full wp-image-30856936\" src=\"https:\/\/www.upo.es\/diario\/wp-content\/uploads\/2019\/05\/clinic-f\u00fatbol.jpg\" alt=\"\" width=\"600\" height=\"314\" srcset=\"https:\/\/www.upo.es\/diario\/wp-content\/uploads\/2019\/05\/clinic-f\u00fatbol.jpg 600w, https:\/\/www.upo.es\/diario\/wp-content\/uploads\/2019\/05\/clinic-f\u00fatbol-360x188.jpg 360w\" sizes=\"auto, (max-width: 600px) 100vw, 600px\" \/><\/a><figcaption id=\"caption-attachment-30856936\" class=\"wp-caption-text\">Presentaci\u00f3n del II Cl\u00ednic Internacional de F\u00fatbol Femenino.<\/figcaption><\/figure>\n<p>La Universidad Pablo de Olavide acoger\u00e1 <u>del 24 al 29 de junio<\/u> el <strong>II Cl\u00ednic Internacional de F\u00fatbol Femenino<\/strong>, curso destinado a ni\u00f1as y j\u00f3venes de entre 8 y 18 a\u00f1os organizado por la entidad Servalabari SEAF.<\/p>\n<p>El evento fue presentado ayer jueves 30 de mayo con la presencia de <strong>Javier G\u00e1lvez Gonz\u00e1lez<\/strong>, vicedecano de la Facultad de Ciencias del Deporte de la Universidad Pablo de Olavide; <strong>Bartolom\u00e9 Cabello<\/strong>, en representaci\u00f3n de Real Federaci\u00f3n Andaluza de F\u00fatbol; <strong>Priscila Borja<\/strong>, jugadora internacional y embajadora del Cl\u00ednic; <strong>Marcos \u00c1lvarez<\/strong> t\u00e9cnico del Real Betis Balompi\u00e9, y el director del Cl\u00ednic, <strong>Pablo Naranjo<\/strong>. El acto fue conducido por el periodista de Canal Sur TV Guillermo S\u00e1nchez.<\/p>\n<p>As\u00ed, con el objetivo de que ni\u00f1as y j\u00f3venes aprendan fundamentos b\u00e1sicos del balompi\u00e9, el II Cl\u00ednic Internacional de f\u00fatbol femenino se celebrar\u00e1 durante la \u00faltima semana del mes de junio en horario de ma\u00f1ana en las instalaciones deportivas de la Universidad Pablo de Olavide, con una programaci\u00f3n te\u00f3rico-pr\u00e1ctica y con jugadoras profesionales de la Liga Iberdrola como <strong>Priscila Borja<\/strong> y <strong>Olga Carmona<\/strong> y t\u00e9cnicos nacionales como el <strong>Marcos \u00c1lvarez<\/strong>.<\/p>\n","protected":false},"excerpt":{"rendered":"<p>La Universidad Pablo de Olavide acoger\u00e1 del 24 al 29 de junio el II Cl\u00ednic Internacional de F\u00fatbol Femenino, curso destinado a ni\u00f1as y j\u00f3venes de entre 8 y 18 a\u00f1os organizado por la entidad Servalabari SEAF.<\/p>\n","protected":false},"author":2,"featured_media":30856936,"comment_status":"closed","ping_status":"open","sticky":false,"template":"","format":"standard","meta":{"_monsterinsights_skip_tracking":false,"_monsterinsights_sitenote_active":false,"_monsterinsights_sitenote_note":"","_monsterinsights_sitenote_category":0,"footnotes":""},"categories":[5842],"tags":[5292,141,231,4847,5294,5293],"class_list":["post-30856935","post","type-post","status-publish","format-standard","has-post-thumbnail","hentry","category-comunidad","tag-clinic","tag-curso","tag-deportes-2","tag-futbol-femenino","tag-futbolistas","tag-seaf"],"_links":{"self":[{"href":"https:\/\/www.upo.es\/diario\/wp-json\/wp\/v2\/posts\/30856935","targetHints":{"allow":["GET"]}}],"collection":[{"href":"https:\/\/www.upo.es\/diario\/wp-json\/wp\/v2\/posts"}],"about":[{"href":"https:\/\/www.upo.es\/diario\/wp-json\/wp\/v2\/types\/post"}],"author":[{"embeddable":true,"href":"https:\/\/www.upo.es\/diario\/wp-json\/wp\/v2\/users\/2"}],"replies":[{"embeddable":true,"href":"https:\/\/www.upo.es\/diario\/wp-json\/wp\/v2\/comments?post=30856935"}],"version-history":[{"count":1,"href":"https:\/\/www.upo.es\/diario\/wp-json\/wp\/v2\/posts\/30856935\/revisions"}],"predecessor-version":[{"id":30856937,"href":"https:\/\/www.upo.es\/diario\/wp-json\/wp\/v2\/posts\/30856935\/revisions\/30856937"}],"wp:featuredmedia":[{"embeddable":true,"href":"https:\/\/www.upo.es\/diario\/wp-json\/wp\/v2\/media\/30856936"}],"wp:attachment":[{"href":"https:\/\/www.upo.es\/diario\/wp-json\/wp\/v2\/media?parent=30856935"}],"wp:term":[{"taxonomy":"category","embeddable":true,"href":"https:\/\/www.upo.es\/diario\/wp-json\/wp\/v2\/categories?post=30856935"},{"taxonomy":"post_tag","embeddable":true,"href":"https:\/\/www.upo.es\/diario\/wp-json\/wp\/v2\/tags?post=30856935"}],"curies":[{"name":"wp","href":"https:\/\/api.w.org\/{rel}","templated":true}]}}