{"id":30856959,"date":"2019-06-03T11:42:32","date_gmt":"2019-06-03T08:42:32","guid":{"rendered":"https:\/\/www.upo.es\/diario\/?p=30856959"},"modified":"2019-06-03T11:42:32","modified_gmt":"2019-06-03T08:42:32","slug":"ceremonia-de-egresados-del-grado-en-nutricion-humana-y-dietetica-2","status":"publish","type":"post","link":"https:\/\/www.upo.es\/diario\/comunidad\/2019\/06\/ceremonia-de-egresados-del-grado-en-nutricion-humana-y-dietetica-2\/","title":{"rendered":"Ceremonia de Egresados del Grado en Nutrici\u00f3n Humana y Diet\u00e9tica"},"content":{"rendered":"<p><a href=\"https:\/\/www.upo.es\/diario\/wp-content\/uploads\/2019\/06\/190531UPO_19.00_200-2.jpg\"><img loading=\"lazy\" decoding=\"async\" class=\"aligncenter size-large wp-image-30856960\" src=\"https:\/\/www.upo.es\/diario\/wp-content\/uploads\/2019\/06\/190531UPO_19.00_200-2-750x499.jpg\" alt=\"\" width=\"750\" height=\"499\" srcset=\"https:\/\/www.upo.es\/diario\/wp-content\/uploads\/2019\/06\/190531UPO_19.00_200-2-750x499.jpg 750w, https:\/\/www.upo.es\/diario\/wp-content\/uploads\/2019\/06\/190531UPO_19.00_200-2-360x239.jpg 360w, https:\/\/www.upo.es\/diario\/wp-content\/uploads\/2019\/06\/190531UPO_19.00_200-2-768x511.jpg 768w, https:\/\/www.upo.es\/diario\/wp-content\/uploads\/2019\/06\/190531UPO_19.00_200-2-600x399.jpg 600w, https:\/\/www.upo.es\/diario\/wp-content\/uploads\/2019\/06\/190531UPO_19.00_200-2-165x109.jpg 165w\" sizes=\"auto, (max-width: 750px) 100vw, 750px\" \/><\/a>La ceremonia de egresados de la promoci\u00f3n 2015-2019 del Grado en Nutrici\u00f3n Humana y Diet\u00e9tica se celebr\u00f3 el viernes 31 de mayo en el Paraninfo de la Universidad Pablo de Olavide, presidida por la decana de la Facultad de Ciencias Experimentales, <strong>Pilar Ortiz Calder\u00f3n<\/strong>.<\/p>\n<figure id=\"attachment_30856961\" aria-describedby=\"caption-attachment-30856961\" style=\"width: 360px\" class=\"wp-caption alignright\"><a href=\"https:\/\/www.upo.es\/diario\/wp-content\/uploads\/2019\/06\/190531UPO_19.00_108-2.jpg\"><img loading=\"lazy\" decoding=\"async\" class=\"size-medium wp-image-30856961\" src=\"https:\/\/www.upo.es\/diario\/wp-content\/uploads\/2019\/06\/190531UPO_19.00_108-2-360x240.jpg\" alt=\"\" width=\"360\" height=\"240\" srcset=\"https:\/\/www.upo.es\/diario\/wp-content\/uploads\/2019\/06\/190531UPO_19.00_108-2-360x240.jpg 360w, https:\/\/www.upo.es\/diario\/wp-content\/uploads\/2019\/06\/190531UPO_19.00_108-2-768x512.jpg 768w, https:\/\/www.upo.es\/diario\/wp-content\/uploads\/2019\/06\/190531UPO_19.00_108-2-750x500.jpg 750w, https:\/\/www.upo.es\/diario\/wp-content\/uploads\/2019\/06\/190531UPO_19.00_108-2-600x400.jpg 600w, https:\/\/www.upo.es\/diario\/wp-content\/uploads\/2019\/06\/190531UPO_19.00_108-2-165x109.jpg 165w\" sizes=\"auto, (max-width: 360px) 100vw, 360px\" \/><\/a><figcaption id=\"caption-attachment-30856961\" class=\"wp-caption-text\">La madrina ha sido la profesora del \u00c1rea de Nutrici\u00f3n y Bromatolog\u00eda Blanca Escudero L\u00f3pez.<\/figcaption><\/figure>\n<p>La madrina de la promoci\u00f3n fue la profesora e investigadora del \u00c1rea de Nutrici\u00f3n y Bromatolog\u00eda de la Universidad Pablo de Olavide, <strong>Blanca Escudero L\u00f3pez<\/strong>. A la ceremonia tambi\u00e9n asistieron <strong>Javier S\u00e1nchez Perona <\/strong>como invitado de honor, profesor del \u00c1rea de Nutrici\u00f3n y Bromatolog\u00eda de la Upo y cient\u00edfico del CSIC; <strong>Isabel Cerillo Garc\u00eda<\/strong>, directora acad\u00e9mica del Grado en Nutrici\u00f3n Humana y Diet\u00e9tica; y <strong>Soledad Fern\u00e1ndez Pach\u00f3n<\/strong>, responsable del \u00c1rea del Nutrici\u00f3n y Bromatolog\u00eda de la UPO.<\/p>\n<p>En representaci\u00f3n del alumnado egresado, pronunciaron el discurso los estudiantes <strong>Jes\u00fas Garrudo Le\u00f3n y Colara Orellana D\u00edaz.<\/strong><\/p>\n<p>Un total de 56 egresados y egresadas asistieron, junto a sus familiares, a este acto con el que la Universidad Pablo de Olavide recupera una antigua tradici\u00f3n de las universidades europeas.<\/p>\n","protected":false},"excerpt":{"rendered":"<p>La ceremonia de egresados de la promoci\u00f3n 2015-2019 del Grado en Nutrici\u00f3n Humana y Diet\u00e9tica se celebr\u00f3 el viernes 31 de mayo en el Paraninfo de la Universidad Pablo de Olavide, presidida por la decana de la Facultad de Ciencias Experimentales, Pilar Ortiz Calder\u00f3n. La madrina de la promoci\u00f3n fue la profesora e investigadora del \u00c1rea de Nutrici\u00f3n y Bromatolog\u00eda<a class=\"read-more\" href=\"https:\/\/www.upo.es\/diario\/comunidad\/2019\/06\/ceremonia-de-egresados-del-grado-en-nutricion-humana-y-dietetica-2\/\">[Read More&#8230;]<\/a><\/p>\n","protected":false},"author":4,"featured_media":30856960,"comment_status":"closed","ping_status":"open","sticky":false,"template":"","format":"standard","meta":{"_monsterinsights_skip_tracking":false,"_monsterinsights_sitenote_active":false,"_monsterinsights_sitenote_note":"","_monsterinsights_sitenote_category":0,"footnotes":""},"categories":[5842],"tags":[581,122,1456],"class_list":["post-30856959","post","type-post","status-publish","format-standard","has-post-thumbnail","hentry","category-comunidad","tag-ceremonia-de-egresados","tag-facultad-ciencias-experimentales","tag-grado-en-nutricion-humana-y-dietetica"],"_links":{"self":[{"href":"https:\/\/www.upo.es\/diario\/wp-json\/wp\/v2\/posts\/30856959","targetHints":{"allow":["GET"]}}],"collection":[{"href":"https:\/\/www.upo.es\/diario\/wp-json\/wp\/v2\/posts"}],"about":[{"href":"https:\/\/www.upo.es\/diario\/wp-json\/wp\/v2\/types\/post"}],"author":[{"embeddable":true,"href":"https:\/\/www.upo.es\/diario\/wp-json\/wp\/v2\/users\/4"}],"replies":[{"embeddable":true,"href":"https:\/\/www.upo.es\/diario\/wp-json\/wp\/v2\/comments?post=30856959"}],"version-history":[{"count":1,"href":"https:\/\/www.upo.es\/diario\/wp-json\/wp\/v2\/posts\/30856959\/revisions"}],"predecessor-version":[{"id":30856962,"href":"https:\/\/www.upo.es\/diario\/wp-json\/wp\/v2\/posts\/30856959\/revisions\/30856962"}],"wp:featuredmedia":[{"embeddable":true,"href":"https:\/\/www.upo.es\/diario\/wp-json\/wp\/v2\/media\/30856960"}],"wp:attachment":[{"href":"https:\/\/www.upo.es\/diario\/wp-json\/wp\/v2\/media?parent=30856959"}],"wp:term":[{"taxonomy":"category","embeddable":true,"href":"https:\/\/www.upo.es\/diario\/wp-json\/wp\/v2\/categories?post=30856959"},{"taxonomy":"post_tag","embeddable":true,"href":"https:\/\/www.upo.es\/diario\/wp-json\/wp\/v2\/tags?post=30856959"}],"curies":[{"name":"wp","href":"https:\/\/api.w.org\/{rel}","templated":true}]}}