{"id":30856975,"date":"2019-06-03T15:26:34","date_gmt":"2019-06-03T12:26:34","guid":{"rendered":"https:\/\/www.upo.es\/diario\/?p=30856975"},"modified":"2019-06-04T13:55:12","modified_gmt":"2019-06-04T10:55:12","slug":"el-estudiante-de-la-upo-carlos-borras-oro-en-k2-200-en-la-copa-del-mundo-de-pozman","status":"publish","type":"post","link":"https:\/\/www.upo.es\/diario\/comunidad\/2019\/06\/el-estudiante-de-la-upo-carlos-borras-oro-en-k2-200-en-la-copa-del-mundo-de-pozman\/","title":{"rendered":"El estudiante de la UPO Carlos Borr\u00e1s, oro en K2 200 en la Copa del Mundo de Pozman"},"content":{"rendered":"<figure id=\"attachment_30856976\" aria-describedby=\"caption-attachment-30856976\" style=\"width: 750px\" class=\"wp-caption aligncenter\"><a href=\"https:\/\/www.upo.es\/diario\/wp-content\/uploads\/2019\/06\/ea7b18b7-efce-4740-b5cc-5f3f1ca84df3.jpeg\"><img loading=\"lazy\" decoding=\"async\" class=\"size-large wp-image-30856976\" src=\"https:\/\/www.upo.es\/diario\/wp-content\/uploads\/2019\/06\/ea7b18b7-efce-4740-b5cc-5f3f1ca84df3-750x500.jpeg\" alt=\"\" width=\"750\" height=\"500\" srcset=\"https:\/\/www.upo.es\/diario\/wp-content\/uploads\/2019\/06\/ea7b18b7-efce-4740-b5cc-5f3f1ca84df3-750x500.jpeg 750w, https:\/\/www.upo.es\/diario\/wp-content\/uploads\/2019\/06\/ea7b18b7-efce-4740-b5cc-5f3f1ca84df3-360x240.jpeg 360w, https:\/\/www.upo.es\/diario\/wp-content\/uploads\/2019\/06\/ea7b18b7-efce-4740-b5cc-5f3f1ca84df3-768x512.jpeg 768w, https:\/\/www.upo.es\/diario\/wp-content\/uploads\/2019\/06\/ea7b18b7-efce-4740-b5cc-5f3f1ca84df3-600x400.jpeg 600w, https:\/\/www.upo.es\/diario\/wp-content\/uploads\/2019\/06\/ea7b18b7-efce-4740-b5cc-5f3f1ca84df3-165x109.jpeg 165w, https:\/\/www.upo.es\/diario\/wp-content\/uploads\/2019\/06\/ea7b18b7-efce-4740-b5cc-5f3f1ca84df3.jpeg 1024w\" sizes=\"auto, (max-width: 750px) 100vw, 750px\" \/><\/a><figcaption id=\"caption-attachment-30856976\" class=\"wp-caption-text\">Carlos Borr\u00e1s y Marcos Abad en el podio.<\/figcaption><\/figure>\n<p>El estudiante del Grado en Ciencias de la Actividad F\u00edsica y del Deporte de la Universidad Pablo de Olavide <strong>Carlos Borr\u00e1s Caldentey<\/strong> ha logrado, junto a su compa\u00f1ero <strong>Marcos Abad<\/strong>, el <strong>oro en la prueba de K2 200 en la I Copa del Mundo de Esprint 2019<\/strong>, que ha finalizado en Poznan (Polonia) con la participaci\u00f3n de 57 pa\u00edses.<\/p>\n<figure id=\"attachment_30856977\" aria-describedby=\"caption-attachment-30856977\" style=\"width: 360px\" class=\"wp-caption alignright\"><a href=\"https:\/\/www.upo.es\/diario\/wp-content\/uploads\/2019\/06\/IMG_0307.jpeg\"><img loading=\"lazy\" decoding=\"async\" class=\"size-medium wp-image-30856977\" src=\"https:\/\/www.upo.es\/diario\/wp-content\/uploads\/2019\/06\/IMG_0307-360x202.jpeg\" alt=\"\" width=\"360\" height=\"202\" srcset=\"https:\/\/www.upo.es\/diario\/wp-content\/uploads\/2019\/06\/IMG_0307-360x202.jpeg 360w, https:\/\/www.upo.es\/diario\/wp-content\/uploads\/2019\/06\/IMG_0307-768x432.jpeg 768w, https:\/\/www.upo.es\/diario\/wp-content\/uploads\/2019\/06\/IMG_0307-750x422.jpeg 750w, https:\/\/www.upo.es\/diario\/wp-content\/uploads\/2019\/06\/IMG_0307-600x337.jpeg 600w, https:\/\/www.upo.es\/diario\/wp-content\/uploads\/2019\/06\/IMG_0307.jpeg 1334w\" sizes=\"auto, (max-width: 360px) 100vw, 360px\" \/><\/a><figcaption id=\"caption-attachment-30856977\" class=\"wp-caption-text\">Imagen de la llegada a meta.<\/figcaption><\/figure>\n<p>Carlos Borr\u00e1s Caldentey y Marcos Abad cruzaron primeros la l\u00ednea de meta con un tiempo de 32.863, s\u00f3lo unas mil\u00e9simas por delante del d\u00fao checo, formado por Svab y Bisicky (32.975).<\/p>\n<p>El mallorqu\u00edn Carlos Borr\u00e1s comenz\u00f3 a remar en 2008 y desde entonces ha sido un habitual en el medallero nacional de las competiciones de embarcaci\u00f3n doble (K-2) o cu\u00e1druple (K-4). En el a\u00f1o 2018 logr\u00f3 la medalla de oro en el Campeonato del Mundo Universitario-FISU 2018 de la prueba de pirag\u00fcismo K-4 200 metros, junto a sus compa\u00f1eros Enrique Ad\u00e1n, Pol Busquets y Pedro V\u00e1zquez. En 2018, adem\u00e1s de Campe\u00f3n del Mundo Universitario, Carlos Borr\u00e1s ha sido Subcampe\u00f3n de Espa\u00f1a en K-4 200 metros y tercero en K-1 Sub-23 200 metros en los Selectivos Nacionales.<\/p>\n","protected":false},"excerpt":{"rendered":"<p>El estudiante del Grado en Ciencias de la Actividad F\u00edsica y del Deporte de la Universidad Pablo de Olavide Carlos Borr\u00e1s Caldentey ha logrado, junto a su compa\u00f1ero Marcos Abad, el oro en la prueba de K2 200 en la I Copa del Mundo de Esprint 2019, que ha finalizado en Poznan (Polonia) con la participaci\u00f3n de 57 pa\u00edses.<\/p>\n","protected":false},"author":2,"featured_media":30856976,"comment_status":"closed","ping_status":"open","sticky":false,"template":"","format":"standard","meta":{"_monsterinsights_skip_tracking":false,"_monsterinsights_sitenote_active":false,"_monsterinsights_sitenote_note":"","_monsterinsights_sitenote_category":0,"footnotes":""},"categories":[5842],"tags":[5439,6067,6068,1331,6066,5219],"class_list":["post-30856975","post","type-post","status-publish","format-standard","has-post-thumbnail","hentry","category-comunidad","tag-carlos-borras","tag-copa-del-mundo","tag-esprint","tag-grado-en-ciencias-de-la-actividad-fisica-y-del-deporte","tag-k2-200","tag-piraguismo"],"_links":{"self":[{"href":"https:\/\/www.upo.es\/diario\/wp-json\/wp\/v2\/posts\/30856975","targetHints":{"allow":["GET"]}}],"collection":[{"href":"https:\/\/www.upo.es\/diario\/wp-json\/wp\/v2\/posts"}],"about":[{"href":"https:\/\/www.upo.es\/diario\/wp-json\/wp\/v2\/types\/post"}],"author":[{"embeddable":true,"href":"https:\/\/www.upo.es\/diario\/wp-json\/wp\/v2\/users\/2"}],"replies":[{"embeddable":true,"href":"https:\/\/www.upo.es\/diario\/wp-json\/wp\/v2\/comments?post=30856975"}],"version-history":[{"count":1,"href":"https:\/\/www.upo.es\/diario\/wp-json\/wp\/v2\/posts\/30856975\/revisions"}],"predecessor-version":[{"id":30856978,"href":"https:\/\/www.upo.es\/diario\/wp-json\/wp\/v2\/posts\/30856975\/revisions\/30856978"}],"wp:featuredmedia":[{"embeddable":true,"href":"https:\/\/www.upo.es\/diario\/wp-json\/wp\/v2\/media\/30856976"}],"wp:attachment":[{"href":"https:\/\/www.upo.es\/diario\/wp-json\/wp\/v2\/media?parent=30856975"}],"wp:term":[{"taxonomy":"category","embeddable":true,"href":"https:\/\/www.upo.es\/diario\/wp-json\/wp\/v2\/categories?post=30856975"},{"taxonomy":"post_tag","embeddable":true,"href":"https:\/\/www.upo.es\/diario\/wp-json\/wp\/v2\/tags?post=30856975"}],"curies":[{"name":"wp","href":"https:\/\/api.w.org\/{rel}","templated":true}]}}