{"id":30856989,"date":"2019-06-04T15:03:57","date_gmt":"2019-06-04T12:03:57","guid":{"rendered":"https:\/\/www.upo.es\/diario\/?p=30856989"},"modified":"2019-06-06T12:57:59","modified_gmt":"2019-06-06T09:57:59","slug":"un-total-de-943-mayores-de-21-municipios-de-la-provincia-de-sevilla-finalizan-el-curso-del-aula-abierta-de-la-upo","status":"publish","type":"post","link":"https:\/\/www.upo.es\/diario\/comunidad\/2019\/06\/un-total-de-943-mayores-de-21-municipios-de-la-provincia-de-sevilla-finalizan-el-curso-del-aula-abierta-de-la-upo\/","title":{"rendered":"Un total de 943 mayores de 21 municipios de la provincia de Sevilla finalizan el curso del Aula Abierta de la UPO"},"content":{"rendered":"<figure id=\"attachment_30856990\" aria-describedby=\"caption-attachment-30856990\" style=\"width: 750px\" class=\"wp-caption aligncenter\"><a href=\"https:\/\/www.upo.es\/diario\/wp-content\/uploads\/2019\/06\/Clausura_AulaMayores-UPO_20190603.jpg\"><img loading=\"lazy\" decoding=\"async\" class=\"size-large wp-image-30856990\" src=\"https:\/\/www.upo.es\/diario\/wp-content\/uploads\/2019\/06\/Clausura_AulaMayores-UPO_20190603-750x500.jpg\" alt=\"\" width=\"750\" height=\"500\" srcset=\"https:\/\/www.upo.es\/diario\/wp-content\/uploads\/2019\/06\/Clausura_AulaMayores-UPO_20190603-750x500.jpg 750w, https:\/\/www.upo.es\/diario\/wp-content\/uploads\/2019\/06\/Clausura_AulaMayores-UPO_20190603-360x240.jpg 360w, https:\/\/www.upo.es\/diario\/wp-content\/uploads\/2019\/06\/Clausura_AulaMayores-UPO_20190603-768x512.jpg 768w, https:\/\/www.upo.es\/diario\/wp-content\/uploads\/2019\/06\/Clausura_AulaMayores-UPO_20190603-600x400.jpg 600w, https:\/\/www.upo.es\/diario\/wp-content\/uploads\/2019\/06\/Clausura_AulaMayores-UPO_20190603-165x109.jpg 165w\" sizes=\"auto, (max-width: 750px) 100vw, 750px\" \/><\/a><figcaption id=\"caption-attachment-30856990\" class=\"wp-caption-text\">Acto de clausura e imposici\u00f3n de becas a los alumnos de Alcal\u00e1 de Guada\u00edra, Gilena, Gines, Pedrera y Tomares<\/figcaption><\/figure>\n<p>Ayer lunes tuvo lugar en el Paraninfo de la Universidad Pablo de Olavide la celebraci\u00f3n del primer <strong>acto de clausura del Programa Aula Abierta de Mayores de la UPO<\/strong>, con la imposici\u00f3n de becas y entrega de diplomas al alumnado de cinco de los once municipios que han finalizado el tercer curso del Ciclo B\u00e1sico y Continuidad, <strong>Alcal\u00e1 de Guada\u00edra, Gilena, Gines, Pedrera <\/strong>y<strong> Tomares<\/strong>.<\/p>\n<figure id=\"attachment_30856991\" aria-describedby=\"caption-attachment-30856991\" style=\"width: 360px\" class=\"wp-caption alignright\"><a href=\"https:\/\/www.upo.es\/diario\/wp-content\/uploads\/2019\/06\/Clausura_AulaMayores-UPO_20190603_mesa.jpg\"><img loading=\"lazy\" decoding=\"async\" class=\"wp-image-30856991 size-medium\" src=\"https:\/\/www.upo.es\/diario\/wp-content\/uploads\/2019\/06\/Clausura_AulaMayores-UPO_20190603_mesa-360x202.jpg\" alt=\"\" width=\"360\" height=\"202\" srcset=\"https:\/\/www.upo.es\/diario\/wp-content\/uploads\/2019\/06\/Clausura_AulaMayores-UPO_20190603_mesa-360x202.jpg 360w, https:\/\/www.upo.es\/diario\/wp-content\/uploads\/2019\/06\/Clausura_AulaMayores-UPO_20190603_mesa-768x432.jpg 768w, https:\/\/www.upo.es\/diario\/wp-content\/uploads\/2019\/06\/Clausura_AulaMayores-UPO_20190603_mesa-750x422.jpg 750w, https:\/\/www.upo.es\/diario\/wp-content\/uploads\/2019\/06\/Clausura_AulaMayores-UPO_20190603_mesa-600x337.jpg 600w\" sizes=\"auto, (max-width: 360px) 100vw, 360px\" \/><\/a><figcaption id=\"caption-attachment-30856991\" class=\"wp-caption-text\">Jos\u00e9 Luis Rodr\u00edguez D\u00edez,, padrino de las promociones, se dirige a los alumnos que terminan (tercero desde la izquierda)<\/figcaption><\/figure>\n<p>El acto de clausura ha estado presidido por Roc\u00edo C\u00e1rdenas Rodr\u00edguez, directora general de Igualdad, Cultura y Participaci\u00f3n Social de la UPO, acompa\u00f1ada por el padrino de estas promociones que se grad\u00faan, Jos\u00e9 Luis Rodr\u00edguez D\u00edez, colaborador del Departamento de Educaci\u00f3n y Psicolog\u00eda Social; Mar\u00eda de los \u00c1ngeles Ballesteros N\u00fa\u00f1ez, concejala delegada de Educaci\u00f3n del Ayuntamiento de Alcal\u00e1 de Guadaira; Emilio G\u00f3mez Gonz\u00e1lez, alcalde del Ayuntamiento de Gilena; Romualdo Garrido S\u00e1nchez, alcalde del Ayuntamiento de Gines; Luc\u00eda Ruiz G\u00e1lvez, concejala delegada de Igualdad y Bienestar Social del Ayuntamiento de Pedrera, y Jos\u00e9 Luis Sanz Ruiz, alcalde del Ayuntamiento de Tomares.<\/p>\n<p>La ceremonia se ha completado con las palabras de los representantes de los egresados y egresadas, Felipe Rodr\u00edguez Navarro (Alcal\u00e1 de Guada\u00edra); Isabel \u00c1lvarez Monta\u00f1o, Concepci\u00f3n D\u00edaz Monta\u00f1o, Asunci\u00f3n Guti\u00e9rrez Segura, Francisca Ponce Rodr\u00edguez, M\u00aa Isabel Rodr\u00edguez \u00c1lvarez y Manuela Rodr\u00edguez Ruiz (Gilena); Carlos Dom\u00ednguez Gonz\u00e1lez y Eduardo Pacheco G\u00f3mez (Gines); M\u00aa Antonia G\u00f3mez Rodr\u00edguez (Pedrera); Gin\u00e9s Toc\u00f3n Pastor (Tomares).<\/p>\n<p>Por su parte, el acto de clausura e imposici\u00f3n de becas de los otros seis municipios que han finalizado el tercer curso del Ciclo B\u00e1sico y Continuidad, <strong>Bormujos, Castilleja de la Cuesta, Herrera, La Puebla de Cazalla, Lebrija <\/strong>y<strong> Mairena del Alcor<\/strong>, se celebrar\u00e1 hoy martes 4 de junio a las 17.30 horas en el Paraninfo de la UPO. El acto estar\u00e1 presidido por Roc\u00edo C\u00e1rdenas Rodr\u00edguez, directora general de Igualdad, Cultura y Participaci\u00f3n Social de la UPO, que estar\u00e1 acompa\u00f1ada por el padrino de estas promociones Ra\u00fal Puente Asuero, profesor del Departamento de Geograf\u00eda, Historia y Filosof\u00eda. Padrino de la Promoci\u00f3n 2015-2019; Francisco Molina Haro, alcalde del Ayuntamiento de Bormujos; Carmen Herrera Coronil, alcaldesa del Ayuntamiento de Castilleja de la Cuesta; M\u00aa Cnela Reina, concejala delegada de Educaci\u00f3n del Ayuntamiento de Herrera; Rosario Benjumea Pulido, concejala delegada de Educaci\u00f3n y Formaci\u00f3n del Ayuntamiento de La Puebla de Cazalla; Teresa Ganfornina Mu\u00f1oz, concejala delegada de Infancia, Educaci\u00f3n y Formaci\u00f3n del Ayuntamiento de Lebrija; y Mar\u00eda Carri\u00f3n M\u00e1rquez, concejala delegada de Juventud y Turismo del Ayuntamiento de Mairena del Alcor.<\/p>\n<p>La ceremonia de esta tarde contar\u00e1 tambi\u00e9n con las palabras que dedicar\u00e1n los alumnos y alumnas representantes de los municipios egresados Estrella P\u00e1ez Lobeto (Bormujos); Rita Tovar Tovar (Castilleja de la Cuesta); Pilar Benjumea Garc\u00eda y Manuel \u00c1lvarez Fern\u00e1ndez (Herrera); Conchi Linares Pav\u00f3n (La Puebla de Cazalla); V\u00edctor Manuel D\u00edez Pascual (Lebrija); Fernando Hern\u00e1ndez Moro (Mairena del Alcor).<\/p>\n<p>De los 169 alumnos que han finalizado el Ciclo B\u00e1sico y Continuidad 33 son de Alcal\u00e1 de Guada\u00edra, 6 de Gilena, 18 de Gines, 7 de Pedrera, 25 de Tomares, 7 de Bormujos, 10 de Castilleja de la Cuesta, 13 de Herrera, 14 de La Puebla de Cazalla, 31 de Lebrija y 5 de Mairena del Alcor.<\/p>\n<p>El Aula Abierta de Mayores de la UPO se imparte, adem\u00e1s de en los once municipios ya mencionados, en Almensilla, Aznalc\u00f3llar, Dos Hermanas, Gerena, La Algaba, La Puebla del R\u00edo, Las Cabezas de San Juan, Pilas, Salteras, y Santiponce, que tambi\u00e9n clausuran el curso acad\u00e9mico y suman un total de 943 personas inscritas.<\/p>\n<p>El Aula Abierta de Mayores de la Universidad Pablo de Olavide es un programa de intervenci\u00f3n socioeducativa que fomenta el acceso a la formaci\u00f3n permanente de las personas mayores de 50 a\u00f1os, para el que no se necesita titulaci\u00f3n previa. Las instituciones que colaboran, adem\u00e1s de la propia Universidad Pablo de Olavide y son la Diputaci\u00f3n de Sevilla, la Consejer\u00eda de Igualdad, Pol\u00edticas Sociales y Conciliaci\u00f3n de la Junta de Andaluc\u00eda, Obra Social \u2018La Caixa\u2019 y los distintos ayuntamientos donde tiene lugar dicho programa.<\/p>\n<p>El alumnado recibe formaci\u00f3n en materias como Arte y Humanidades; Ciencias Sociales; Ciencias de la Salud y Biosanitarias; Ciencias Experimentales, de la Tierra y del Medio Ambiente; Ciencias Tecnol\u00f3gicas y de la Comunicaci\u00f3n; Ciencias Jur\u00eddicas y Econ\u00f3micas; Ciencias de la Actividad F\u00edsica y del Deporte; M\u00e9todos y Modelos de Investigaci\u00f3n. El programa se estructura en dos ciclos, b\u00e1sico y de continuidad, cada uno de un m\u00ednimo de 135 horas. Durante este curso acad\u00e9mico han participado un total m\u00e1s de 100 profesores y profesoras de la Universidad Pablo de Olavide y profesorado colaborador de los respectivos municipios, as\u00ed como expertos en las distintas materias.<\/p>\n","protected":false},"excerpt":{"rendered":"<p>Los alumnos de Alcal\u00e1 de Guada\u00edra, Gilena, Gines, Pedrera, Tomares, Bormujos, Castilleja de la Cuesta, Herrera, La Puebla de Cazalla, Lebrija, Mairena del Alcor finalizan sus a\u00f1os de formaci\u00f3n.<\/p>\n","protected":false},"author":6,"featured_media":30856990,"comment_status":"closed","ping_status":"open","sticky":false,"template":"","format":"standard","meta":{"_monsterinsights_skip_tracking":false,"_monsterinsights_sitenote_active":false,"_monsterinsights_sitenote_note":"","_monsterinsights_sitenote_category":0,"footnotes":""},"categories":[5842],"tags":[52,5251,53,2052,161,2667],"class_list":["post-30856989","post","type-post","status-publish","format-standard","has-post-thumbnail","hentry","category-comunidad","tag-aula-abierta-de-mayores","tag-ceremonia-de-clausura","tag-mayores","tag-municipios","tag-sevilla","tag-vicerrectorado-de-cultura-y-compromiso-social"],"_links":{"self":[{"href":"https:\/\/www.upo.es\/diario\/wp-json\/wp\/v2\/posts\/30856989","targetHints":{"allow":["GET"]}}],"collection":[{"href":"https:\/\/www.upo.es\/diario\/wp-json\/wp\/v2\/posts"}],"about":[{"href":"https:\/\/www.upo.es\/diario\/wp-json\/wp\/v2\/types\/post"}],"author":[{"embeddable":true,"href":"https:\/\/www.upo.es\/diario\/wp-json\/wp\/v2\/users\/6"}],"replies":[{"embeddable":true,"href":"https:\/\/www.upo.es\/diario\/wp-json\/wp\/v2\/comments?post=30856989"}],"version-history":[{"count":1,"href":"https:\/\/www.upo.es\/diario\/wp-json\/wp\/v2\/posts\/30856989\/revisions"}],"predecessor-version":[{"id":30856992,"href":"https:\/\/www.upo.es\/diario\/wp-json\/wp\/v2\/posts\/30856989\/revisions\/30856992"}],"wp:featuredmedia":[{"embeddable":true,"href":"https:\/\/www.upo.es\/diario\/wp-json\/wp\/v2\/media\/30856990"}],"wp:attachment":[{"href":"https:\/\/www.upo.es\/diario\/wp-json\/wp\/v2\/media?parent=30856989"}],"wp:term":[{"taxonomy":"category","embeddable":true,"href":"https:\/\/www.upo.es\/diario\/wp-json\/wp\/v2\/categories?post=30856989"},{"taxonomy":"post_tag","embeddable":true,"href":"https:\/\/www.upo.es\/diario\/wp-json\/wp\/v2\/tags?post=30856989"}],"curies":[{"name":"wp","href":"https:\/\/api.w.org\/{rel}","templated":true}]}}