{"id":30856994,"date":"2019-06-04T15:48:17","date_gmt":"2019-06-04T12:48:17","guid":{"rendered":"https:\/\/www.upo.es\/diario\/?p=30856994"},"modified":"2019-06-10T14:55:54","modified_gmt":"2019-06-10T11:55:54","slug":"la-incorporacion-de-mejoras-en-la-calidad-del-sueno-podria-reducir-la-prevalencia-del-alzheimer","status":"publish","type":"post","link":"https:\/\/www.upo.es\/diario\/ciencia\/2019\/06\/la-incorporacion-de-mejoras-en-la-calidad-del-sueno-podria-reducir-la-prevalencia-del-alzheimer\/","title":{"rendered":"La incorporaci\u00f3n de mejoras en la calidad del sue\u00f1o podr\u00eda reducir la prevalencia del Alzheimer"},"content":{"rendered":"<figure id=\"attachment_30856995\" aria-describedby=\"caption-attachment-30856995\" style=\"width: 360px\" class=\"wp-caption alignright\"><a href=\"https:\/\/www.upo.es\/diario\/wp-content\/uploads\/2019\/06\/JoseLuisCantero_21.jpg\"><img loading=\"lazy\" decoding=\"async\" class=\"wp-image-30856995 size-medium\" src=\"https:\/\/www.upo.es\/diario\/wp-content\/uploads\/2019\/06\/JoseLuisCantero_21-360x240.jpg\" alt=\"\" width=\"360\" height=\"240\" srcset=\"https:\/\/www.upo.es\/diario\/wp-content\/uploads\/2019\/06\/JoseLuisCantero_21-360x240.jpg 360w, https:\/\/www.upo.es\/diario\/wp-content\/uploads\/2019\/06\/JoseLuisCantero_21-768x512.jpg 768w, https:\/\/www.upo.es\/diario\/wp-content\/uploads\/2019\/06\/JoseLuisCantero_21-750x500.jpg 750w, https:\/\/www.upo.es\/diario\/wp-content\/uploads\/2019\/06\/JoseLuisCantero_21-600x400.jpg 600w, https:\/\/www.upo.es\/diario\/wp-content\/uploads\/2019\/06\/JoseLuisCantero_21-165x109.jpg 165w\" sizes=\"auto, (max-width: 360px) 100vw, 360px\" \/><\/a><figcaption id=\"caption-attachment-30856995\" class=\"wp-caption-text\">Jos\u00e9 Luis Cantero<\/figcaption><\/figure>\n<p>La Universidad Pablo de Olavide (UPO) y el Hospital Quir\u00f3nsalud Infanta Luisa de Sevilla participan conjuntamente en un proyecto de investigaci\u00f3n para la prevenci\u00f3n del Alzheimer, con el que se podr\u00eda conducir a la incorporaci\u00f3n de<strong> recomendaciones de mejora en la calidad del sue\u00f1o como medida preventiva para reducir la prevalencia de la enfermedad de Alzheimer<\/strong> en nuestro entorno.<\/p>\n<p>En concreto, el estudio trata de entender qu\u00e9 papel juegan las alteraciones de la estructura del sue\u00f1o en la agregaci\u00f3n de la prote\u00edna beta amiloide, una de las lesiones cerebrales que caracterizan a la enfermedad de Alzheimer. Para alcanzar este objetivo, se han seleccionado a un centenar de personas con edades comprendidas entre los 60 y 75 a\u00f1os, con quejas leves de memoria, que no tienen relevancia cl\u00ednica, pero que han evolucionado a peor en los \u00faltimos a\u00f1os.<\/p>\n<p>A estos pacientes, se les realiza una evaluaci\u00f3n neuropsicol\u00f3gica, se obtienen unos marcadores en sangre y saliva, se les hace un estudio de polisomnograf\u00eda nocturna, as\u00ed como una resonancia magn\u00e9tica de 3 tesla.<\/p>\n<p>El estudio, que no finalizar\u00e1 hasta diciembre de 2020, est\u00e1 a cargo del <strong>Laboratorio de Neurociencia Funcional de la UPO, <\/strong>dirigido por el profesor <strong>Jos\u00e9 Luis Cantero<\/strong>, quien pertenece al <strong>Centro de Investigaci\u00f3n Biom\u00e9dica en Red sobre Enfermedades Neurodegenerativas (Ciberned).<\/strong><\/p>\n<p>Asimismo, en la <strong>Unidad de Medicina Nuclear <\/strong>y<strong> PET-TAC del Hospital Quir\u00f3nsalud Infanta Luisa<\/strong> se llevan a cabo los estudios de PET-TAC de glucosa y beta amiloide a los mismos participantes.<\/p>\n<p>As\u00ed, el profesor Jos\u00e9 Luis Cantero afirma que \u201clas alteraciones del sue\u00f1o asociadas al envejecimiento son muy prevalentes\u201d, si bien, hasta el momento, \u201cno se sabe con certeza qu\u00e9 impacto tienen sobre el funcionamiento cerebral y la aparici\u00f3n de la enfermedad de Alzheimer\u201d.<\/p>\n<p>\u201cEstudios recientes realizados con modelos animales han puesto de manifiesto que una disminuci\u00f3n cr\u00f3nica de la duraci\u00f3n del sue\u00f1o produce un incremento de placas de beta amiloide cerebral en regiones cerebrales que se ven afectadas por la enfermedad de Alzheimer\u201d, apunta el investigador, quien subraya que los resultados del presente estudio podr\u00edan conducir a la incorporaci\u00f3n de recomendaciones de mejora de la calidad del sue\u00f1o en los programas de envejecimiento saludable como medida preventiva de la acumulaci\u00f3n de beta amiloide cerebral, lo cual contribuir\u00eda a reducir la prevalencia de la enfermedad de Alzheimer.<\/p>\n<p><strong>La prote\u00edna beta amiloide<\/strong><\/p>\n<figure id=\"attachment_30856996\" aria-describedby=\"caption-attachment-30856996\" style=\"width: 360px\" class=\"wp-caption alignright\"><a href=\"https:\/\/www.upo.es\/diario\/wp-content\/uploads\/2019\/06\/Doctora-Blanca-Gonz\u00e1lez-Gaggero-en-el-PET-TAC.jpg\"><img loading=\"lazy\" decoding=\"async\" class=\"wp-image-30856996 size-medium\" src=\"https:\/\/www.upo.es\/diario\/wp-content\/uploads\/2019\/06\/Doctora-Blanca-Gonz\u00e1lez-Gaggero-en-el-PET-TAC-360x299.jpg\" alt=\"\" width=\"360\" height=\"299\" srcset=\"https:\/\/www.upo.es\/diario\/wp-content\/uploads\/2019\/06\/Doctora-Blanca-Gonz\u00e1lez-Gaggero-en-el-PET-TAC-360x299.jpg 360w, https:\/\/www.upo.es\/diario\/wp-content\/uploads\/2019\/06\/Doctora-Blanca-Gonz\u00e1lez-Gaggero-en-el-PET-TAC-768x638.jpg 768w, https:\/\/www.upo.es\/diario\/wp-content\/uploads\/2019\/06\/Doctora-Blanca-Gonz\u00e1lez-Gaggero-en-el-PET-TAC-750x623.jpg 750w, https:\/\/www.upo.es\/diario\/wp-content\/uploads\/2019\/06\/Doctora-Blanca-Gonz\u00e1lez-Gaggero-en-el-PET-TAC-600x498.jpg 600w\" sizes=\"auto, (max-width: 360px) 100vw, 360px\" \/><\/a><figcaption id=\"caption-attachment-30856996\" class=\"wp-caption-text\">Blanca Gonz\u00e1lez-Gaggero<\/figcaption><\/figure>\n<p>En este sentido, la doctora <strong>Blanca Gonz\u00e1lez-Gaggero, jefa de la Unidad de Medicina Nuclear y PET-TAC del Hospital Quir\u00f3nsalud Infanta Luisa<\/strong>, explica que, desde 2011, a\u00f1o en que se publica la \u00faltima revisi\u00f3n de los criterios cl\u00ednicos para la enfermedad de Alzheimer, se reconocen la importancia de los biomarcadores, ya que van a ayudar en su diagn\u00f3stico, aumentado la probabilidad de que sea m\u00e1s precoz, previo a la fase de demencia.<\/p>\n<p>Para la enfermedad de Alzheimer disponemos de dos tipos de biomarcadores : biomarcadores de la acumulaci\u00f3n de beta amiloide y biomarcadores de degeneraci\u00f3n neuronal. En la actualidad, en el Hospital Quir\u00f3nsalud Infanta Luisa se realizan pruebas diagn\u00f3sticas de PET-TAC para el estudio de ambos tipos de biomarcadores.<\/p>\n<p>Y es que, seg\u00fan Gonz\u00e1lez-Gaggero, para el desarrollo del Alzheimer, se considera que lo primero que ocurre son los dep\u00f3sitos de la prote\u00edna beta amiloide,\u00a0 que ocasionan la muerte neuronal. Es por ello que la determinaci\u00f3n, mediante la prueba de PET-TAC, de la presencia de placas de beta amiloide cerebral, ayudar\u00e1 a un diagn\u00f3stico m\u00e1s precoz de la enfermedad, pudiendo tomar medidas preventivas en la acumulaci\u00f3n de esta prote\u00edna.<\/p>\n<p>La enfermedad de Alzheimer es una enfermedad neurodegenerativa que se caracteriza por deterioro progresivo de la memoria y de la funci\u00f3n cognitiva. Ocasiona un problema de primera magnitud a nivel mundial y representa aproximadamente el 50-70% de los casos de demencia, increment\u00e1ndose su incidencia con el envejecimiento de la poblaci\u00f3n.<\/p>\n<p>Estos estudios son financiados por el <strong>Programa \u2018Retos de la Sociedad\u2019 del Ministerio de Ciencia, Innovaci\u00f3n y Universidades (SAF2017-85310-R) y por el Ciberned, a trav\u00e9s de su Programa 1 (Enfermedad de Alzheimer y otras demencias degenerativas)<\/strong>, de los cuales el profesor Jos\u00e9 Luis Cantero es investigador principal.<\/p>\n<p>Por su parte, Quir\u00f3nsalud trabaja en la promoci\u00f3n de la docencia (ocho de sus hospitales son universitarios) y la investigaci\u00f3n m\u00e9dico-cient\u00edfica (cuenta con el Instituto de Investigaci\u00f3n Sanitaria de la FJD, \u00fanico centro investigador privado acreditado por la Secretar\u00eda de Estado de Investigaci\u00f3n, Desarrollo e Innovaci\u00f3n). Asimismo, su servicio asistencial est\u00e1 organizado en unidades y redes transversales que permiten optimizar la experiencia acumulada en los distintos centros y la traslaci\u00f3n cl\u00ednica de sus investigaciones. Actualmente, est\u00e1 desarrollando m\u00e1s de 1.600 proyectos de investigaci\u00f3n en toda Espa\u00f1a y muchos de sus centros realizan en este \u00e1mbito una labor puntera, siendo pioneros en diferentes especialidades como oncolog\u00eda, cardiolog\u00eda, endocrinolog\u00eda, ginecolog\u00eda y neurolog\u00eda, entre otras.<\/p>\n<p>Fuente: Hospital Quir\u00f3nsalud Infanta Luisa<\/p>\n<p>&nbsp;<\/p>\n<p>&nbsp;<\/p>\n","protected":false},"excerpt":{"rendered":"<p>La Universidad Pablo de Olavide (UPO) y el Hospital Quir\u00f3nsalud Infanta Luisa de Sevilla participan conjuntamente en un proyecto de investigaci\u00f3n para la prevenci\u00f3n del Alzheimer, con el que se podr\u00eda conducir a la incorporaci\u00f3n de recomendaciones de mejora en la calidad del sue\u00f1o como medida preventiva para reducir la prevalencia de la enfermedad de Alzheimer en nuestro entorno.<\/p>\n","protected":false},"author":15,"featured_media":30856995,"comment_status":"closed","ping_status":"open","sticky":false,"template":"","format":"standard","meta":{"_monsterinsights_skip_tracking":false,"_monsterinsights_sitenote_active":false,"_monsterinsights_sitenote_note":"","_monsterinsights_sitenote_category":0,"footnotes":""},"categories":[3],"tags":[272,6075,6069,6074,271,6071,763,6073,6072,5753,347,6070],"class_list":["post-30856994","post","type-post","status-publish","format-standard","has-post-thumbnail","hentry","category-ciencia","tag-alzheimer","tag-beta-amiloide","tag-cantero","tag-ciberned","tag-envejecimiento","tag-infanta-luisa","tag-jose-luis-cantero","tag-laboratorio-de-neurociencia-funcional","tag-mejora-del-sueno","tag-prevalencia","tag-prevencion","tag-quironsalud"],"_links":{"self":[{"href":"https:\/\/www.upo.es\/diario\/wp-json\/wp\/v2\/posts\/30856994","targetHints":{"allow":["GET"]}}],"collection":[{"href":"https:\/\/www.upo.es\/diario\/wp-json\/wp\/v2\/posts"}],"about":[{"href":"https:\/\/www.upo.es\/diario\/wp-json\/wp\/v2\/types\/post"}],"author":[{"embeddable":true,"href":"https:\/\/www.upo.es\/diario\/wp-json\/wp\/v2\/users\/15"}],"replies":[{"embeddable":true,"href":"https:\/\/www.upo.es\/diario\/wp-json\/wp\/v2\/comments?post=30856994"}],"version-history":[{"count":5,"href":"https:\/\/www.upo.es\/diario\/wp-json\/wp\/v2\/posts\/30856994\/revisions"}],"predecessor-version":[{"id":30857004,"href":"https:\/\/www.upo.es\/diario\/wp-json\/wp\/v2\/posts\/30856994\/revisions\/30857004"}],"wp:featuredmedia":[{"embeddable":true,"href":"https:\/\/www.upo.es\/diario\/wp-json\/wp\/v2\/media\/30856995"}],"wp:attachment":[{"href":"https:\/\/www.upo.es\/diario\/wp-json\/wp\/v2\/media?parent=30856994"}],"wp:term":[{"taxonomy":"category","embeddable":true,"href":"https:\/\/www.upo.es\/diario\/wp-json\/wp\/v2\/categories?post=30856994"},{"taxonomy":"post_tag","embeddable":true,"href":"https:\/\/www.upo.es\/diario\/wp-json\/wp\/v2\/tags?post=30856994"}],"curies":[{"name":"wp","href":"https:\/\/api.w.org\/{rel}","templated":true}]}}