{"id":30857066,"date":"2019-06-07T16:11:37","date_gmt":"2019-06-07T13:11:37","guid":{"rendered":"https:\/\/www.upo.es\/diario\/?p=30857066"},"modified":"2019-06-07T16:11:37","modified_gmt":"2019-06-07T13:11:37","slug":"expertos-analizaran-en-carmona-los-factores-que-potencian-y-frenan-la-amenaza-del-terrorismo-yihadista","status":"publish","type":"post","link":"https:\/\/www.upo.es\/diario\/cursos-verano\/2019\/06\/expertos-analizaran-en-carmona-los-factores-que-potencian-y-frenan-la-amenaza-del-terrorismo-yihadista\/","title":{"rendered":"Expertos analizar\u00e1n en Carmona los factores que potencian y frenan la amenaza del terrorismo yihadista"},"content":{"rendered":"<p><a href=\"https:\/\/www.upo.es\/diario\/wp-content\/uploads\/2019\/06\/2019-curso-terrorismo.jpg\"><img loading=\"lazy\" decoding=\"async\" class=\"alignright size-medium wp-image-30857067\" src=\"https:\/\/www.upo.es\/diario\/wp-content\/uploads\/2019\/06\/2019-curso-terrorismo-360x240.jpg\" alt=\"\" width=\"360\" height=\"240\" srcset=\"https:\/\/www.upo.es\/diario\/wp-content\/uploads\/2019\/06\/2019-curso-terrorismo-360x240.jpg 360w, https:\/\/www.upo.es\/diario\/wp-content\/uploads\/2019\/06\/2019-curso-terrorismo-768x512.jpg 768w, https:\/\/www.upo.es\/diario\/wp-content\/uploads\/2019\/06\/2019-curso-terrorismo-750x500.jpg 750w, https:\/\/www.upo.es\/diario\/wp-content\/uploads\/2019\/06\/2019-curso-terrorismo-600x400.jpg 600w, https:\/\/www.upo.es\/diario\/wp-content\/uploads\/2019\/06\/2019-curso-terrorismo.jpg 1800w, https:\/\/www.upo.es\/diario\/wp-content\/uploads\/2019\/06\/2019-curso-terrorismo-165x109.jpg 165w\" sizes=\"auto, (max-width: 360px) 100vw, 360px\" \/><\/a>La Universidad Pablo de Olavide pondr\u00e1 en marcha <strong>del 1 al 3 de julio<\/strong> el <strong>\u2018Curso internacional sobre terrorismo yihadista. 14\u00aa edici\u00f3n: potenciadores e inhibidores de la amenaza\u2019<\/strong>. Bajo la direcci\u00f3n del doctor Manuel Ricardo Torres, profesor de la UPO, el seminario se desarrollar\u00e1 <strong>en la sede Olavide en Carmona-Rectora Rosario Valpuesta<\/strong> dentro de la programaci\u00f3n de la XVII edici\u00f3n de los Cursos de Verano con el patrocinio de la Diputaci\u00f3n de Sevilla, la Fundaci\u00f3n Cajasol y el Ministerio de Defensa.<\/p>\n<p>Seg\u00fan explica<strong> Manuel Ricardo Torres<\/strong>, el objetivo del curso es \u201cofrecer una reflexi\u00f3n acad\u00e9mica y profesional sobre el fen\u00f3meno del terrorismo yihadista, aportando instrumentos de an\u00e1lisis desde diferentes enfoques cient\u00edficos y profesionales\u201d. Como continuaci\u00f3n y complemento a las 13 ediciones previas de esta actividad formativa, se dedicar\u00e1 una especial atenci\u00f3n a las lecciones aprendidas sobre los factores que potencian la incidencia del terrorismo yihadista y de cu\u00e1les son las medidas que act\u00faan como inhibidores de esta amenaza.<\/p>\n<p>En esta ocasi\u00f3n, el seminario pretende analizar las \u201cconsecuencias que tiene para las pol\u00edticas p\u00fablicas de seguridad, as\u00ed como para la actuaci\u00f3n y misiones de las Fuerzas Armadas, las agencias policiales y los servicios de inteligencia\u201d, por lo que el curso no s\u00f3lo se dirige a universitarios, sino tambi\u00e9n a profesionales en activo \u201ccon especial inter\u00e9s en estas tem\u00e1ticas, como miembros de las Fuerzas Armadas, Fuerzas y Cuerpos de Seguridad del Estado, consultores, periodistas, abogados, cargos pol\u00edticos o diplom\u00e1ticos\u201d, a\u00f1ade el profesor.<\/p>\n<p>La conferencia inaugural del curso ser\u00e1 pronunciada por el propio director, quien hablar\u00e1 sobre \u2018El impacto del cambio tecnol\u00f3gico en el activismo yihadista\u2019, mientras que la clausura correr\u00e1 a cargo de <strong>Miguel \u00c1ngel Ballesteros<\/strong>, director del Departamento de Seguridad Nacional, quien el mi\u00e9rcoles 3 de julio disertar\u00e1 sobre \u2018La estructura de seguridad nacional frente al terrorismo yihadista.<\/p>\n<p>A lo largo de los tres d\u00edas en que se desarrolla, participar\u00e1n en el curso internacional expertos en terrorismo yihadista como <strong>Jos\u00e9 Luis Calvo-Albero<\/strong>, coronel del Ej\u00e9rcito de Tierra; Jos\u00e9 Luis Salinas, analista de EUROPOL destinado en la Internet Referral Unit del Centro Europeo contra el Terrorismo; o el comisario <strong>Rafael P\u00e9rez Garnacho<\/strong>, de la Comisar\u00eda General de Informaci\u00f3n del Cuerpo Nacional de Polic\u00eda, quienes abordar\u00e1n las lecciones aprendidas de la campa\u00f1a militar contra el Daesh, la lucha policial contra la presencia yihadista en Internet, al tiempo que se har\u00e1 un balance de la acci\u00f3n policial contra el terrorismo yihadista en Espa\u00f1a.<\/p>\n<p>Tambi\u00e9n intervendr\u00e1n otros especialistas como la periodista <strong>Alexandra Gil<\/strong>, quien pronunciar\u00e1 la conferencia \u2018Radicalizaci\u00f3n en prisiones y retornados: el caso franc\u00e9s\u2019; <strong>Fernando Reinares<\/strong>, catedr\u00e1tico de Ciencia Pol\u00edtica de la Universidad Rey Juan Carlos e investigador principal del Real Instituto Elcano, quien abordar\u00e1 \u2018La evoluci\u00f3n del terrorismo yihadista en Espa\u00f1a desde el 11-M\u2019 o el exsecretario de Estado de Seguridad <strong>Francisco Mart\u00ednez V\u00e1zquez<\/strong>, quien hablar\u00e1 sobre \u2018La evoluci\u00f3n de la pol\u00edtica antiterrorista en Espa\u00f1a\u2019.<\/p>\n<p>Para consultar el programa del curso: <a href=\"https:\/\/upo.es\/cms1\/export\/sites\/upo\/olavideencarmona\/documentos\/2019\/2019cc12.pdf\">PROGRAMA<\/a><\/p>\n<p>Para matricularse en el curso: <a href=\"https:\/\/upo.es\/olavideencarmona\/cursos-de-verano\/automatricula\/\">AUTOMATR\u00cdCULA<\/a><\/p>\n<p>Para informaci\u00f3n general sobre los cursos de verano: <a href=\"https:\/\/upo.es\/olavideencarmona\/cursos-de-verano\/automatricula\/\">INFORMACI\u00d3N<\/a><\/p>\n","protected":false},"excerpt":{"rendered":"<p>La Universidad Pablo de Olavide pondr\u00e1 en marcha del 1 al 3 de julio el \u2018Curso internacional sobre terrorismo yihadista. 14\u00aa edici\u00f3n: potenciadores e inhibidores de la amenaza\u2019. Bajo la direcci\u00f3n del doctor Manuel Ricardo Torres, profesor de la UPO, el seminario se desarrollar\u00e1 en la sede Olavide en Carmona-Rectora Rosario Valpuesta dentro de la programaci\u00f3n de la XVII edici\u00f3n de los Cursos de Verano con el patrocinio de la Diputaci\u00f3n de Sevilla, la Fundaci\u00f3n Cajasol y el Ministerio de Defensa.<\/p>\n","protected":false},"author":15,"featured_media":30857067,"comment_status":"closed","ping_status":"open","sticky":false,"template":"","format":"standard","meta":{"_monsterinsights_skip_tracking":false,"_monsterinsights_sitenote_active":false,"_monsterinsights_sitenote_note":"","_monsterinsights_sitenote_category":0,"footnotes":""},"categories":[729],"tags":[1627,6085,1611,6084,2496],"class_list":["post-30857066","post","type-post","status-publish","format-standard","has-post-thumbnail","hentry","category-cursos-verano","tag-curso-de-verano","tag-inhibidores","tag-manuel-ricardo-torres-soriano","tag-potenciadores","tag-yihadismo"],"_links":{"self":[{"href":"https:\/\/www.upo.es\/diario\/wp-json\/wp\/v2\/posts\/30857066","targetHints":{"allow":["GET"]}}],"collection":[{"href":"https:\/\/www.upo.es\/diario\/wp-json\/wp\/v2\/posts"}],"about":[{"href":"https:\/\/www.upo.es\/diario\/wp-json\/wp\/v2\/types\/post"}],"author":[{"embeddable":true,"href":"https:\/\/www.upo.es\/diario\/wp-json\/wp\/v2\/users\/15"}],"replies":[{"embeddable":true,"href":"https:\/\/www.upo.es\/diario\/wp-json\/wp\/v2\/comments?post=30857066"}],"version-history":[{"count":1,"href":"https:\/\/www.upo.es\/diario\/wp-json\/wp\/v2\/posts\/30857066\/revisions"}],"predecessor-version":[{"id":30857068,"href":"https:\/\/www.upo.es\/diario\/wp-json\/wp\/v2\/posts\/30857066\/revisions\/30857068"}],"wp:featuredmedia":[{"embeddable":true,"href":"https:\/\/www.upo.es\/diario\/wp-json\/wp\/v2\/media\/30857067"}],"wp:attachment":[{"href":"https:\/\/www.upo.es\/diario\/wp-json\/wp\/v2\/media?parent=30857066"}],"wp:term":[{"taxonomy":"category","embeddable":true,"href":"https:\/\/www.upo.es\/diario\/wp-json\/wp\/v2\/categories?post=30857066"},{"taxonomy":"post_tag","embeddable":true,"href":"https:\/\/www.upo.es\/diario\/wp-json\/wp\/v2\/tags?post=30857066"}],"curies":[{"name":"wp","href":"https:\/\/api.w.org\/{rel}","templated":true}]}}