{"id":30857081,"date":"2019-06-11T04:51:28","date_gmt":"2019-06-11T01:51:28","guid":{"rendered":"https:\/\/www.upo.es\/diario\/?p=30857081"},"modified":"2019-06-13T10:49:05","modified_gmt":"2019-06-13T07:49:05","slug":"el-aula-de-artes-escenicas-de-la-upo-estrena-manana-madame-la-mort-en-la-sala-la-fundicion","status":"publish","type":"post","link":"https:\/\/www.upo.es\/diario\/comunidad\/2019\/06\/el-aula-de-artes-escenicas-de-la-upo-estrena-manana-madame-la-mort-en-la-sala-la-fundicion\/","title":{"rendered":"El Aula de Artes Esc\u00e9nicas de la UPO estrena \u2018Madame La Mort\u2019 en la sala La Fundici\u00f3n"},"content":{"rendered":"<p><a href=\"https:\/\/www.upo.es\/diario\/wp-content\/uploads\/2019\/05\/CARTEL_Madame-La-Mort_300.png\"><img loading=\"lazy\" decoding=\"async\" class=\"alignright size-medium wp-image-30856952\" src=\"https:\/\/www.upo.es\/diario\/wp-content\/uploads\/2019\/05\/CARTEL_Madame-La-Mort_300-266x360.png\" alt=\"Madame La Mort: 11 y 12 de junio. Teatro La Fundici\u00f3n\" width=\"266\" height=\"360\" srcset=\"https:\/\/www.upo.es\/diario\/wp-content\/uploads\/2019\/05\/CARTEL_Madame-La-Mort_300-266x360.png 266w, https:\/\/www.upo.es\/diario\/wp-content\/uploads\/2019\/05\/CARTEL_Madame-La-Mort_300.png 300w\" sizes=\"auto, (max-width: 266px) 100vw, 266px\" \/><\/a>Estudiantes del Aula de Artes Esc\u00e9nicas de la Universidad Pablo de Olavide, La Escalera Teatro, presentan el <strong>martes 11 y el mi\u00e9rcoles 12 de junio<\/strong><strong>, a las 20:30 horas en la sala La Fundici\u00f3n de Sevilla (C\/Habana, 18), la obra \u2018Madame La Mort<\/strong>\u2019, una creaci\u00f3n colectiva con la muerte como protagonista dirigida por Mariana Gonz\u00e1lez Roberts. La obra podr\u00e1 verse tambi\u00e9n ma\u00f1ana mi\u00e9rcoles en el mismo horario.<\/p>\n<p>Con el estreno de \u2018Madame La Mort\u2019, alumnos y alumnas que han participado este curso en el Aula de Artes Esc\u00e9nicas de la UPO tienen la oportunidad de cerrar su proceso de aprendizaje con la experiencia de poner en escena la obra que han ensayado y creado en una de las salas del circuito de teatro profesional de la ciudad.<\/p>\n<p>La propuesta de este a\u00f1o es una creaci\u00f3n colectiva, cuya direcci\u00f3n esc\u00e9nica y proceso pedag\u00f3gico ha estado a cargo de la profesora y directora art\u00edstica del Aula, <strong><a href=\"https:\/\/www.upo.es\/diario\/entrevista\/2015\/03\/el-aula-de-teatro-de-la-upo-trabaja-como-un-laboratorio-de-investigacion-escenica-en-todos-los-sentidos\/\">Mariana Gonz\u00e1lez Roberts<\/a>, quien precisamente dice adi\u00f3s tras nueve a\u00f1os a La Escalera Teatro<\/strong>. \u201cDurante estos nueve a\u00f1os he visto cambiar las vidas de los estudiantes gracias a lo que han aprendido en el Aula, e igualmente para m\u00ed ha sido una experiencia exquisita, tambi\u00e9n de aprendizaje, que me ha cambiado\u201d, comenta quien ha dirigido un proyecto en el que han participado durante estos a\u00f1os m\u00e1s de 500 alumnos y alumnas de la Universidad Pablo de Olavide.<\/p>\n<p><strong>La Escalera Teatro<\/strong>, un proyecto de formaci\u00f3n art\u00edstica coordinado por el Servicio de Extensi\u00f3n Cultural del Vicerrectorado de Cultura y Compromiso Social de la UPO, cumple 20 a\u00f1os como espacio dedicado al aprendizaje y la creaci\u00f3n esc\u00e9nica en el \u00e1mbito universitario. En el Aula de Artes Esc\u00e9nicas los estudiantes reciben formaci\u00f3n continua a lo largo de todo el curso, a raz\u00f3n de seis horas semanales, adem\u00e1s de aprender sobre todas las cuestiones inherentes a la gesti\u00f3n de los procesos creativos.<\/p>\n<p>&nbsp;<\/p>\n<p><strong><em>MADAME LA MORT<\/em><\/strong><strong>, La Escalera Teatro<br \/>\n<\/strong><strong>Teatro La Fundici\u00f3n (C\/ Habana, 18)<br \/>\n<\/strong><strong>11 y 12 de junio. 20:30 horas<\/strong><\/p>\n<p>Entradas en: <a href=\"http:\/\/www.fundiciondesevilla.es\">http:\/\/www.fundiciondesevilla.es<\/a><\/p>\n<p>Autor\u00eda: Creaci\u00f3n Colectiva<\/p>\n<p>Direcci\u00f3n: Mariana Gonz\u00e1lez Roberts<\/p>\n<p>Ayudante de direcci\u00f3n: Paula Nal\u00faa<\/p>\n<p>Elenco: promoci\u00f3n La Escalera Teatro 2018\/2019<br \/>\nSof\u00eda Gallardo Zorrilla, Roc\u00edo Ferrer Ruiz, Pablo Montabes de la Calle, Manuel Iv\u00e1n Gata Jim\u00e9nez, Alejandro Cabeza , Arcos, Jos\u00e9 Manuel G\u00f3mez Santos, Paula Espinosa Ramos, Marta Fern\u00e1ndez Ruiz, Mar\u00eda Luna Montoya Fern\u00e1ndez , \u00c1lvaro Fern\u00e1ndez Villalba, Mar\u00eda Bazaga Ropero, Pen\u00e9lope Mu\u00f1oz de la Cruz, Mercedes Mar\u00edn Gonz\u00e1lez, Natalia Sanz Moreno, Julia Clara Garc\u00eda Ferr\u00f3n, Macarena M\u00e1rquez Ram\u00edrez, D\u00e1maris Heredia L\u00f3pez, M\u00aa Inmaculada \u00c1lamo \u00c1lvarez, Eduardo J. Huelva Fdez-Trabanco, Cristian Manzano Rodr\u00edguez<\/p>\n","protected":false},"excerpt":{"rendered":"<p>Estudiantes del Aula de Artes Esc\u00e9nicas de la Universidad Pablo de Olavide, La Escalera Teatro, presentan el martes 11 y el mi\u00e9rcoles 12 de junio, a las 20:30 horas en la sala La Fundici\u00f3n de Sevilla (C\/Habana, 18), la obra \u2018Madame La Mort\u2019, una creaci\u00f3n colectiva con la muerte como protagonista dirigida por Mariana Gonz\u00e1lez Roberts. La obra podr\u00e1 verse tambi\u00e9n ma\u00f1ana mi\u00e9rcoles en el mismo horario.<\/p>\n","protected":false},"author":6,"featured_media":30856952,"comment_status":"closed","ping_status":"open","sticky":false,"template":"","format":"standard","meta":{"_monsterinsights_skip_tracking":false,"_monsterinsights_sitenote_active":false,"_monsterinsights_sitenote_note":"","_monsterinsights_sitenote_category":0,"footnotes":""},"categories":[5842],"tags":[4118,21,73,1384,3746,95],"class_list":["post-30857081","post","type-post","status-publish","format-standard","has-post-thumbnail","hentry","category-comunidad","tag-aula-de-artes-escenicas","tag-estudiantes","tag-la-escalera-teatro","tag-mariana-gonzalez-roberts","tag-servicio-de-extension-cultural","tag-teatro"],"_links":{"self":[{"href":"https:\/\/www.upo.es\/diario\/wp-json\/wp\/v2\/posts\/30857081","targetHints":{"allow":["GET"]}}],"collection":[{"href":"https:\/\/www.upo.es\/diario\/wp-json\/wp\/v2\/posts"}],"about":[{"href":"https:\/\/www.upo.es\/diario\/wp-json\/wp\/v2\/types\/post"}],"author":[{"embeddable":true,"href":"https:\/\/www.upo.es\/diario\/wp-json\/wp\/v2\/users\/6"}],"replies":[{"embeddable":true,"href":"https:\/\/www.upo.es\/diario\/wp-json\/wp\/v2\/comments?post=30857081"}],"version-history":[{"count":7,"href":"https:\/\/www.upo.es\/diario\/wp-json\/wp\/v2\/posts\/30857081\/revisions"}],"predecessor-version":[{"id":30857130,"href":"https:\/\/www.upo.es\/diario\/wp-json\/wp\/v2\/posts\/30857081\/revisions\/30857130"}],"wp:featuredmedia":[{"embeddable":true,"href":"https:\/\/www.upo.es\/diario\/wp-json\/wp\/v2\/media\/30856952"}],"wp:attachment":[{"href":"https:\/\/www.upo.es\/diario\/wp-json\/wp\/v2\/media?parent=30857081"}],"wp:term":[{"taxonomy":"category","embeddable":true,"href":"https:\/\/www.upo.es\/diario\/wp-json\/wp\/v2\/categories?post=30857081"},{"taxonomy":"post_tag","embeddable":true,"href":"https:\/\/www.upo.es\/diario\/wp-json\/wp\/v2\/tags?post=30857081"}],"curies":[{"name":"wp","href":"https:\/\/api.w.org\/{rel}","templated":true}]}}