{"id":30857099,"date":"2019-06-11T06:18:19","date_gmt":"2019-06-11T03:18:19","guid":{"rendered":"https:\/\/www.upo.es\/diario\/?p=30857099"},"modified":"2019-06-12T10:22:09","modified_gmt":"2019-06-12T07:22:09","slug":"auditores-de-la-aneca-visitan-hoy-la-facultad-de-derecho-de-la-universidad-pablo-de-olavide","status":"publish","type":"post","link":"https:\/\/www.upo.es\/diario\/comunidad\/2019\/06\/auditores-de-la-aneca-visitan-hoy-la-facultad-de-derecho-de-la-universidad-pablo-de-olavide\/","title":{"rendered":"Auditores de la ANECA visitan la Facultad de Derecho de la Universidad Pablo de Olavide"},"content":{"rendered":"<p><img loading=\"lazy\" decoding=\"async\" class=\"alignright size-medium wp-image-30857100\" src=\"https:\/\/www.upo.es\/diario\/wp-content\/uploads\/2019\/06\/audit-e1560176459690-360x290.png\" alt=\"AUDIT\" width=\"360\" height=\"290\" srcset=\"https:\/\/www.upo.es\/diario\/wp-content\/uploads\/2019\/06\/audit-e1560176459690-360x290.png 360w, https:\/\/www.upo.es\/diario\/wp-content\/uploads\/2019\/06\/audit-e1560176459690-600x483.png 600w, https:\/\/www.upo.es\/diario\/wp-content\/uploads\/2019\/06\/audit-e1560176459690.png 737w\" sizes=\"auto, (max-width: 360px) 100vw, 360px\" \/>Un equipo auditor de la Agencia Nacional de Evaluaci\u00f3n de la Calidad y Acreditaci\u00f3n (ANECA) visita hoy martes 11 de junio la Universidad Pablo de Olavide para la certificaci\u00f3n del Sistema de Garant\u00eda Interna de Calidad de la Facultad de Derecho.<\/p>\n<p>Los auditores, provenientes de la Universidad Polit\u00e9cnica de Madrid y de la Universidad Pontificia Comillas, se reunir\u00e1n en primer lugar con los responsables del centro, equipo decanal, para a continuaci\u00f3n entrevistarse con representantes de los estudiantes, profesorado, personal de administraci\u00f3n y egresados de la Facultad de Derecho. As\u00ed mismo, estar\u00e1n presentes en el proceso de auditor\u00eda Ra\u00fal Gir\u00e1ldez Rojo, delegado del rector para la Calidad, integrantes de la Comisi\u00f3n de Garant\u00eda de Calidad del centro y tutores de pr\u00e1cticas y empleadores de estudiantes que han pasado por la Facultad de Derecho de la UPO. La jornada se iniciar\u00e1 a las 9 horas y tiene prevista su finalizaci\u00f3n a las 18 horas de hoy.<\/p>\n<p>ANECA es un organismo aut\u00f3nomo adscrito al Ministerio de Educaci\u00f3n que tiene como objetivo contribuir a la mejora de la calidad del sistema universitario mediante la evaluaci\u00f3n, certificaci\u00f3n y acreditaci\u00f3n de ense\u00f1anzas, profesorado e instituciones contribuyendo a la consolidaci\u00f3n del EEES y su rendici\u00f3n de cuentas a la sociedad.<\/p>\n","protected":false},"excerpt":{"rendered":"<p> Un equipo auditor de la Agencia Nacional de Evaluaci\u00f3n de la Calidad y Acreditaci\u00f3n (ANECA) visita hoy martes 11 de junio la Universidad Pablo de Olavide para la certificaci\u00f3n del Sistema de Garant\u00eda Interna de Calidad de la Facultad de Derecho.<\/p>\n","protected":false},"author":6,"featured_media":30857100,"comment_status":"closed","ping_status":"open","sticky":false,"template":"","format":"standard","meta":{"_monsterinsights_skip_tracking":false,"_monsterinsights_sitenote_active":false,"_monsterinsights_sitenote_note":"","_monsterinsights_sitenote_category":0,"footnotes":""},"categories":[5842],"tags":[1601,5392,81,4333,3696],"class_list":["post-30857099","post","type-post","status-publish","format-standard","has-post-thumbnail","hentry","category-comunidad","tag-aneca","tag-auditorias","tag-facultad-de-derecho","tag-sgic","tag-sistema-de-garantia-interna-de-calidad"],"_links":{"self":[{"href":"https:\/\/www.upo.es\/diario\/wp-json\/wp\/v2\/posts\/30857099","targetHints":{"allow":["GET"]}}],"collection":[{"href":"https:\/\/www.upo.es\/diario\/wp-json\/wp\/v2\/posts"}],"about":[{"href":"https:\/\/www.upo.es\/diario\/wp-json\/wp\/v2\/types\/post"}],"author":[{"embeddable":true,"href":"https:\/\/www.upo.es\/diario\/wp-json\/wp\/v2\/users\/6"}],"replies":[{"embeddable":true,"href":"https:\/\/www.upo.es\/diario\/wp-json\/wp\/v2\/comments?post=30857099"}],"version-history":[{"count":2,"href":"https:\/\/www.upo.es\/diario\/wp-json\/wp\/v2\/posts\/30857099\/revisions"}],"predecessor-version":[{"id":30857126,"href":"https:\/\/www.upo.es\/diario\/wp-json\/wp\/v2\/posts\/30857099\/revisions\/30857126"}],"wp:featuredmedia":[{"embeddable":true,"href":"https:\/\/www.upo.es\/diario\/wp-json\/wp\/v2\/media\/30857100"}],"wp:attachment":[{"href":"https:\/\/www.upo.es\/diario\/wp-json\/wp\/v2\/media?parent=30857099"}],"wp:term":[{"taxonomy":"category","embeddable":true,"href":"https:\/\/www.upo.es\/diario\/wp-json\/wp\/v2\/categories?post=30857099"},{"taxonomy":"post_tag","embeddable":true,"href":"https:\/\/www.upo.es\/diario\/wp-json\/wp\/v2\/tags?post=30857099"}],"curies":[{"name":"wp","href":"https:\/\/api.w.org\/{rel}","templated":true}]}}