{"id":30857103,"date":"2019-06-10T20:40:02","date_gmt":"2019-06-10T17:40:02","guid":{"rendered":"https:\/\/www.upo.es\/diario\/?p=30857103"},"modified":"2019-06-11T16:45:53","modified_gmt":"2019-06-11T13:45:53","slug":"visita-institucional-de-la-upo-al-parlamento-de-andalucia","status":"publish","type":"post","link":"https:\/\/www.upo.es\/diario\/institucional\/2019\/06\/visita-institucional-de-la-upo-al-parlamento-de-andalucia\/","title":{"rendered":"Visita institucional de la UPO al Parlamento de Andaluc\u00eda"},"content":{"rendered":"<p><a href=\"https:\/\/www.upo.es\/diario\/wp-content\/uploads\/2019\/06\/visita-Parlamento-Andalucia-2.jpg\"><img loading=\"lazy\" decoding=\"async\" class=\"alignright size-medium wp-image-30857086\" src=\"https:\/\/www.upo.es\/diario\/wp-content\/uploads\/2019\/06\/visita-Parlamento-Andalucia-2-360x257.jpg\" alt=\"\" width=\"360\" height=\"257\" srcset=\"https:\/\/www.upo.es\/diario\/wp-content\/uploads\/2019\/06\/visita-Parlamento-Andalucia-2-360x257.jpg 360w, https:\/\/www.upo.es\/diario\/wp-content\/uploads\/2019\/06\/visita-Parlamento-Andalucia-2-768x549.jpg 768w, https:\/\/www.upo.es\/diario\/wp-content\/uploads\/2019\/06\/visita-Parlamento-Andalucia-2-750x536.jpg 750w, https:\/\/www.upo.es\/diario\/wp-content\/uploads\/2019\/06\/visita-Parlamento-Andalucia-2-600x429.jpg 600w, https:\/\/www.upo.es\/diario\/wp-content\/uploads\/2019\/06\/visita-Parlamento-Andalucia-2.jpg 2048w\" sizes=\"auto, (max-width: 360px) 100vw, 360px\" \/><\/a>El rector de la Universidad Pablo de Olavide, <strong>Vicente Guzm\u00e1n Fluja,<\/strong> acompa\u00f1ado de la vicerrectora de Relaciones Institucionales, <strong>Pilar Rodr\u00edguez Reina<\/strong>, ha mantenido un encuentro esta ma\u00f1ana con la presidenta del Parlamento de Andaluc\u00eda, <strong>Marta Bosquet<\/strong>, con el fin de estrechar lazos y afianzar el marco de di\u00e1logo y colaboraci\u00f3n existente entre ambas instituciones.<\/p>\n<p>Durante la reuni\u00f3n, tanto la presidenta del Parlamento andaluz como el rector de la UPO han intercambiado ideas e impresiones sobre la actualidad pol\u00edtica y universitaria en Andaluc\u00eda y han expresado su voluntad de colaboraci\u00f3n en diferentes iniciativas que busquen el conocimiento y acercamiento de los j\u00f3venes a sus instituciones pol\u00edticas. En este sentido, Marta Bosquet ha valorado de manera positiva las actividades de simulaci\u00f3n de debates, comisiones y plenarios que ha impulsado la Universidad Pablo de Olavide para hacer part\u00edcipe al alumnado de la vida parlamentaria y se ha mostrado interesada en llevarlas a cabo en la instituci\u00f3n que preside.\u00a0 Asimismo, los representantes de ambas instituciones han acordado continuar con el marco de colaboraci\u00f3n en materia de formaci\u00f3n que permite al alumnado de la UPO realizar pr\u00e1cticas en la instituci\u00f3n pol\u00edtica.<\/p>\n<p>Este encuentro, que ha tenido lugar en la sede del Parlamento andaluz, supone la primera visita protocolaria de la Universidad Pablo de Olavide a la instituci\u00f3n desde que Marta Bosquet asumiera la presidencia el pasado mes de diciembre de 2018.<\/p>\n","protected":false},"excerpt":{"rendered":"<p>El rector de la Universidad Pablo de Olavide, Vicente Guzm\u00e1n Fluja, acompa\u00f1ado de la vicerrectora de Relaciones Institucionales, Pilar Rodr\u00edguez Reina, ha mantenido un encuentro esta ma\u00f1ana con la presidenta del Parlamento de Andaluc\u00eda, Marta Bosquet, con el fin de continuar y afianzar el marco de di\u00e1logo y colaboraci\u00f3n entre ambas instituciones.<\/p>\n","protected":false},"author":15,"featured_media":30857086,"comment_status":"closed","ping_status":"open","sticky":false,"template":"","format":"standard","meta":{"_monsterinsights_skip_tracking":false,"_monsterinsights_sitenote_active":false,"_monsterinsights_sitenote_note":"","_monsterinsights_sitenote_category":0,"footnotes":""},"categories":[6],"tags":[2048,6096,5889,5079,1794,38,1340,2291],"class_list":["post-30857103","post","type-post","status-publish","format-standard","has-post-thumbnail","hentry","category-institucional","tag-colaboracion","tag-estrechar-lazos","tag-marta-bosquet","tag-parlamento-de-andalucia","tag-pilar-rodriguez-reina","tag-rector","tag-vicente-guzman","tag-visita-institucional"],"_links":{"self":[{"href":"https:\/\/www.upo.es\/diario\/wp-json\/wp\/v2\/posts\/30857103","targetHints":{"allow":["GET"]}}],"collection":[{"href":"https:\/\/www.upo.es\/diario\/wp-json\/wp\/v2\/posts"}],"about":[{"href":"https:\/\/www.upo.es\/diario\/wp-json\/wp\/v2\/types\/post"}],"author":[{"embeddable":true,"href":"https:\/\/www.upo.es\/diario\/wp-json\/wp\/v2\/users\/15"}],"replies":[{"embeddable":true,"href":"https:\/\/www.upo.es\/diario\/wp-json\/wp\/v2\/comments?post=30857103"}],"version-history":[{"count":5,"href":"https:\/\/www.upo.es\/diario\/wp-json\/wp\/v2\/posts\/30857103\/revisions"}],"predecessor-version":[{"id":30857124,"href":"https:\/\/www.upo.es\/diario\/wp-json\/wp\/v2\/posts\/30857103\/revisions\/30857124"}],"wp:featuredmedia":[{"embeddable":true,"href":"https:\/\/www.upo.es\/diario\/wp-json\/wp\/v2\/media\/30857086"}],"wp:attachment":[{"href":"https:\/\/www.upo.es\/diario\/wp-json\/wp\/v2\/media?parent=30857103"}],"wp:term":[{"taxonomy":"category","embeddable":true,"href":"https:\/\/www.upo.es\/diario\/wp-json\/wp\/v2\/categories?post=30857103"},{"taxonomy":"post_tag","embeddable":true,"href":"https:\/\/www.upo.es\/diario\/wp-json\/wp\/v2\/tags?post=30857103"}],"curies":[{"name":"wp","href":"https:\/\/api.w.org\/{rel}","templated":true}]}}