{"id":30857153,"date":"2019-06-13T06:24:17","date_gmt":"2019-06-13T03:24:17","guid":{"rendered":"https:\/\/www.upo.es\/diario\/?p=30857153"},"modified":"2019-06-13T16:30:41","modified_gmt":"2019-06-13T13:30:41","slug":"las-claves-en-la-comunicacion-de-los-proyectos-en-los-desayunos-europeos-de-la-upo","status":"publish","type":"post","link":"https:\/\/www.upo.es\/diario\/comunidad\/2019\/06\/las-claves-en-la-comunicacion-de-los-proyectos-en-los-desayunos-europeos-de-la-upo\/","title":{"rendered":"Las claves en la comunicaci\u00f3n de los proyectos, en los desayunos europeos de la UPO"},"content":{"rendered":"<p><a href=\"https:\/\/www.upo.es\/diario\/wp-content\/uploads\/2019\/06\/IMG_20190613_094327_073.jpg\"><img loading=\"lazy\" decoding=\"async\" class=\"aligncenter wp-image-30857155 size-large\" src=\"https:\/\/www.upo.es\/diario\/wp-content\/uploads\/2019\/06\/IMG_20190613_094327_073-e1560432615486-750x394.jpg\" alt=\"\" width=\"750\" height=\"394\" srcset=\"https:\/\/www.upo.es\/diario\/wp-content\/uploads\/2019\/06\/IMG_20190613_094327_073-e1560432615486-750x394.jpg 750w, https:\/\/www.upo.es\/diario\/wp-content\/uploads\/2019\/06\/IMG_20190613_094327_073-e1560432615486-360x189.jpg 360w, https:\/\/www.upo.es\/diario\/wp-content\/uploads\/2019\/06\/IMG_20190613_094327_073-e1560432615486-768x403.jpg 768w, https:\/\/www.upo.es\/diario\/wp-content\/uploads\/2019\/06\/IMG_20190613_094327_073-e1560432615486-600x315.jpg 600w\" sizes=\"auto, (max-width: 750px) 100vw, 750px\" \/><\/a>Hoy se ha celebrado una nueva edici\u00f3n de los Desayunos Europeos, en la sala de grados 2 de la Biblioteca de la UPO, organizada Oficina de Transferencia de Resultados de Investigaci\u00f3n (OTRI), con la tem\u00e1tica <strong>&#8216;Claves para una comunicaci\u00f3n eficaz en proyectos Europeos: H2020 y otras convocatorias&#8217;<\/strong>.<\/p>\n<p>Los participantes en este taller pr\u00e1ctico,<strong> impartido por la periodista y experta en comunicaci\u00f3n Silvia Silva<\/strong>, han podido conocer las t\u00e9cnicas y herramientas comunicativas necesarias para mejorar tanto la redacci\u00f3n de las propuestas H2020 como la comunicaci\u00f3n y difusi\u00f3n de los proyectos de I+D+i y sus resultados.<\/p>\n<p>A fin de hacer llegar las acciones de investigaci\u00f3n e innovaci\u00f3n a un amplio espectro de audiencias, incluyendo la comunidad cient\u00edfica, los actores pol\u00edticos, el sector industrial y la sociedad en general, la Comisi\u00f3n Europea otorga cada vez un mayor peso a la comunicaci\u00f3n y difusi\u00f3n de los proyectos financiados por el programa Horizonte 2020. Con esta jornada se pretende dotar al personal t\u00e9cnico e investigador de la UPO de los conocimientos que le faciliten la comunicaci\u00f3n y difusi\u00f3n de su investigaci\u00f3n respondiendo satisfactoriamente a las exigencias de la CE.<\/p>\n<p>El taller ha sido organizado por la OTRI en el marco del proyecto Europa Redes y Gestores, concedido por el MINECO en su \u00faltima convocatoria. El proyecto CAPACITA concedido a la UPO tiene como objetivo mejorar la participaci\u00f3n de los investigadores e investigadoras de la Universidad en el Programa Marco de Innovaci\u00f3n de la Uni\u00f3n Europea H2020.<\/p>\n<p><strong>Fuente<\/strong>: Oficina de Transferencia de Resultados de Investigaci\u00f3n (OTRI) de la UPO<\/p>\n","protected":false},"excerpt":{"rendered":"<p>Hoy se ha celebrado una nueva edici\u00f3n de los Desayunos Europeos, en la sala de grados 2 de la Biblioteca de la UPO, organizada Oficina de Transferencia de Resultados de Investigaci\u00f3n (OTRI), con la tem\u00e1tica \u2018Claves para una comunicaci\u00f3n eficaz en proyectos Europeos: H2020 y otras convocatorias\u2019.<\/p>\n","protected":false},"author":6,"featured_media":30857155,"comment_status":"closed","ping_status":"open","sticky":false,"template":"","format":"standard","meta":{"_monsterinsights_skip_tracking":false,"_monsterinsights_sitenote_active":false,"_monsterinsights_sitenote_note":"","_monsterinsights_sitenote_category":0,"footnotes":""},"categories":[5842],"tags":[350,733,2148,83,933,68],"class_list":["post-30857153","post","type-post","status-publish","format-standard","has-post-thumbnail","hentry","category-comunidad","tag-comunicacion","tag-h2020","tag-oficina-de-transferencia-de-resultados-de-investigacion","tag-otri","tag-proyecto","tag-union-europea"],"_links":{"self":[{"href":"https:\/\/www.upo.es\/diario\/wp-json\/wp\/v2\/posts\/30857153","targetHints":{"allow":["GET"]}}],"collection":[{"href":"https:\/\/www.upo.es\/diario\/wp-json\/wp\/v2\/posts"}],"about":[{"href":"https:\/\/www.upo.es\/diario\/wp-json\/wp\/v2\/types\/post"}],"author":[{"embeddable":true,"href":"https:\/\/www.upo.es\/diario\/wp-json\/wp\/v2\/users\/6"}],"replies":[{"embeddable":true,"href":"https:\/\/www.upo.es\/diario\/wp-json\/wp\/v2\/comments?post=30857153"}],"version-history":[{"count":2,"href":"https:\/\/www.upo.es\/diario\/wp-json\/wp\/v2\/posts\/30857153\/revisions"}],"predecessor-version":[{"id":30857156,"href":"https:\/\/www.upo.es\/diario\/wp-json\/wp\/v2\/posts\/30857153\/revisions\/30857156"}],"wp:featuredmedia":[{"embeddable":true,"href":"https:\/\/www.upo.es\/diario\/wp-json\/wp\/v2\/media\/30857155"}],"wp:attachment":[{"href":"https:\/\/www.upo.es\/diario\/wp-json\/wp\/v2\/media?parent=30857153"}],"wp:term":[{"taxonomy":"category","embeddable":true,"href":"https:\/\/www.upo.es\/diario\/wp-json\/wp\/v2\/categories?post=30857153"},{"taxonomy":"post_tag","embeddable":true,"href":"https:\/\/www.upo.es\/diario\/wp-json\/wp\/v2\/tags?post=30857153"}],"curies":[{"name":"wp","href":"https:\/\/api.w.org\/{rel}","templated":true}]}}