{"id":30857187,"date":"2019-06-17T12:09:02","date_gmt":"2019-06-17T09:09:02","guid":{"rendered":"https:\/\/www.upo.es\/diario\/?p=30857187"},"modified":"2019-06-17T12:09:02","modified_gmt":"2019-06-17T09:09:02","slug":"ceremonia-de-egresados-de-la-promocion-2015-2019-del-grado-en-biotecnologia-de-la-upo","status":"publish","type":"post","link":"https:\/\/www.upo.es\/diario\/comunidad\/2019\/06\/ceremonia-de-egresados-de-la-promocion-2015-2019-del-grado-en-biotecnologia-de-la-upo\/","title":{"rendered":"Ceremonia de egresados de la promoci\u00f3n 2015-2019 del Grado en Biotecnolog\u00eda de la UPO"},"content":{"rendered":"<p><a href=\"https:\/\/www.upo.es\/diario\/wp-content\/uploads\/2019\/06\/190614UPO_19.00_543.jpg\"><img loading=\"lazy\" decoding=\"async\" class=\"aligncenter size-large wp-image-30857188\" src=\"https:\/\/www.upo.es\/diario\/wp-content\/uploads\/2019\/06\/190614UPO_19.00_543-750x499.jpg\" alt=\"\" width=\"750\" height=\"499\" srcset=\"https:\/\/www.upo.es\/diario\/wp-content\/uploads\/2019\/06\/190614UPO_19.00_543-750x499.jpg 750w, https:\/\/www.upo.es\/diario\/wp-content\/uploads\/2019\/06\/190614UPO_19.00_543-360x239.jpg 360w, https:\/\/www.upo.es\/diario\/wp-content\/uploads\/2019\/06\/190614UPO_19.00_543-768x511.jpg 768w, https:\/\/www.upo.es\/diario\/wp-content\/uploads\/2019\/06\/190614UPO_19.00_543-600x399.jpg 600w, https:\/\/www.upo.es\/diario\/wp-content\/uploads\/2019\/06\/190614UPO_19.00_543-165x109.jpg 165w\" sizes=\"auto, (max-width: 750px) 100vw, 750px\" \/><\/a>La ceremonia de egresados de la promoci\u00f3n 2015\/2019 del <strong>Grado en Biotecnolog\u00eda<\/strong> se celebr\u00f3 el viernes 14 de junio en la Universidad Pablo de Olavide, presidida por la decana de la Facultad de Ciencias Experimentales, Pilar Ortiz Calder\u00f3n.<\/p>\n<figure id=\"attachment_30857189\" aria-describedby=\"caption-attachment-30857189\" style=\"width: 239px\" class=\"wp-caption alignright\"><a href=\"https:\/\/www.upo.es\/diario\/wp-content\/uploads\/2019\/06\/190614UPO_19.00_483-e1560762426300.jpg\"><img loading=\"lazy\" decoding=\"async\" class=\"size-medium wp-image-30857189\" src=\"https:\/\/www.upo.es\/diario\/wp-content\/uploads\/2019\/06\/190614UPO_19.00_483-e1560762426300-239x360.jpg\" alt=\"\" width=\"239\" height=\"360\" srcset=\"https:\/\/www.upo.es\/diario\/wp-content\/uploads\/2019\/06\/190614UPO_19.00_483-e1560762426300-239x360.jpg 239w, https:\/\/www.upo.es\/diario\/wp-content\/uploads\/2019\/06\/190614UPO_19.00_483-e1560762426300-768x1155.jpg 768w, https:\/\/www.upo.es\/diario\/wp-content\/uploads\/2019\/06\/190614UPO_19.00_483-e1560762426300-499x750.jpg 499w, https:\/\/www.upo.es\/diario\/wp-content\/uploads\/2019\/06\/190614UPO_19.00_483-e1560762426300-600x902.jpg 600w, https:\/\/www.upo.es\/diario\/wp-content\/uploads\/2019\/06\/190614UPO_19.00_483-e1560762426300.jpg 2000w\" sizes=\"auto, (max-width: 239px) 100vw, 239px\" \/><\/a><figcaption id=\"caption-attachment-30857189\" class=\"wp-caption-text\">Cristina Abascal y Patricia L\u00f3pez impartieron el discurso como representantes de los estudiantes<\/figcaption><\/figure>\n<p>La madrina de la promoci\u00f3n ha sido <strong>Clara Grima Ruiz<\/strong>, profesora titular de Matem\u00e1tica Aplicada de la Universidad de Sevilla A la ceremonia han asistido tambi\u00e9n el profesor del \u00c1rea de Gen\u00e9tica de la UPO, <strong>Juan Jos\u00e9 Infante Vi\u00f1olo<\/strong>; el vicedecano de Ordenaci\u00f3n Acad\u00e9mica de la Facultad de Ciencias Experimentales, <strong>Juan Rigoberto Tejedo Huam\u00e1n<\/strong>, y la directora acad\u00e9mica del Grado en Biotecnolog\u00eda, <strong>Mar\u00eda de la Menta Ballesteros Mart\u00edn<\/strong>.\u00a0 Los representantes de los estudiantes han sido <strong>Cristina Abascal Ruiz<\/strong> y <strong>Patricia L\u00f3pez Gonz\u00e1lez.<\/strong><\/p>\n<p>Un total de 53 egresados y egresadas han asistido junto a sus familiares a este acto con el que la Universidad Pablo de Olavide recupera una antigua tradici\u00f3n de las universidades europeas.<\/p>\n<p>&nbsp;<\/p>\n","protected":false},"excerpt":{"rendered":"<p>La ceremonia de egresados de la promoci\u00f3n 2015\/2019 del Grado en Biotecnolog\u00eda se celebr\u00f3 el viernes 14 de junio en la Universidad Pablo de Olavide, presidida por la decana de la Facultad de Ciencias Experimentales, Pilar Ortiz Calder\u00f3n.<\/p>\n","protected":false},"author":4,"featured_media":30857188,"comment_status":"closed","ping_status":"open","sticky":false,"template":"","format":"standard","meta":{"_monsterinsights_skip_tracking":false,"_monsterinsights_sitenote_active":false,"_monsterinsights_sitenote_note":"","_monsterinsights_sitenote_category":0,"footnotes":""},"categories":[5842],"tags":[581,122,2426],"class_list":["post-30857187","post","type-post","status-publish","format-standard","has-post-thumbnail","hentry","category-comunidad","tag-ceremonia-de-egresados","tag-facultad-ciencias-experimentales","tag-grado-en-biotecnologia"],"_links":{"self":[{"href":"https:\/\/www.upo.es\/diario\/wp-json\/wp\/v2\/posts\/30857187","targetHints":{"allow":["GET"]}}],"collection":[{"href":"https:\/\/www.upo.es\/diario\/wp-json\/wp\/v2\/posts"}],"about":[{"href":"https:\/\/www.upo.es\/diario\/wp-json\/wp\/v2\/types\/post"}],"author":[{"embeddable":true,"href":"https:\/\/www.upo.es\/diario\/wp-json\/wp\/v2\/users\/4"}],"replies":[{"embeddable":true,"href":"https:\/\/www.upo.es\/diario\/wp-json\/wp\/v2\/comments?post=30857187"}],"version-history":[{"count":1,"href":"https:\/\/www.upo.es\/diario\/wp-json\/wp\/v2\/posts\/30857187\/revisions"}],"predecessor-version":[{"id":30857190,"href":"https:\/\/www.upo.es\/diario\/wp-json\/wp\/v2\/posts\/30857187\/revisions\/30857190"}],"wp:featuredmedia":[{"embeddable":true,"href":"https:\/\/www.upo.es\/diario\/wp-json\/wp\/v2\/media\/30857188"}],"wp:attachment":[{"href":"https:\/\/www.upo.es\/diario\/wp-json\/wp\/v2\/media?parent=30857187"}],"wp:term":[{"taxonomy":"category","embeddable":true,"href":"https:\/\/www.upo.es\/diario\/wp-json\/wp\/v2\/categories?post=30857187"},{"taxonomy":"post_tag","embeddable":true,"href":"https:\/\/www.upo.es\/diario\/wp-json\/wp\/v2\/tags?post=30857187"}],"curies":[{"name":"wp","href":"https:\/\/api.w.org\/{rel}","templated":true}]}}