{"id":30857200,"date":"2019-06-17T05:16:25","date_gmt":"2019-06-17T02:16:25","guid":{"rendered":"https:\/\/www.upo.es\/diario\/?p=30857200"},"modified":"2019-06-19T16:55:28","modified_gmt":"2019-06-19T13:55:28","slug":"el-patronato-de-la-fundacion-universidad-pablo-de-olavide-aprueba-las-cuentas-anuales-del-ejercicio-2018","status":"publish","type":"post","link":"https:\/\/www.upo.es\/diario\/institucional\/2019\/06\/el-patronato-de-la-fundacion-universidad-pablo-de-olavide-aprueba-las-cuentas-anuales-del-ejercicio-2018\/","title":{"rendered":"El Patronato de la Fundaci\u00f3n Universidad Pablo de Olavide aprueba las cuentas anuales del ejercicio 2018"},"content":{"rendered":"<figure id=\"attachment_30857208\" aria-describedby=\"caption-attachment-30857208\" style=\"width: 750px\" class=\"wp-caption aligncenter\"><a href=\"https:\/\/www.upo.es\/diario\/wp-content\/uploads\/2019\/06\/Patronato-FUPO-junio-2019-1.jpg\"><img loading=\"lazy\" decoding=\"async\" class=\"wp-image-30857208 size-large\" src=\"https:\/\/www.upo.es\/diario\/wp-content\/uploads\/2019\/06\/Patronato-FUPO-junio-2019-1-e1560773901511-750x396.jpg\" alt=\"\" width=\"750\" height=\"396\" srcset=\"https:\/\/www.upo.es\/diario\/wp-content\/uploads\/2019\/06\/Patronato-FUPO-junio-2019-1-e1560773901511-750x396.jpg 750w, https:\/\/www.upo.es\/diario\/wp-content\/uploads\/2019\/06\/Patronato-FUPO-junio-2019-1-e1560773901511-360x190.jpg 360w, https:\/\/www.upo.es\/diario\/wp-content\/uploads\/2019\/06\/Patronato-FUPO-junio-2019-1-e1560773901511-768x405.jpg 768w, https:\/\/www.upo.es\/diario\/wp-content\/uploads\/2019\/06\/Patronato-FUPO-junio-2019-1-e1560773901511-600x317.jpg 600w\" sizes=\"auto, (max-width: 750px) 100vw, 750px\" \/><\/a><figcaption id=\"caption-attachment-30857208\" class=\"wp-caption-text\">La reuni\u00f3n del Patronato ha estado presidida por el rector Vicente Guzm\u00e1n<\/figcaption><\/figure>\n<p>El <strong>Patronato de la Fundaci\u00f3n Universidad Pablo de Olavide<\/strong> ha aprobado las cuentas anuales correspondientes al <strong>ejercicio 2018<\/strong>. Durante la reuni\u00f3n se ha presentado tambi\u00e9n la memoria de actividades desarrolladas por esta entidad en las distintas \u00e1reas de trabajo encargadas por la UPO durante ese mismo periodo: Empleabilidad y Emprendimiento, Formaci\u00f3n Permanente, Internacionalizaci\u00f3n, Sedes Universitarias Externas, Deportes y Actividades de Car\u00e1cter Social y Cultural.<\/p>\n<p>En concreto, entre las actividades destinadas a favorecer la inserci\u00f3n laboral de los estudiantes y egresados de la UPO, <strong>la Fundaci\u00f3n ha gestionado 2595 pr\u00e1cticas en empresas<\/strong>, de las cuales 2125 corresponden a pr\u00e1cticas curriculares, tanto de grado como de postgrado y el resto, 470 son pr\u00e1cticas extracurriculares; se tramitaron 776 convenios de cooperaci\u00f3n con empresas e instituciones nacionales e internacionales; se atendieron a 584 usuarios en el servicio de orientaci\u00f3n profesional y se impartieron 51 talleres grupales.<\/p>\n<p>Adem\u00e1s, se foment\u00f3 la <strong>cultura emprendedora<\/strong> con distintos eventos entre los que destacan la X edici\u00f3n del Concurso UPOemprende con un total de 77 proyectos presentados; la inauguraci\u00f3n del CADE-UPO, el primer Centro Andaluz de Emprendimiento (CADE) universitario asociado a un espacio coworking en Andaluc\u00eda; la tercera edici\u00f3n de Ideas Factory by UPO y la primera edici\u00f3n de la C\u00e1tedra Andaluc\u00eda Emprende.<\/p>\n<p>Con respecto a Formaci\u00f3n Permanente, a lo largo de 2018 se han ejecutado un total de <strong>67 t\u00edtulos propios entre M\u00e1ster, Diploma de Especializaci\u00f3n, T\u00edtulo de Experto, Certificado, Diploma de Extensi\u00f3n Universitaria y Certificado de Extensi\u00f3n Universitaria<\/strong>, con un total de 1.149 y nueve actividades formativas espec\u00edficas, con 230 estudiantes. Adem\u00e1s, durante este a\u00f1o se ha participado en diferentes ferias de formaci\u00f3n de postgrado entre las que destacan FIES Sevilla y Granada y Especializa-T.<\/p>\n<p>Por otro lado, la Fundaci\u00f3n tambi\u00e9n gestiona el<strong> Centro Universitario Internacional<\/strong>, que en 2018 cont\u00f3 con 934 estudiantes matriculados en los distintos programas que oferta este centro. Durante el a\u00f1o el CUI ha desarrollado en la UPO el Programa de Estudios Hisp\u00e1nicos, el Programa de Lengua y Cultura Espa\u00f1ola, el Programa de Integraci\u00f3n Universitaria y varios cursos del Programa de lengua Espa\u00f1ola.<\/p>\n<p>La Fundaci\u00f3n UPO gestiona adem\u00e1s<strong> tres sedes universitarias externas<\/strong>: la Residencia Flora Trist\u00e1n, ubicada en el Pol\u00edgono Sur y galardonada durante este ejercicio con el Premio Andaluc\u00eda M\u00e1s Social; la Sede Olavide en Carmona-Rectora Rosario Valpuesta, sede de diferentes actividades y congresos entre la que destaca la XVI edici\u00f3n de los Cursos de Verano de la UPO y la nueva Sede Olavide en Sevilla-Centro, inaugurada durante 2018.<\/p>\n<p>Con respecto al deporte, la Fundaci\u00f3n gestiona el <strong>Servicio de Deportes de la UPO<\/strong> que cont\u00f3 durante 2018 con m\u00e1s de 6000 usuarios. Entre los eventos m\u00e1s destacado se encuentra la cuarta edici\u00f3n de la Carrera Popular de la UPO, que cont\u00f3 con la participaci\u00f3n de m\u00e1s de 800 corredores a pesar de las inclemencias meteorol\u00f3gicas; el Torneo Internacional del Sur, el mayor torneo de rugby del sur de Europa o la organizaci\u00f3n de la fase final del CAU de rugby.<\/p>\n<p>La reuni\u00f3n del Patronato ha estado presidida por el rector de la Universidad Pablo de Olavide y presidente de la Fundaci\u00f3n, Vicente Guzm\u00e1n; y han asistido el vicepresidente ejecutivo de la Fundaci\u00f3n, David Naranjo; el secretario general de la UPO, Jos\u00e9 Mar\u00eda Seco; la vicerrectora de Cultura y Compromiso Social, Elodia Hern\u00e1ndez; el vicerrector de Estrategia, Empleabilidad y Emprendimiento, Jos\u00e9 Manuel Feria; la vicerrectora de Internacionalizaci\u00f3n, Maribel Lucena; el gerente de la UPO, Fernando Contreras y el coordinador general de la Fundaci\u00f3n, Pedro Gonz\u00e1lez-Velasco. Adem\u00e1s, en representaci\u00f3n del Consejo Social, han asistido Juan Antonio Mart\u00ednez y Manuel Antonio G\u00e1lvez, as\u00ed como la delegada general del Consejo de Estudiantes, Balma Laseo.<\/p>\n<p><strong>Memoria de Actividades 2018<\/strong>:<br \/>\n<a href=\"https:\/\/www.upo.es\/fundaciones\/wp-content\/uploads\/2015\/06\/4-PLAN-DE-ACTUACION-2019.pdf\">www.upo.es\/fundaciones\/wp-content\/uploads\/2015\/06\/4-PLAN-DE-ACTUACION-2019.pdf<\/a><\/p>\n<p><iframe loading=\"lazy\" src=\"https:\/\/www.youtube.com\/embed\/g38fNucHejk\" width=\"560\" height=\"315\" frameborder=\"0\" allowfullscreen=\"allowfullscreen\"><\/iframe><\/p>\n","protected":false},"excerpt":{"rendered":"<p>El Patronato de la Fundaci\u00f3n Universidad Pablo de Olavide ha aprobado las cuentas anuales correspondientes al ejercicio 2018. Durante la reuni\u00f3n se ha presentado tambi\u00e9n la memoria de actividades desarrolladas por esta entidad en las distintas \u00e1reas de trabajo encargadas por la UPO durante ese mismo periodo: Empleabilidad y Emprendimiento, Formaci\u00f3n Permanente, Internacionalizaci\u00f3n, Sedes Universitarias Externas, Deportes y Actividades de Car\u00e1cter Social y Cultural. <\/p>\n","protected":false},"author":6,"featured_media":30857208,"comment_status":"closed","ping_status":"open","sticky":false,"template":"","format":"standard","meta":{"_monsterinsights_skip_tracking":false,"_monsterinsights_sitenote_active":false,"_monsterinsights_sitenote_note":"","_monsterinsights_sitenote_category":0,"footnotes":""},"categories":[6],"tags":[155,2474,730,65,492,1320],"class_list":["post-30857200","post","type-post","status-publish","format-standard","has-post-thumbnail","hentry","category-institucional","tag-centro-universitario-internacional","tag-fundacion-universidad-pablo-de-olavide","tag-patronato","tag-practicas","tag-servicio-de-deportes","tag-titulos-propios"],"_links":{"self":[{"href":"https:\/\/www.upo.es\/diario\/wp-json\/wp\/v2\/posts\/30857200","targetHints":{"allow":["GET"]}}],"collection":[{"href":"https:\/\/www.upo.es\/diario\/wp-json\/wp\/v2\/posts"}],"about":[{"href":"https:\/\/www.upo.es\/diario\/wp-json\/wp\/v2\/types\/post"}],"author":[{"embeddable":true,"href":"https:\/\/www.upo.es\/diario\/wp-json\/wp\/v2\/users\/6"}],"replies":[{"embeddable":true,"href":"https:\/\/www.upo.es\/diario\/wp-json\/wp\/v2\/comments?post=30857200"}],"version-history":[{"count":3,"href":"https:\/\/www.upo.es\/diario\/wp-json\/wp\/v2\/posts\/30857200\/revisions"}],"predecessor-version":[{"id":30857210,"href":"https:\/\/www.upo.es\/diario\/wp-json\/wp\/v2\/posts\/30857200\/revisions\/30857210"}],"wp:featuredmedia":[{"embeddable":true,"href":"https:\/\/www.upo.es\/diario\/wp-json\/wp\/v2\/media\/30857208"}],"wp:attachment":[{"href":"https:\/\/www.upo.es\/diario\/wp-json\/wp\/v2\/media?parent=30857200"}],"wp:term":[{"taxonomy":"category","embeddable":true,"href":"https:\/\/www.upo.es\/diario\/wp-json\/wp\/v2\/categories?post=30857200"},{"taxonomy":"post_tag","embeddable":true,"href":"https:\/\/www.upo.es\/diario\/wp-json\/wp\/v2\/tags?post=30857200"}],"curies":[{"name":"wp","href":"https:\/\/api.w.org\/{rel}","templated":true}]}}