{"id":30857239,"date":"2019-06-19T16:20:49","date_gmt":"2019-06-19T13:20:49","guid":{"rendered":"https:\/\/www.upo.es\/diario\/?p=30857239"},"modified":"2019-06-19T16:24:48","modified_gmt":"2019-06-19T13:24:48","slug":"la-upo-acoge-la-clausura-de-la-iv-edicion-del-programa-yo-me-prepro","status":"publish","type":"post","link":"https:\/\/www.upo.es\/diario\/cultura-social\/2019\/06\/la-upo-acoge-la-clausura-de-la-iv-edicion-del-programa-yo-me-prepro\/","title":{"rendered":"La UPO acoge la clausura de la IV edici\u00f3n del programa \u2018Yo me prep@ro\u2019"},"content":{"rendered":"<figure id=\"attachment_30857241\" aria-describedby=\"caption-attachment-30857241\" style=\"width: 750px\" class=\"wp-caption aligncenter\"><a href=\"https:\/\/www.upo.es\/diario\/wp-content\/uploads\/2019\/06\/Prog_YoMePreparo_2019_06_19_15.jpg\"><img loading=\"lazy\" decoding=\"async\" class=\"wp-image-30857241 size-large\" src=\"https:\/\/www.upo.es\/diario\/wp-content\/uploads\/2019\/06\/Prog_YoMePreparo_2019_06_19_15-750x422.jpg\" alt=\"Juan Padilla, M\u00aa Paz Lagares, Mercedes L\u00f3pez, Rosa D\u00edaz, Rafael Caballero y Jos\u00e9 Manuel Hermida en la clausura del programa 'Yo me preparo'\" width=\"750\" height=\"422\" srcset=\"https:\/\/www.upo.es\/diario\/wp-content\/uploads\/2019\/06\/Prog_YoMePreparo_2019_06_19_15-750x422.jpg 750w, https:\/\/www.upo.es\/diario\/wp-content\/uploads\/2019\/06\/Prog_YoMePreparo_2019_06_19_15-360x203.jpg 360w, https:\/\/www.upo.es\/diario\/wp-content\/uploads\/2019\/06\/Prog_YoMePreparo_2019_06_19_15-768x432.jpg 768w, https:\/\/www.upo.es\/diario\/wp-content\/uploads\/2019\/06\/Prog_YoMePreparo_2019_06_19_15-600x338.jpg 600w\" sizes=\"auto, (max-width: 750px) 100vw, 750px\" \/><\/a><figcaption id=\"caption-attachment-30857241\" class=\"wp-caption-text\">Juan Padilla, M\u00aa Paz Lagares, Mercedes L\u00f3pez, Rosa D\u00edaz, Rafael Caballero y Jos\u00e9 Manuel Hermida en la clausura del programa &#8216;Yo me prep@ro&#8217;<\/figcaption><\/figure>\n<p>La Universidad Pablo de Olavide ha acogido en la ma\u00f1ana de hoy mi\u00e9rcoles la clausura de la IV edici\u00f3n del <strong>programa <\/strong><strong>\u2018Yo me prep@ro\u2019<\/strong>, un proyecto de <strong>DOWN Espa\u00f1a<\/strong> y <strong>Fundaci\u00f3n Vodafone Espa\u00f1a<\/strong> para la formaci\u00f3n en nuevas tecnolog\u00edas de la informaci\u00f3n a j\u00f3venes y adultos con s\u00edndrome de Down y otras discapacidades intelectuales.<\/p>\n<p>En este curso 2018\/2019, las asociacines DOWN Sevilla y ASPANRIDOWN han participado en este proyecto que incorpora la realidad virtual como herramienta para mejorar el acceso al empleo a 16 personas con discapacidad intelectual de Sevilla, 8 personas de cada asociaci\u00f3n antes mencionadas.<\/p>\n<p>La decana de la Facultad de Ciencias Sociales de la Universidad Pablo de Olavide, Rosa Mar\u00eda D\u00edaz Jim\u00e9nez, ha dado la bienvenida al acto celebrado hoy, que a continuaci\u00f3n ha sido presentado por Pablo Vel\u00e1zquez y Teresa Caballero, usuarios de ASPANRIDOWN y DOWN Sevilla.<\/p>\n<p>El programa formativo incluye un per\u00edodo de pr\u00e1cticas en empresas o una contrataci\u00f3n en el mejor de los casos. Se han realizado 5 pr\u00e1cticas y 3 contrataciones en cada asociaci\u00f3n durante esta edici\u00f3n.<\/p>\n<p><strong>V edici\u00f3n del programa <\/strong><strong>\u2018Yo me prep@ro\u2019<\/strong><\/p>\n<p>El proyecto a nivel nacional alcanzar\u00e1, en esta quinta edici\u00f3n, el mayor n\u00famero de alumnos con esta discapacidad intelectual nunca implicados en un programa de formaci\u00f3n en TICs. Ser\u00e1n 240 personas con s\u00edndrome de Down, quienes, en el transcurso de las 700 horas formativas impartidas en el programa,adquirir\u00e1n conocimientos en aspectos tan importantes como el uso de programas inform\u00e1ticos, la navegaci\u00f3n por Internet o la interacci\u00f3n con diversas aplicaciones m\u00f3viles. Los nuevos participantes se sumar\u00e1n a los 960 j\u00f3venes de ediciones anteriores que recibir\u00e1n un refuerzo a su formaci\u00f3n, sumando un total de 1202 alumnos que se beneficiar\u00e1n del programa en esta nueva edici\u00f3n.<\/p>\n<p>Como complemento a su formaci\u00f3n, el alumnado tendr\u00e1 la oportunidad de realizar pr\u00e1cticas laborales en empresas ordinarias de su entorno. DOWN ESPA\u00d1A ha adquirido el compromiso de lograr la inserci\u00f3n laboral de por lo menos 72 de los participantes del proyecto. Sumados a los contratos laborales para alumando conseguidos en los a\u00f1os previos, el proyecto &#8216;Yo me prep@ro&#8217; conseguir\u00e1 durante sus cinco a\u00f1os de ejecuci\u00f3n un total de 367 inserciones en empresas ordinarias de todo el pa\u00eds.<\/p>\n<p>Uno de los aspectos clave del programa es que en \u00e9l participar\u00e1n usuarios de un gran n\u00famero de comunidades aut\u00f3nomas.\u00a0 En esta edici\u00f3n la formaci\u00f3n se impartir\u00e1 en 19 entidades federadas a DOWN Espa\u00f1a ubicadas en las siguientes localidades: \u00c1vila, Castell\u00f3n, C\u00f3rdoba, Granada, Jerez, La Rioja, M\u00e1laga, Murcia, Ourense, Palencia, Principado de Asturias, Sabadell, Sevilla, Toledo, Valladolid y Vigo.<\/p>\n<p>&nbsp;<\/p>\n","protected":false},"excerpt":{"rendered":"<p>La Universidad Pablo de Olavide ha acogido en la ma\u00f1ana de hoy mi\u00e9rcoles la clausura de la IV edici\u00f3n del programa \u2018Yo me prep@ro\u2019, un proyecto de DOWN Espa\u00f1a y Fundaci\u00f3n Vodafone Espa\u00f1a para la formaci\u00f3n en nuevas tecnolog\u00edas de la informaci\u00f3n a j\u00f3venes y adultos con s\u00edndrome de Down y otras discapacidades intelectuales.<\/p>\n","protected":false},"author":2,"featured_media":30857241,"comment_status":"closed","ping_status":"open","sticky":false,"template":"","format":"standard","meta":{"_monsterinsights_skip_tracking":false,"_monsterinsights_sitenote_active":false,"_monsterinsights_sitenote_note":"","_monsterinsights_sitenote_category":0,"footnotes":""},"categories":[5843],"tags":[463,2701,1210,6132,487,509,3456,2813],"class_list":["post-30857239","post","type-post","status-publish","format-standard","has-post-thumbnail","hentry","category-cultura-social","tag-clausura","tag-decana","tag-discapacidad","tag-down","tag-facultad-ciencias-sociales","tag-formacion","tag-inclusion","tag-integracion"],"_links":{"self":[{"href":"https:\/\/www.upo.es\/diario\/wp-json\/wp\/v2\/posts\/30857239","targetHints":{"allow":["GET"]}}],"collection":[{"href":"https:\/\/www.upo.es\/diario\/wp-json\/wp\/v2\/posts"}],"about":[{"href":"https:\/\/www.upo.es\/diario\/wp-json\/wp\/v2\/types\/post"}],"author":[{"embeddable":true,"href":"https:\/\/www.upo.es\/diario\/wp-json\/wp\/v2\/users\/2"}],"replies":[{"embeddable":true,"href":"https:\/\/www.upo.es\/diario\/wp-json\/wp\/v2\/comments?post=30857239"}],"version-history":[{"count":4,"href":"https:\/\/www.upo.es\/diario\/wp-json\/wp\/v2\/posts\/30857239\/revisions"}],"predecessor-version":[{"id":30857244,"href":"https:\/\/www.upo.es\/diario\/wp-json\/wp\/v2\/posts\/30857239\/revisions\/30857244"}],"wp:featuredmedia":[{"embeddable":true,"href":"https:\/\/www.upo.es\/diario\/wp-json\/wp\/v2\/media\/30857241"}],"wp:attachment":[{"href":"https:\/\/www.upo.es\/diario\/wp-json\/wp\/v2\/media?parent=30857239"}],"wp:term":[{"taxonomy":"category","embeddable":true,"href":"https:\/\/www.upo.es\/diario\/wp-json\/wp\/v2\/categories?post=30857239"},{"taxonomy":"post_tag","embeddable":true,"href":"https:\/\/www.upo.es\/diario\/wp-json\/wp\/v2\/tags?post=30857239"}],"curies":[{"name":"wp","href":"https:\/\/api.w.org\/{rel}","templated":true}]}}