{"id":30857270,"date":"2019-06-24T04:57:17","date_gmt":"2019-06-24T01:57:17","guid":{"rendered":"https:\/\/www.upo.es\/diario\/?p=30857270"},"modified":"2019-06-24T14:44:00","modified_gmt":"2019-06-24T11:44:00","slug":"la-consejera-de-cultura-el-rector-y-el-alcalde-de-carmona-inauguran-el-lunes-los-cursos-de-verano-de-la-upo","status":"publish","type":"post","link":"https:\/\/www.upo.es\/diario\/institucional\/2019\/06\/la-consejera-de-cultura-el-rector-y-el-alcalde-de-carmona-inauguran-el-lunes-los-cursos-de-verano-de-la-upo\/","title":{"rendered":"La consejera de Cultura, el rector y el alcalde de Carmona inauguran hoy los Cursos de Verano de la UPO"},"content":{"rendered":"<p><a href=\"https:\/\/www.upo.es\/diario\/wp-content\/uploads\/2019\/06\/Cursos-OlavideenCarmona-2019.png\"><img loading=\"lazy\" decoding=\"async\" class=\"alignright size-full wp-image-30857226\" src=\"https:\/\/www.upo.es\/diario\/wp-content\/uploads\/2019\/06\/Cursos-OlavideenCarmona-2019.png\" alt=\"\" width=\"300\" height=\"397\" srcset=\"https:\/\/www.upo.es\/diario\/wp-content\/uploads\/2019\/06\/Cursos-OlavideenCarmona-2019.png 300w, https:\/\/www.upo.es\/diario\/wp-content\/uploads\/2019\/06\/Cursos-OlavideenCarmona-2019-272x360.png 272w\" sizes=\"auto, (max-width: 300px) 100vw, 300px\" \/><\/a>El rector de la Universidad Pablo de Olavide, <strong>Vicente Guzm\u00e1n Fluja<\/strong>; la consejera de Cultura y Patrimonio Hist\u00f3rico de la Junta de Andaluc\u00eda, <strong>Patricia del Pozo Fern\u00e1ndez<\/strong>; el alcalde de Carmona, <strong>Juan \u00c1vila Guti\u00e9rrez<\/strong>; y la presidenta del Consejo Social de la UPO, <strong>Amparo Rubiales Torrej\u00f3n<\/strong> presiden el acto oficial de<strong> inauguraci\u00f3n de la XVII edici\u00f3n de los Cursos de Verano de la Universidad Pablo de Olavide<\/strong>, que tendr\u00e1 lugar hoy <strong>lunes a las 10 horas en la sede de la Universidad Pablo de Olavide en Carmona \u2013 Rectora Rosario Valpuesta<\/strong> (Casa palacio de los Briones, calle Ram\u00f3n y Cajal, 15).<\/p>\n<p>Dicho acto contar\u00e1 tambi\u00e9n con la presencia del vicerrector de Postgrado y Formaci\u00f3n Permanente de la UPO, Miguel \u00c1ngel Gual Font; el vicepresidente ejecutivo de la Fundaci\u00f3n Universidad Pablo de Olavide, David Naranjo Gil y el director de la sede de la Universidad Pablo de Olavide en Carmona \u2013 Rectora Rosario Valpuesta, Francisco Hidalgo Rosendo, entre otras autoridades acad\u00e9micas y civiles.<\/p>\n<p>Los <strong>Cursos de Verano de la Universidad Pablo de Olavide se celebrar\u00e1n nuevamente en su sede de Carmona del 24 de junio al 30 de agosto<\/strong>. Organizados por la UPO en colaboraci\u00f3n con el Ayuntamiento de esta ciudad, la Casa Palacio de Los Briones, sede permanente de la Universidad Pablo de Olavide en Carmona, acoger\u00e1 por decimos\u00e9ptimo a\u00f1o consecutivo un total de 38 cursos.<\/p>\n<p>En los Cursos de Verano 2019 se abordar\u00e1n diversos temas, como el terrorismo yihadista la violencia en la adolescencia, el periodismo y la pol\u00edtica, la investigaci\u00f3n cient\u00edfico-t\u00e9cnica de los homicidios, el coaching, la comunicaci\u00f3n y el liderazgo la alimentaci\u00f3n emocional, los vinos de Andaluc\u00eda, la salud sexual, las mujeres en el conocimiento, la ciencia y la tecnolog\u00eda, la mediaci\u00f3n educativa, la arteterapia y la educaci\u00f3n, la lucha por los derechos en el siglo XXI, las mujeres la mujer en el cine andaluz, la ciberdelincuencia de g\u00e9nero, el entendimiento entre culturas o el sindicalismo para el trabajo futuro, entre otros, en los que participar\u00e1n diferentes especialistas nacionales e internacionales.<\/p>\n<p>Temas y materias que van desde lo pol\u00edtico a lo cultural, desde lo econ\u00f3mico a lo social y que se complementan con otros temas y disciplinas como son: el flamenco, el cine, la moda, el coaching t\u00e9cnico vocal de alto rendimiento, la espeleoarqueolog\u00eda aplicada y las pr\u00e1cticas arqueol\u00f3gicas en excavaciones abiertas. Con respecto a este \u00faltimo seminario, nos encontramos ante un \u00e1rea de trabajo en el que los estudiantes participantes podr\u00e1n, del 5 al 30 de agosto, conocer todos los entresijos, proceso y gesti\u00f3n de una excavaci\u00f3n en una ciudad como Carmona, que por su propia historia y valor patrimonial posibilita este tipo de actividad.<\/p>\n<p>En esta nueva edici\u00f3n de los cursos, los seminarios se celebrar\u00e1n entre el 24 de junio y el 19 de julio, mientras que del 5 al 30 de agosto se impartir\u00e1 un curso pr\u00e1ctico destinado a realizar intervenciones arqueol\u00f3gicas de campo. Adem\u00e1s de los tradicionales cursos de cinco d\u00edas, en esta edici\u00f3n se ha vuelto a apostar por la inclusi\u00f3n en el programa estival de seminarios de tres y dos d\u00edas, dirigidos sobre todo al reciclaje de profesionales para que puedan compaginar la formaci\u00f3n con su actividad laboral.<\/p>\n<p>Adem\u00e1s, es destacable que por sexto a\u00f1o consecutivo se hayan vuelto a incluir en la programaci\u00f3n estival dos cursos de verano coordinados por el Centro Adscrito San Isidoro (CEADE) en virtud al convenio suscrito entre la Universidad Pablo de Olavide y esta instituci\u00f3n. En concreto, se trata de los cursos \u2018La mujer en el cine andaluz: de los estereotipos al techo de cristal\u2019 y \u2018Tendencias actuales en la planificaci\u00f3n en los deportes de equipo. 2\u00ba curso de formaci\u00f3n deportiva\u2019.<\/p>\n<p>En esta edici\u00f3n, el 65,78 por ciento de los cursos vuelve a repetir tem\u00e1tica, aunque con diferentes enfoques, mientras que el 34,21 por ciento de los mismos son primeras ediciones.<\/p>\n<p>El plazo de matr\u00edcula para inscribirse en los Cursos de Verano 2019 de la Universidad Pablo de Olavide permanecer\u00e1 abierto mientras queden plazas disponibles. Los estudiantes que as\u00ed lo deseen podr\u00e1n realizar su matr\u00edcula a trav\u00e9s de Internet mediante la p\u00e1gina web www.upo.es\/olavideencarmona. En cada curso se reserva un 10 por ciento de las plazas para estudiantes becados.<\/p>\n<p>Estos cursos obtendr\u00e1n el reconocimiento de cr\u00e9ditos ECTS para los estudiantes de todas las universidades p\u00fablicas de Andaluc\u00eda y de los centros concertados de la UNED que los soliciten. Asimismo, los Cursos de Verano de la UPO se desarrollan en colaboraci\u00f3n con la Consejer\u00eda de Educaci\u00f3n de la Junta de Andaluc\u00eda, que inscribir\u00e1 estas actividades en el Registro de Actividades de Formaci\u00f3n Permanente del Profesorado, con lo cual sirven de m\u00e9rito para los profesores que as\u00ed lo requieran.<\/p>\n<p><strong>Ponentes<\/strong><\/p>\n<p>Los cursos de verano de este a\u00f1o ofrecen un programa multidisciplinar en el que participar\u00e1n m\u00e1s de 330 ponentes y conferenciantes. Adem\u00e1s, se espera la participaci\u00f3n de unos 800 estudiantes. Con respecto a los ponentes, hay que destacar la presencia en los Cursos de Verano de <strong>Susana D\u00edaz<\/strong>, expresidenta de la Junta de Andaluc\u00eda y secretaria general del PSOE de Andaluc\u00eda; <strong>Juan Mar\u00edn<\/strong>, vicepresidente y consejero de Turismo, Regeneraci\u00f3n, Justicia y Administraci\u00f3n Local de la Junta de Andaluc\u00eda; <strong>Roc\u00edo Blanco<\/strong>, consejera de Empleo, Formaci\u00f3n y Trabajo Aut\u00f3nomo de la Junta de Andaluc\u00eda; <strong>Patricia del Pozo Fern\u00e1ndez<\/strong>, consejera de Cultura y Patrimonio Hist\u00f3rico<strong> \u00a0<\/strong>y <strong>Francisco Serrano<\/strong>,\u00a0 abogado y portavoz de VOX en el Parlamento andaluz.<\/p>\n<p>Adem\u00e1s, hay que se\u00f1alar la participaci\u00f3n de <strong>Alberto Garz\u00f3n<\/strong>, coordinador federal de Izquierda Unida; <strong>Unai Sordo<\/strong>, secretario general de la CS de CCOO; <strong>Borja S\u00e9mper<\/strong>, portavoz del Grupo Popular en el Parlamento Vasco y presidente del PP de Guip\u00fazcoa; <strong>Nicol\u00e1s Sartorius<\/strong>, cofundador de CCOO, abogado, pol\u00edtico y periodista; <strong>Nuria L\u00f3pez<\/strong>, secretaria general de la CS de CCOO de Andaluc\u00eda y <strong>Jos\u00e9 Chamizo<\/strong>, ex defensor del Pueblo Andaluz.<\/p>\n<p>Tambi\u00e9n participar\u00e1n periodistas como <strong>Antonio Garc\u00eda Ferreras<\/strong>, director de La Sexta y director y presentador de Al Rojo Vivo; <strong>Pepa Bueno<\/strong>, directora de \u2018Hoy por Hoy\u2019 de la Cadena SER; <strong>Fernando Garea<\/strong>, presidente de la agencia EFE; <strong>Ana Pardo<\/strong>, directora de P\u00fablico; <strong>Vicent Sanch\u00eds<\/strong>, director general de TV3; Carlos Franganillo, presentador del Telediario 2 de Televisi\u00f3n Espa\u00f1ola; <strong>Julio Montes<\/strong>, fundador de Maldita Hemeroteca y Maldito Bulo; <strong>Luc\u00eda M\u00e9ndez<\/strong>, periodista de El Mundo y tertuliana o <strong>Mar\u00eda Esperanza S\u00e1nchez<\/strong>, periodista de la cadena SER.<\/p>\n<p>La escritora <strong>Almudena Grandes<\/strong> tambi\u00e9n estar\u00e1 presente en los cursos de verano de Olavide en Carmona, as\u00ed como la directora de cine <strong>Pilar T\u00e1vora<\/strong>; la cantaora de flamenco <strong>Carmen Linares<\/strong>; las bailaoras <strong>Isabel Bay\u00f3n, Manuela Carrasco y Merche Esmeralda<\/strong>; la soprano <strong>Juana Castillo<\/strong>; el compositor, guitarrista e introductor de la bossa nova en Europa, <strong>Jayme Marques<\/strong>; el director de la Fundaci\u00f3n Tres Culturas, <strong>Jos\u00e9 Manuel Cervera<\/strong>; el director del Centro de Estudios Andaluces, <strong>Trist\u00e1n Pert\u00ed\u00f1ez<\/strong> o <strong>Raquel Revuelta<\/strong>, empresaria y creadora del Simof (Sal\u00f3n de la moda flamenca).<\/p>\n<p>Asimismo, tambi\u00e9n se contar\u00e1 con la participaci\u00f3n de <strong>Miguel \u00c1ngel Ballesteros<\/strong>, director del Departamento de Seguridad Nacional del Gabinete de la Presidencia del Gobierno; <strong>Alberto Garc\u00eda<\/strong>, comandante de la Guardia Civil y analista de la EU Internet Referral Unit (Europol); <strong>Jes\u00fas Pedrazo<\/strong>, jefe de Brigada en la Comisar\u00eda General de Informaci\u00f3n de Polic\u00eda Nacional; <strong>\u00c1ngeles Heras<\/strong>, secretaria de Estado de Ciencia y Universidades; <strong>Majid Al-Suwadi<\/strong>, embajador de los Emiratos \u00c1rabes Unidos en Madrid o <strong>Mar\u00eda \u00c1ngeles Carmona<\/strong>, letrada de la Administraci\u00f3n de Justicia y presidenta del Observatorio de Violencia de G\u00e9nero, entre otras personalidades.<\/p>\n<p>Esta nueva edici\u00f3n de los Cursos de Verano de la Universidad Pablo de Olavide cuenta con la colaboraci\u00f3n de 90 entidades p\u00fablicas y privadas.<\/p>\n<p>M\u00e1s informaci\u00f3n en <a href=\"http:\/\/www.upo.es\/olavideencarmona\/cursos-de-verano\/\">www.upo.es\/olavideencarmona\/cursos-de-verano\/<\/a><\/p>\n","protected":false},"excerpt":{"rendered":"<p>La sede de la Universidad Pablo de Olavide en Carmona \u2013 Rectora Rosario Valpuesta acoger\u00e1 hasta el pr\u00f3ximo 30 de agosto un total de 38 seminarios en la decimos\u00e9ptima edici\u00f3n de los cursos de verano.<\/p>\n","protected":false},"author":6,"featured_media":30857271,"comment_status":"closed","ping_status":"open","sticky":false,"template":"","format":"standard","meta":{"_monsterinsights_skip_tracking":false,"_monsterinsights_sitenote_active":false,"_monsterinsights_sitenote_note":"","_monsterinsights_sitenote_category":0,"footnotes":""},"categories":[6],"tags":[1529,22,349,519,38],"class_list":["post-30857270","post","type-post","status-publish","format-standard","has-post-thumbnail","hentry","category-institucional","tag-cursos","tag-cursos-de-verano","tag-inauguracion","tag-olavide-en-carmona","tag-rector"],"_links":{"self":[{"href":"https:\/\/www.upo.es\/diario\/wp-json\/wp\/v2\/posts\/30857270","targetHints":{"allow":["GET"]}}],"collection":[{"href":"https:\/\/www.upo.es\/diario\/wp-json\/wp\/v2\/posts"}],"about":[{"href":"https:\/\/www.upo.es\/diario\/wp-json\/wp\/v2\/types\/post"}],"author":[{"embeddable":true,"href":"https:\/\/www.upo.es\/diario\/wp-json\/wp\/v2\/users\/6"}],"replies":[{"embeddable":true,"href":"https:\/\/www.upo.es\/diario\/wp-json\/wp\/v2\/comments?post=30857270"}],"version-history":[{"count":3,"href":"https:\/\/www.upo.es\/diario\/wp-json\/wp\/v2\/posts\/30857270\/revisions"}],"predecessor-version":[{"id":30857280,"href":"https:\/\/www.upo.es\/diario\/wp-json\/wp\/v2\/posts\/30857270\/revisions\/30857280"}],"wp:featuredmedia":[{"embeddable":true,"href":"https:\/\/www.upo.es\/diario\/wp-json\/wp\/v2\/media\/30857271"}],"wp:attachment":[{"href":"https:\/\/www.upo.es\/diario\/wp-json\/wp\/v2\/media?parent=30857270"}],"wp:term":[{"taxonomy":"category","embeddable":true,"href":"https:\/\/www.upo.es\/diario\/wp-json\/wp\/v2\/categories?post=30857270"},{"taxonomy":"post_tag","embeddable":true,"href":"https:\/\/www.upo.es\/diario\/wp-json\/wp\/v2\/tags?post=30857270"}],"curies":[{"name":"wp","href":"https:\/\/api.w.org\/{rel}","templated":true}]}}