{"id":30857273,"date":"2019-06-21T15:31:56","date_gmt":"2019-06-21T12:31:56","guid":{"rendered":"https:\/\/www.upo.es\/diario\/?p=30857273"},"modified":"2019-06-24T12:45:23","modified_gmt":"2019-06-24T09:45:23","slug":"se-pueden-romper-las-barreras-que-cada-uno-se-autoimpone","status":"publish","type":"post","link":"https:\/\/www.upo.es\/diario\/cultura-social\/2019\/06\/se-pueden-romper-las-barreras-que-cada-uno-se-autoimpone\/","title":{"rendered":"\u00abSe pueden romper las barreras que cada uno se autoimpone\u00bb"},"content":{"rendered":"<figure id=\"attachment_30857275\" aria-describedby=\"caption-attachment-30857275\" style=\"width: 750px\" class=\"wp-caption aligncenter\"><a href=\"https:\/\/www.upo.es\/diario\/wp-content\/uploads\/2019\/06\/TranspyrCoast_31.jpeg\"><img loading=\"lazy\" decoding=\"async\" class=\"size-large wp-image-30857275\" src=\"https:\/\/www.upo.es\/diario\/wp-content\/uploads\/2019\/06\/TranspyrCoast_31-750x563.jpeg\" alt=\"\" width=\"750\" height=\"563\" srcset=\"https:\/\/www.upo.es\/diario\/wp-content\/uploads\/2019\/06\/TranspyrCoast_31-750x563.jpeg 750w, https:\/\/www.upo.es\/diario\/wp-content\/uploads\/2019\/06\/TranspyrCoast_31-360x270.jpeg 360w, https:\/\/www.upo.es\/diario\/wp-content\/uploads\/2019\/06\/TranspyrCoast_31-768x576.jpeg 768w, https:\/\/www.upo.es\/diario\/wp-content\/uploads\/2019\/06\/TranspyrCoast_31-600x450.jpeg 600w, https:\/\/www.upo.es\/diario\/wp-content\/uploads\/2019\/06\/TranspyrCoast_31.jpeg 1024w\" sizes=\"auto, (max-width: 750px) 100vw, 750px\" \/><\/a><figcaption id=\"caption-attachment-30857275\" class=\"wp-caption-text\">Jos\u00e9 Antonio Gonz\u00e1lez y Sergio Gonz\u00e1lez-Caballos durante la Transpyr Coast to Coast<\/figcaption><\/figure>\n<p><strong>La <em>Transpyr Coast to Coast<\/em> est\u00e1 considerada la prueba de ciclismo m\u00e1s dura de Espa\u00f1a y una de las m\u00e1s duras del mundo. Consiste en cruzar los Pirineos desde el mar Mediterr\u00e1neo (con salida desde Roses) hasta el mar Cant\u00e1brico (con meta en Hondarribia). Son siete etapas en las que se recorre un total de 1.050 kil\u00f3metros, con 20.000 metros de desnivel positivo y 44 puertos de monta\u00f1a. Sergio Gonz\u00e1lez-Caballos Marqu\u00e9s, ayudante t\u00e9cnico de Inform\u00e1tica en el Centro de Inform\u00e1tica y Comunicaciones de la Universidad Pablo de Olavide desde el a\u00f1o 1999 y responsable de las comunicaciones de voz y de la gesti\u00f3n de la red f\u00edsica de datos en la Universidad, <\/strong><strong>ha participado, junto al presidente de la Fundaci\u00f3n INDACE Jos\u00e9 Antonio Gonz\u00e1lez, deportista con Da\u00f1o Cerebral Adquirido (DCA) y ceguera, en el primer t\u00e1ndem de la historia de esta prueba, que lleva ya diez ediciones. \u00a0La finalidad del reto consist\u00eda en recaudar fondos para los ni\u00f1\u00f3s y ni\u00f1as con DCA a trav\u00e9s de la asociaci\u00f3n DACE. De los 80 participantes que tomaron la salida solo 17 consiguieron terminarla: Sergio y Jos\u00e9 Antonio estaban entre ellos.<\/strong><\/p>\n<p><strong>Enhorabuena por este enorme reto \u00bfQu\u00e9 podr\u00eda destacarnos de la experiencia?<\/strong><\/p>\n<p><a href=\"https:\/\/www.upo.es\/diario\/wp-content\/uploads\/2019\/06\/TranspyrCoast_38.jpeg\"><img loading=\"lazy\" decoding=\"async\" class=\"alignright size-medium wp-image-30857276\" src=\"https:\/\/www.upo.es\/diario\/wp-content\/uploads\/2019\/06\/TranspyrCoast_38-360x270.jpeg\" alt=\"\" width=\"360\" height=\"270\" srcset=\"https:\/\/www.upo.es\/diario\/wp-content\/uploads\/2019\/06\/TranspyrCoast_38-360x270.jpeg 360w, https:\/\/www.upo.es\/diario\/wp-content\/uploads\/2019\/06\/TranspyrCoast_38-768x576.jpeg 768w, https:\/\/www.upo.es\/diario\/wp-content\/uploads\/2019\/06\/TranspyrCoast_38-750x563.jpeg 750w, https:\/\/www.upo.es\/diario\/wp-content\/uploads\/2019\/06\/TranspyrCoast_38-600x450.jpeg 600w, https:\/\/www.upo.es\/diario\/wp-content\/uploads\/2019\/06\/TranspyrCoast_38.jpeg 1600w\" sizes=\"auto, (max-width: 360px) 100vw, 360px\" \/><\/a>Pues ha sido una aventura inolvidable. Desde el punto de vista deportivo ha sido dur\u00edsima, muchos puertos de monta\u00f1a donde el t\u00e1ndem sufre mucho en las subidas. Desde el punto de vista solidario, pues encantado de contribuir con nuestro granito de arena al programa infantil de da\u00f1o cerebral para la contrataci\u00f3n de un monitor terap\u00e9utico para los fines de semana, para que ayude a los chavales y adem\u00e1s ofrezca respiro a las familias. Tambi\u00e9n me gustar\u00eda destacar que el reto ha sido posible gracias al equipo que hemos formado Jos\u00e9 y yo subidos en el t\u00e1ndem y siendo la cabeza visible. V\u00edctor y Jos\u00e9 Manuel d\u00e1ndonos apoyo log\u00edstico permanente desde el veh\u00edculo. Y por supuesto el apoyo incondicional de familiares y amigos.<\/p>\n<p><strong>\u00bfCu\u00e1les fueron los momentos m\u00e1s dif\u00edciles? <\/strong><\/p>\n<p>Los momentos m\u00e1s complicados fueron en la etapa 2, donde hab\u00eda que subir el puerto del Coll de Pradell, que ten\u00eda repechos de hasta 20%. Esos desniveles son muy, muy duros para el t\u00e1ndem.<br \/>\nTambi\u00e9n recuerdo como especialmente duro un momento en la etapa 3, que amaneci\u00f3 lloviendo y con fr\u00edo. Tras subir el primer puerto (Coll del Cant\u00f3) a 1721 metros de altura ten\u00edamos cero grados y est\u00e1bamos totalmente empapados. En esta esta etapa hubo much\u00edsimos abandonos. Fig\u00farate que, de 80 que salimos, \u00e9se d\u00eda, llegamos a meta, solo 21.<\/p>\n<p><strong>\u00bfQu\u00e9 es lo que m\u00e1s le ha sorprendido del reto?<\/strong><\/p>\n<p>Pues el apoyo y solidaridad que hemos recibido, desde familiares y amigos m\u00e1s cercanos hasta por los propios participantes y organizadores de la Transpyr. Nos ha dado mucha fuerza. Sin duda hemos sido el centro de atenci\u00f3n durante toda la prueba, nos sent\u00edamos muy arropados.<\/p>\n<p>Tambi\u00e9n me ha sorprendido como ha respondido f\u00edsicamente el cuerpo, nunca hab\u00edamos hecho nada parecido, de tantas etapas, y ten\u00edamos dudas. Hemos sido muy conservadores, intentado guardar fuerzas y llegar al final de cada etapa con reservas suficientes para empezar al d\u00eda siguiente.<\/p>\n<p><strong>\u00bfCu\u00e1ndo comienza su relaci\u00f3n con esta prueba?<\/strong><\/p>\n<p>Llev\u00e1bamos m\u00e1s de un a\u00f1o madurando esta idea. Jos\u00e9 y yo nos conocemos desde hace cuatro o cinco a\u00f1os. Nuestras hijas estaban juntas en la misma clase en el colegio y por ah\u00ed nos conocimos. Empezamos a salir en t\u00e1ndem desde el principio y poco a poco cogiendo nivel, siempre con una dimensi\u00f3n l\u00fadica, en ning\u00fan momento competitiva. La Transpyr Coast nos parec\u00eda muy atractiva a nivel deportivo, por el entorno y por la dureza de la misma. Nuestro objetivo siempre fue llegar a meta, terminarla, en ning\u00fan momento hemos mirado la clasificaci\u00f3n en los tramos cronometrados. \u00c9ramos conscientes de que era una prueba de fondo y ten\u00edamos que ir reservando etapa a etapa.<\/p>\n<p><strong>\u00bfQu\u00e9 cree que aporta a las personas con da\u00f1o cerebral formar parte de iniciativas como \u00e9sta?<\/strong><\/p>\n<p>Pues creo que el principal aporte es demostrar que se pueden romper las barreras que cada uno se autoimpone. La clave est\u00e1 en sentirse de igual a igual al resto de compa\u00f1eros. Por eso esta prueba es tan interesante: una oportunidad perfecta para demostrar que no hay l\u00edmites m\u00e1s all\u00e1 de los que cada uno se fija. Esta prueba demuestra que el deporte puede ser inclusivo al cien por cien hasta en los m\u00e1s duros escenarios. Con la ayuda necesaria, las personas con da\u00f1o cerebral adquirido pueden hacer lo que se propongan, como hemos demostrado en este reto deportivo y solidario. En nuestro caso ha sido el primer t\u00e1ndem que ha participado en la Transpyr desde que se cre\u00f3, este a\u00f1o ha sido la d\u00e9cima edici\u00f3n, y adem\u00e1s siendo finisher, es decir, finalizando todas las etapas en los tiempos establecidos. Es interesante considerar que de 80 participantes que tomaron la salida s\u00f3lo consiguieron terminarla 17.<\/p>\n<p><strong>\u00bfC\u00f3mo ha vivido su compa\u00f1ero la prueba? \u00bfQu\u00e9 sensaciones le trasladaba mientras pedaleaban?<\/strong><\/p>\n<p>Mi compa\u00f1ero Jos\u00e9 es un apasionado del ciclismo y de la monta\u00f1a, por tanto, los Pirineos han sido un escenario perfecto. La tranquilidad de carreteras rurales inaccesibles al tr\u00e1fico, el sonido del agua en las riberas, el paso por puentes, puertos, aldeas, el sonido de los cencerros, el olor de los bosques de hayas, con\u00edferas, abetos \u2026 Sensaciones inolvidables para \u00e9l. Hemos disfrutado much\u00edsimo.<\/p>\n<p><strong>\u00bfDe qu\u00e9 manera se puede seguir colaborando con esta iniciativa?<\/strong><\/p>\n<p>Se puede colaborar haciendo una donaci\u00f3n en la p\u00e1gina web de la asociaci\u00f3n sevillana de da\u00f1o cerebral, <a href=\"http:\/\/asociaciondace.org\/reto-dca-transpyr-2\/\">http:\/\/asociaciondace.org\/reto-dca-transpyr-2\/<\/a>.<\/p>\n<p><strong>\u00a0<\/strong><\/p>\n","protected":false},"excerpt":{"rendered":"<p>Sergio Gonz\u00e1lez-Caballos, t\u00e9cnico en el Centro de Inform\u00e1tica y Comunicaciones de la Universidad Pablo de Olavide, hace balance de su experiencia tras participar en la prueba de ciclismo Transpyr Coast to Coast, en la que ha compartido el primer t\u00e1ndem de la historia de la prueba con Jos\u00e9 Antonio Gonz\u00e1lez, deportista con Da\u00f1o Cerebral Adquirido (DCA) y ceguera.<\/p>\n","protected":false},"author":6,"featured_media":30857275,"comment_status":"closed","ping_status":"open","sticky":false,"template":"","format":"standard","meta":{"_monsterinsights_skip_tracking":false,"_monsterinsights_sitenote_active":false,"_monsterinsights_sitenote_note":"","_monsterinsights_sitenote_category":0,"footnotes":""},"categories":[5843],"tags":[424,343,231,1024],"class_list":["post-30857273","post","type-post","status-publish","format-standard","has-post-thumbnail","hentry","category-cultura-social","tag-cic","tag-ciclismo","tag-deportes-2","tag-solidaridad"],"_links":{"self":[{"href":"https:\/\/www.upo.es\/diario\/wp-json\/wp\/v2\/posts\/30857273","targetHints":{"allow":["GET"]}}],"collection":[{"href":"https:\/\/www.upo.es\/diario\/wp-json\/wp\/v2\/posts"}],"about":[{"href":"https:\/\/www.upo.es\/diario\/wp-json\/wp\/v2\/types\/post"}],"author":[{"embeddable":true,"href":"https:\/\/www.upo.es\/diario\/wp-json\/wp\/v2\/users\/6"}],"replies":[{"embeddable":true,"href":"https:\/\/www.upo.es\/diario\/wp-json\/wp\/v2\/comments?post=30857273"}],"version-history":[{"count":3,"href":"https:\/\/www.upo.es\/diario\/wp-json\/wp\/v2\/posts\/30857273\/revisions"}],"predecessor-version":[{"id":30857290,"href":"https:\/\/www.upo.es\/diario\/wp-json\/wp\/v2\/posts\/30857273\/revisions\/30857290"}],"wp:featuredmedia":[{"embeddable":true,"href":"https:\/\/www.upo.es\/diario\/wp-json\/wp\/v2\/media\/30857275"}],"wp:attachment":[{"href":"https:\/\/www.upo.es\/diario\/wp-json\/wp\/v2\/media?parent=30857273"}],"wp:term":[{"taxonomy":"category","embeddable":true,"href":"https:\/\/www.upo.es\/diario\/wp-json\/wp\/v2\/categories?post=30857273"},{"taxonomy":"post_tag","embeddable":true,"href":"https:\/\/www.upo.es\/diario\/wp-json\/wp\/v2\/tags?post=30857273"}],"curies":[{"name":"wp","href":"https:\/\/api.w.org\/{rel}","templated":true}]}}