{"id":30857288,"date":"2019-06-21T09:00:53","date_gmt":"2019-06-21T06:00:53","guid":{"rendered":"https:\/\/www.upo.es\/diario\/?p=30857288"},"modified":"2019-06-24T12:56:21","modified_gmt":"2019-06-24T09:56:21","slug":"ceremonia-de-graduacion-de-sociologia-y-del-doble-grado-en-sociologia-y-ciencias-politicas-y-de-la-administracion-2","status":"publish","type":"post","link":"https:\/\/www.upo.es\/diario\/comunidad\/2019\/06\/ceremonia-de-graduacion-de-sociologia-y-del-doble-grado-en-sociologia-y-ciencias-politicas-y-de-la-administracion-2\/","title":{"rendered":"Ceremonia de graduaci\u00f3n de Sociolog\u00eda y del Doble Grado en Sociolog\u00eda y Ciencias Pol\u00edticas y de la Administraci\u00f3n"},"content":{"rendered":"<figure id=\"attachment_30857292\" aria-describedby=\"caption-attachment-30857292\" style=\"width: 750px\" class=\"wp-caption aligncenter\"><a href=\"https:\/\/www.upo.es\/diario\/wp-content\/uploads\/2019\/06\/190619UPO_19.00_225_LOW.jpg\"><img loading=\"lazy\" decoding=\"async\" class=\"wp-image-30857292 size-large\" src=\"https:\/\/www.upo.es\/diario\/wp-content\/uploads\/2019\/06\/190619UPO_19.00_225_LOW-750x499.jpg\" alt=\"\" width=\"750\" height=\"499\" srcset=\"https:\/\/www.upo.es\/diario\/wp-content\/uploads\/2019\/06\/190619UPO_19.00_225_LOW-750x499.jpg 750w, https:\/\/www.upo.es\/diario\/wp-content\/uploads\/2019\/06\/190619UPO_19.00_225_LOW-360x239.jpg 360w, https:\/\/www.upo.es\/diario\/wp-content\/uploads\/2019\/06\/190619UPO_19.00_225_LOW-768x511.jpg 768w, https:\/\/www.upo.es\/diario\/wp-content\/uploads\/2019\/06\/190619UPO_19.00_225_LOW-600x399.jpg 600w, https:\/\/www.upo.es\/diario\/wp-content\/uploads\/2019\/06\/190619UPO_19.00_225_LOW-165x109.jpg 165w\" sizes=\"auto, (max-width: 750px) 100vw, 750px\" \/><\/a><figcaption id=\"caption-attachment-30857292\" class=\"wp-caption-text\">Promoci\u00f3n 2015-2019 del Grado en Sociolog\u00eda<\/figcaption><\/figure>\n<p>La ceremonia de graduaci\u00f3n de la promoci\u00f3n 2015-2019 del <strong>Grado en Sociolog\u00eda<\/strong> y de la promoci\u00f3n 2014-2019 del <strong>Doble Grado en Sociolog\u00eda y Ciencias Pol\u00edticas y de la Administraci\u00f3n<\/strong> se celebr\u00f3 el mi\u00e9rcoles 19 de junio en el Paraninfo de la Universidad Pablo de Olavide, presidida por la decana de la Facultad de Ciencias Sociales, <strong>Rosa Mar\u00eda D\u00edaz Jim\u00e9nez<\/strong>.<\/p>\n<figure id=\"attachment_30857291\" aria-describedby=\"caption-attachment-30857291\" style=\"width: 360px\" class=\"wp-caption alignright\"><a href=\"https:\/\/www.upo.es\/diario\/wp-content\/uploads\/2019\/06\/190619UPO_19.00_209-copy_LOW.jpg\"><img loading=\"lazy\" decoding=\"async\" class=\"wp-image-30857291 size-medium\" src=\"https:\/\/www.upo.es\/diario\/wp-content\/uploads\/2019\/06\/190619UPO_19.00_209-copy_LOW-360x239.jpg\" alt=\"\" width=\"360\" height=\"239\" srcset=\"https:\/\/www.upo.es\/diario\/wp-content\/uploads\/2019\/06\/190619UPO_19.00_209-copy_LOW-360x239.jpg 360w, https:\/\/www.upo.es\/diario\/wp-content\/uploads\/2019\/06\/190619UPO_19.00_209-copy_LOW-768x511.jpg 768w, https:\/\/www.upo.es\/diario\/wp-content\/uploads\/2019\/06\/190619UPO_19.00_209-copy_LOW-750x499.jpg 750w, https:\/\/www.upo.es\/diario\/wp-content\/uploads\/2019\/06\/190619UPO_19.00_209-copy_LOW-600x399.jpg 600w, https:\/\/www.upo.es\/diario\/wp-content\/uploads\/2019\/06\/190619UPO_19.00_209-copy_LOW-165x109.jpg 165w\" sizes=\"auto, (max-width: 360px) 100vw, 360px\" \/><\/a><figcaption id=\"caption-attachment-30857291\" class=\"wp-caption-text\">Promoci\u00f3n 2014-2019 del Doble Grado en Sociolog\u00eda y Ciencias Pol\u00edticas y de la Administraci\u00f3n<\/figcaption><\/figure>\n<p>Los padrinos de las promociones han sido <strong>Juan Manuel Garc\u00eda Gonz\u00e1lez, <\/strong>profesor del \u00c1rea de Sociolog\u00eda de la Universidad Pablo de Olavide para el Grado en Sociolog\u00eda y <strong>Jos\u00e9 Manuel Trujillo Cerezo<\/strong>, profesor del \u00c1rea de Ciencia Pol\u00edtica y de la Administraci\u00f3n para el Doble Grado en Sociolog\u00eda y Ciencias Pol\u00edticas y de la Administraci\u00f3n. A la ceremonia tambi\u00e9n asistieron: <strong>Guillermo Repetto Khun<\/strong>, profesor del \u00c1rea de Toxicolog\u00eda y director acad\u00e9mico del Grado en Criminolog\u00eda; <strong>Mar\u00eda Jos\u00e9 Guerrero Mayo<\/strong>, docente del \u00c1rea de Sociolog\u00eda como Madrina Honor\u00edfico; y<strong> Rub\u00e9n Mart\u00edn Gimeno, <\/strong>tambi\u00e9n del \u00c1rea de Sociolog\u00eda de la UPO como Padrino Honor\u00edfico.<\/p>\n<p>En representaci\u00f3n del alumnado egresado, pronunciaron los discursos <strong>Bruce S\u00e1nchez S\u00e1nchez <\/strong>y<strong> Teresa Sola Morillas <\/strong>del Grado en Sociolog\u00eda; y <strong>Daniel Dobovsky Naranjo <\/strong>y<strong> Elena Aguilera Reguera<\/strong> del Doble Grado en Sociolog\u00eda y Ciencias Pol\u00edticas y de la Administraci\u00f3n. Un total de 56 egresados y egresadas \u201328 de cada titulaci\u00f3n\u2013 han asistido, junto a sus familiares, a este acto con el que la Universidad Pablo de Olavide recupera una antigua tradici\u00f3n de las universidades europeas.<\/p>\n","protected":false},"excerpt":{"rendered":"<p>La ceremonia de graduaci\u00f3n de la promoci\u00f3n 2015-2019 del Grado en Sociolog\u00eda y de la promoci\u00f3n 2014-2019 del Doble Grado en Sociolog\u00eda y Ciencias Pol\u00edticias y de la Administraci\u00f3n se celebr\u00f3 el mi\u00e9rcoles 19 de junio en el Paraninfo de la Universidad Pablo de Olavide, presidida por la decana de la Facultad de Ciencias Sociales, Rosa Mar\u00eda D\u00edaz Jim\u00e9nez.<\/p>\n","protected":false},"author":4,"featured_media":30857291,"comment_status":"closed","ping_status":"open","sticky":false,"template":"","format":"standard","meta":{"_monsterinsights_skip_tracking":false,"_monsterinsights_sitenote_active":false,"_monsterinsights_sitenote_note":"","_monsterinsights_sitenote_category":0,"footnotes":""},"categories":[5842],"tags":[597,3460,487,2461],"class_list":["post-30857288","post","type-post","status-publish","format-standard","has-post-thumbnail","hentry","category-comunidad","tag-ceremonias-de-egresados","tag-doble-grado-en-sociologia-y-ciencias-politicas-y-de-la-administracion","tag-facultad-ciencias-sociales","tag-grado-en-sociologia"],"_links":{"self":[{"href":"https:\/\/www.upo.es\/diario\/wp-json\/wp\/v2\/posts\/30857288","targetHints":{"allow":["GET"]}}],"collection":[{"href":"https:\/\/www.upo.es\/diario\/wp-json\/wp\/v2\/posts"}],"about":[{"href":"https:\/\/www.upo.es\/diario\/wp-json\/wp\/v2\/types\/post"}],"author":[{"embeddable":true,"href":"https:\/\/www.upo.es\/diario\/wp-json\/wp\/v2\/users\/4"}],"replies":[{"embeddable":true,"href":"https:\/\/www.upo.es\/diario\/wp-json\/wp\/v2\/comments?post=30857288"}],"version-history":[{"count":5,"href":"https:\/\/www.upo.es\/diario\/wp-json\/wp\/v2\/posts\/30857288\/revisions"}],"predecessor-version":[{"id":30857298,"href":"https:\/\/www.upo.es\/diario\/wp-json\/wp\/v2\/posts\/30857288\/revisions\/30857298"}],"wp:featuredmedia":[{"embeddable":true,"href":"https:\/\/www.upo.es\/diario\/wp-json\/wp\/v2\/media\/30857291"}],"wp:attachment":[{"href":"https:\/\/www.upo.es\/diario\/wp-json\/wp\/v2\/media?parent=30857288"}],"wp:term":[{"taxonomy":"category","embeddable":true,"href":"https:\/\/www.upo.es\/diario\/wp-json\/wp\/v2\/categories?post=30857288"},{"taxonomy":"post_tag","embeddable":true,"href":"https:\/\/www.upo.es\/diario\/wp-json\/wp\/v2\/tags?post=30857288"}],"curies":[{"name":"wp","href":"https:\/\/api.w.org\/{rel}","templated":true}]}}