{"id":30857315,"date":"2019-06-25T11:13:08","date_gmt":"2019-06-25T08:13:08","guid":{"rendered":"https:\/\/www.upo.es\/diario\/?p=30857315"},"modified":"2019-06-25T11:15:35","modified_gmt":"2019-06-25T08:15:35","slug":"ceremonia-de-egresados-del-doble-grado-en-trabajo-social-y-educacion-social-de-la-upo-4","status":"publish","type":"post","link":"https:\/\/www.upo.es\/diario\/comunidad\/2019\/06\/ceremonia-de-egresados-del-doble-grado-en-trabajo-social-y-educacion-social-de-la-upo-4\/","title":{"rendered":"Ceremonia de egresados del Doble Grado en Trabajo Social y Educaci\u00f3n Social de la UPO"},"content":{"rendered":"<p><a href=\"https:\/\/www.upo.es\/diario\/wp-content\/uploads\/2019\/06\/190624UPO_20.00_132.jpg\"><img loading=\"lazy\" decoding=\"async\" class=\"aligncenter size-large wp-image-30857316\" src=\"https:\/\/www.upo.es\/diario\/wp-content\/uploads\/2019\/06\/190624UPO_20.00_132-750x500.jpg\" alt=\"\" width=\"750\" height=\"500\" srcset=\"https:\/\/www.upo.es\/diario\/wp-content\/uploads\/2019\/06\/190624UPO_20.00_132-750x500.jpg 750w, https:\/\/www.upo.es\/diario\/wp-content\/uploads\/2019\/06\/190624UPO_20.00_132-360x240.jpg 360w, https:\/\/www.upo.es\/diario\/wp-content\/uploads\/2019\/06\/190624UPO_20.00_132-768x512.jpg 768w, https:\/\/www.upo.es\/diario\/wp-content\/uploads\/2019\/06\/190624UPO_20.00_132-600x400.jpg 600w, https:\/\/www.upo.es\/diario\/wp-content\/uploads\/2019\/06\/190624UPO_20.00_132-165x109.jpg 165w\" sizes=\"auto, (max-width: 750px) 100vw, 750px\" \/><\/a>La ceremonia de graduaci\u00f3n de la promoci\u00f3n 2014-2019 del <strong>Doble Grado en Trabajo Social y Educaci\u00f3n Social<\/strong> se celebr\u00f3 el lunes 24 de junio en el Paraninfo de la Universidad Pablo de Olavide, presidida por la decana de la Facultad de Ciencias Sociales, <strong>Rosa Mar\u00eda D\u00edaz Jim\u00e9nez<\/strong>.<\/p>\n<p><a href=\"https:\/\/www.upo.es\/diario\/wp-content\/uploads\/2019\/06\/190624UPO_20.00_167.jpg\"><img loading=\"lazy\" decoding=\"async\" class=\"alignright size-medium wp-image-30857317\" src=\"https:\/\/www.upo.es\/diario\/wp-content\/uploads\/2019\/06\/190624UPO_20.00_167-360x239.jpg\" alt=\"\" width=\"360\" height=\"239\" srcset=\"https:\/\/www.upo.es\/diario\/wp-content\/uploads\/2019\/06\/190624UPO_20.00_167-360x239.jpg 360w, https:\/\/www.upo.es\/diario\/wp-content\/uploads\/2019\/06\/190624UPO_20.00_167-768x511.jpg 768w, https:\/\/www.upo.es\/diario\/wp-content\/uploads\/2019\/06\/190624UPO_20.00_167-750x499.jpg 750w, https:\/\/www.upo.es\/diario\/wp-content\/uploads\/2019\/06\/190624UPO_20.00_167-600x399.jpg 600w, https:\/\/www.upo.es\/diario\/wp-content\/uploads\/2019\/06\/190624UPO_20.00_167-165x109.jpg 165w\" sizes=\"auto, (max-width: 360px) 100vw, 360px\" \/><\/a>El padrino de la promoci\u00f3n ha sido <strong>Manuel Flores S\u00e1nchez, <\/strong>profesor del \u00c1rea de Trabajo Social y Servicios Sociales de la UPO. A la ceremonia tambi\u00e9n asistieron: <strong>Encarnaci\u00f3n Pedrero Garc\u00eda<\/strong>, profesora del \u00c1rea de Teor\u00eda e Historia de la Educaci\u00f3n de la UPO, como madrina honor\u00edfica, y<strong> Beatriz Mac\u00edas G\u00f3mez-Estern, <\/strong>vicedecana de Relaciones Internacionales, Movilidad y Empleabilidad de la Facultad de Ciencias Sociales de la UPO.<\/p>\n<p>En representaci\u00f3n del alumnado egresado, pronunciaron los discursos <strong>Francisco Javier Mart\u00ednez Carranza<\/strong> y<strong> Carmen Blancat Luque<\/strong>. Un total de 56 egresados y egresadas han asistido, junto a sus familiares, a este acto con el que la Universidad Pablo de Olavide recupera una antigua tradici\u00f3n de las universidades europeas.<\/p>\n<p>&nbsp;<\/p>\n<p>&nbsp;<\/p>\n","protected":false},"excerpt":{"rendered":"<p>La ceremonia de graduaci\u00f3n de la promoci\u00f3n 2014-2019 del Doble Grado en Trabajo Social y Educaci\u00f3n Social se celebr\u00f3 el lunes 24 de junio en el Paraninfo de la Universidad Pablo de Olavide, presidida por la decana de la Facultad de Ciencias Sociales, Rosa Mar\u00eda D\u00edaz Jim\u00e9nez.<\/p>\n","protected":false},"author":4,"featured_media":30857316,"comment_status":"closed","ping_status":"open","sticky":false,"template":"","format":"standard","meta":{"_monsterinsights_skip_tracking":false,"_monsterinsights_sitenote_active":false,"_monsterinsights_sitenote_note":"","_monsterinsights_sitenote_category":0,"footnotes":""},"categories":[5842],"tags":[581,2469,487],"class_list":["post-30857315","post","type-post","status-publish","format-standard","has-post-thumbnail","hentry","category-comunidad","tag-ceremonia-de-egresados","tag-doble-grado-en-trabajo-social-y-educacion-social","tag-facultad-ciencias-sociales"],"_links":{"self":[{"href":"https:\/\/www.upo.es\/diario\/wp-json\/wp\/v2\/posts\/30857315","targetHints":{"allow":["GET"]}}],"collection":[{"href":"https:\/\/www.upo.es\/diario\/wp-json\/wp\/v2\/posts"}],"about":[{"href":"https:\/\/www.upo.es\/diario\/wp-json\/wp\/v2\/types\/post"}],"author":[{"embeddable":true,"href":"https:\/\/www.upo.es\/diario\/wp-json\/wp\/v2\/users\/4"}],"replies":[{"embeddable":true,"href":"https:\/\/www.upo.es\/diario\/wp-json\/wp\/v2\/comments?post=30857315"}],"version-history":[{"count":3,"href":"https:\/\/www.upo.es\/diario\/wp-json\/wp\/v2\/posts\/30857315\/revisions"}],"predecessor-version":[{"id":30857320,"href":"https:\/\/www.upo.es\/diario\/wp-json\/wp\/v2\/posts\/30857315\/revisions\/30857320"}],"wp:featuredmedia":[{"embeddable":true,"href":"https:\/\/www.upo.es\/diario\/wp-json\/wp\/v2\/media\/30857316"}],"wp:attachment":[{"href":"https:\/\/www.upo.es\/diario\/wp-json\/wp\/v2\/media?parent=30857315"}],"wp:term":[{"taxonomy":"category","embeddable":true,"href":"https:\/\/www.upo.es\/diario\/wp-json\/wp\/v2\/categories?post=30857315"},{"taxonomy":"post_tag","embeddable":true,"href":"https:\/\/www.upo.es\/diario\/wp-json\/wp\/v2\/tags?post=30857315"}],"curies":[{"name":"wp","href":"https:\/\/api.w.org\/{rel}","templated":true}]}}