{"id":30857331,"date":"2019-06-26T14:33:06","date_gmt":"2019-06-26T11:33:06","guid":{"rendered":"https:\/\/www.upo.es\/diario\/?p=30857331"},"modified":"2019-06-28T15:30:46","modified_gmt":"2019-06-28T12:30:46","slug":"el-consejo-social-aprueba-las-cuentas-anuales-2018-de-la-universidad-pablo-de-olavide","status":"publish","type":"post","link":"https:\/\/www.upo.es\/diario\/institucional\/2019\/06\/el-consejo-social-aprueba-las-cuentas-anuales-2018-de-la-universidad-pablo-de-olavide\/","title":{"rendered":"El Consejo Social aprueba las cuentas anuales 2018 de la Universidad Pablo de Olavide"},"content":{"rendered":"<figure id=\"attachment_30857332\" aria-describedby=\"caption-attachment-30857332\" style=\"width: 750px\" class=\"wp-caption aligncenter\"><a href=\"https:\/\/www.upo.es\/diario\/wp-content\/uploads\/2019\/06\/Consejo-Social-UPO_20190626.jpg\"><img loading=\"lazy\" decoding=\"async\" class=\"wp-image-30857332 size-large\" src=\"https:\/\/www.upo.es\/diario\/wp-content\/uploads\/2019\/06\/Consejo-Social-UPO_20190626-750x422.jpg\" alt=\"\" width=\"750\" height=\"422\" srcset=\"https:\/\/www.upo.es\/diario\/wp-content\/uploads\/2019\/06\/Consejo-Social-UPO_20190626-750x422.jpg 750w, https:\/\/www.upo.es\/diario\/wp-content\/uploads\/2019\/06\/Consejo-Social-UPO_20190626-360x203.jpg 360w, https:\/\/www.upo.es\/diario\/wp-content\/uploads\/2019\/06\/Consejo-Social-UPO_20190626-768x432.jpg 768w, https:\/\/www.upo.es\/diario\/wp-content\/uploads\/2019\/06\/Consejo-Social-UPO_20190626-600x338.jpg 600w\" sizes=\"auto, (max-width: 750px) 100vw, 750px\" \/><\/a><figcaption id=\"caption-attachment-30857332\" class=\"wp-caption-text\">Amparo Rubiales y Vicente Guzm\u00e1n, en el centro de la imagen, durante la sesi\u00f3n del Consejo Social<\/figcaption><\/figure>\n<p>El Consejo Social de la Universidad Pablo de Olavide, presidido por <strong>Amparo Rubiales<\/strong>, ha aprobado, en sesi\u00f3n celebrada hoy mi\u00e9rcoles en el Rectorado y a propuesta del Consejo de Gobierno, las <strong>cuentas anuales de la Universidad correspondientes al ejercicio 2018<\/strong>.<\/p>\n<p>La memoria econ\u00f3mica anual es el documento a trav\u00e9s del cual las universidades rinden cuentas del ejercicio anterior, tanto internamente como ante los \u00f3rganos fiscalizadores competentes. Auditadas por <strong>KPMG Auditores<\/strong>, la liquidaci\u00f3n del presupuesto 2018 de la UPO <strong>tiene como principales cifras unos derechos reconocidos de 89,6 millones de euros, frente a unos gastos de 82,2 millones en total durante el mismo periodo<\/strong>.<\/p>\n<p>Las transferencias corrientes suponen la mayor parte de los derechos reconocidos en 2018 con un 42,34 por ciento, seguidas de las transferencias de capital (38%) y de las tasas, precios p\u00fablicos y otros ingresos (13,94%). En el mismo ejercicio, los gastos de personal supusieron el 59,62 por ciento del total, seguidos de la partida dedicada a inversiones reales (17,87%) y de los gastos corrientes en bienes y servicios (16,23%).<\/p>\n<p>El saldo presupuestario del ejercicio 2018 en la Universidad Pablo de Olavide ha resultado positivo, con un remanente de tesorer\u00eda no afectado acumulado, super\u00e1vit, de 4 550 000 euros. El Consejo Social ha puesto en valor los datos de la memoria econ\u00f3mica aprobada, ya que suponen una evoluci\u00f3n positiva de los principales indicadores econ\u00f3micos y de solvencia de la UPO.<\/p>\n","protected":false},"excerpt":{"rendered":"<p>El Consejo Social de la Universidad Pablo de Olavide, presidido por Amparo Rubiales, ha aprobado, en sesi\u00f3n celebrada hoy mi\u00e9rcoles en el Rectorado y a propuesta del Consejo de Gobierno, las cuentas anuales de la Universidad correspondientes al ejercicio 2018.<\/p>\n","protected":false},"author":6,"featured_media":30857332,"comment_status":"closed","ping_status":"open","sticky":false,"template":"","format":"standard","meta":{"_monsterinsights_skip_tracking":false,"_monsterinsights_sitenote_active":false,"_monsterinsights_sitenote_note":"","_monsterinsights_sitenote_category":0,"footnotes":""},"categories":[6],"tags":[1557,112,1556,113,1340],"class_list":["post-30857331","post","type-post","status-publish","format-standard","has-post-thumbnail","hentry","category-institucional","tag-amparo-rubiales","tag-consejo-social","tag-cuentas-anuales","tag-presupuesto","tag-vicente-guzman"],"_links":{"self":[{"href":"https:\/\/www.upo.es\/diario\/wp-json\/wp\/v2\/posts\/30857331","targetHints":{"allow":["GET"]}}],"collection":[{"href":"https:\/\/www.upo.es\/diario\/wp-json\/wp\/v2\/posts"}],"about":[{"href":"https:\/\/www.upo.es\/diario\/wp-json\/wp\/v2\/types\/post"}],"author":[{"embeddable":true,"href":"https:\/\/www.upo.es\/diario\/wp-json\/wp\/v2\/users\/6"}],"replies":[{"embeddable":true,"href":"https:\/\/www.upo.es\/diario\/wp-json\/wp\/v2\/comments?post=30857331"}],"version-history":[{"count":1,"href":"https:\/\/www.upo.es\/diario\/wp-json\/wp\/v2\/posts\/30857331\/revisions"}],"predecessor-version":[{"id":30857333,"href":"https:\/\/www.upo.es\/diario\/wp-json\/wp\/v2\/posts\/30857331\/revisions\/30857333"}],"wp:featuredmedia":[{"embeddable":true,"href":"https:\/\/www.upo.es\/diario\/wp-json\/wp\/v2\/media\/30857332"}],"wp:attachment":[{"href":"https:\/\/www.upo.es\/diario\/wp-json\/wp\/v2\/media?parent=30857331"}],"wp:term":[{"taxonomy":"category","embeddable":true,"href":"https:\/\/www.upo.es\/diario\/wp-json\/wp\/v2\/categories?post=30857331"},{"taxonomy":"post_tag","embeddable":true,"href":"https:\/\/www.upo.es\/diario\/wp-json\/wp\/v2\/tags?post=30857331"}],"curies":[{"name":"wp","href":"https:\/\/api.w.org\/{rel}","templated":true}]}}