{"id":30857334,"date":"2019-06-26T14:53:25","date_gmt":"2019-06-26T11:53:25","guid":{"rendered":"https:\/\/www.upo.es\/diario\/?p=30857334"},"modified":"2019-06-28T15:30:30","modified_gmt":"2019-06-28T12:30:30","slug":"el-director-de-la-fundacion-tres-culturas-reclama-una-politica-de-fronteras-y-migratoria-comun-en-europa","status":"publish","type":"post","link":"https:\/\/www.upo.es\/diario\/cursos-verano\/2019\/06\/el-director-de-la-fundacion-tres-culturas-reclama-una-politica-de-fronteras-y-migratoria-comun-en-europa\/","title":{"rendered":"El director de la Fundaci\u00f3n Tres Culturas reclama una pol\u00edtica de fronteras y migratoria com\u00fan en Europa"},"content":{"rendered":"<figure id=\"attachment_30857335\" aria-describedby=\"caption-attachment-30857335\" style=\"width: 750px\" class=\"wp-caption aligncenter\"><a href=\"https:\/\/www.upo.es\/diario\/wp-content\/uploads\/2019\/06\/JMCervera-JFernandez.jpg\"><img loading=\"lazy\" decoding=\"async\" class=\"size-large wp-image-30857335\" src=\"https:\/\/www.upo.es\/diario\/wp-content\/uploads\/2019\/06\/JMCervera-JFernandez-750x500.jpg\" alt=\"\" width=\"750\" height=\"500\" srcset=\"https:\/\/www.upo.es\/diario\/wp-content\/uploads\/2019\/06\/JMCervera-JFernandez-750x500.jpg 750w, https:\/\/www.upo.es\/diario\/wp-content\/uploads\/2019\/06\/JMCervera-JFernandez-360x240.jpg 360w, https:\/\/www.upo.es\/diario\/wp-content\/uploads\/2019\/06\/JMCervera-JFernandez-768x512.jpg 768w, https:\/\/www.upo.es\/diario\/wp-content\/uploads\/2019\/06\/JMCervera-JFernandez-600x400.jpg 600w, https:\/\/www.upo.es\/diario\/wp-content\/uploads\/2019\/06\/JMCervera-JFernandez-165x109.jpg 165w\" sizes=\"auto, (max-width: 750px) 100vw, 750px\" \/><\/a><figcaption id=\"caption-attachment-30857335\" class=\"wp-caption-text\">El director de la Fundaci\u00f3n Tres Culturas, Jos\u00e9 Manuel Cervera, y el director de Atalayar, Javier Fern\u00e1ndez<\/figcaption><\/figure>\n<p>Grandes lazos hist\u00f3ricos, geogr\u00e1ficos, estrat\u00e9gicos, de seguridad y econ\u00f3micos unen las dos orillas del Mediterr\u00e1neo, la del norte de \u00c1frica y Oriente Medio y la de Europa. Por ello,<strong> \u201cEuropa deber\u00eda mirar m\u00e1s al sur y tener una pol\u00edtica euromediterr\u00e1nea m\u00e1s activa\u201d, seg\u00fan afirma Jos\u00e9 Manuel Cervera<\/strong>, director gerente de la Fundaci\u00f3n Tres Culturas, quien sostiene que es una de las grandes asignaturas pendientes de Europa.<\/p>\n<p>En la actualidad, las relaciones entre las dos orillas del Mediterr\u00e1neo son complejas y diversas. Cervera se\u00f1ala existe que existen relaciones muy buenas, como las que hay entre Espa\u00f1a y Marruecos, pero tambi\u00e9n relaciones dif\u00edciles, como las de Libia e Italia, \u201cpor la propia situaci\u00f3n de Libia, que es un Estado en descomposici\u00f3n\u201d. El conflicto palestino tambi\u00e9n sigue latente, la dif\u00edcil situaci\u00f3n entre Ucrania y Rusia, \u201cmuy delicada con la apropiaci\u00f3n por parte de Rusia de la pen\u00ednsula de Crimea, que es un espacio tambi\u00e9n mediterr\u00e1neo, hay conflictos como el de Grecia y Turqu\u00eda a prop\u00f3sito de Chipre\u2026\u201d. Adem\u00e1s, el director de la Fundaci\u00f3n tambi\u00e9n lamenta que el enorme drama social derivado de esa situaci\u00f3n de desigualdad, \u201cque ha dado lugar a tragedias humanas extraordinarias que nunca debemos dejar de tener en cuenta\u201d.<\/p>\n<p>Jos\u00e9 Manuel Cervera ha realizado estas declaraciones en el \u00e1mbito del <strong>curso \u2018Magreb, Oriente Medio y Europa. Entendimiento entre culturas. Relaciones y desaf\u00edos\u2019<\/strong>, que se celebra en la sede de la Universidad Pablo de Olavide en Carmona desde el pasado lunes dentro de la programaci\u00f3n de la XVII edici\u00f3n de los cursos de verano de la UPO. El seminario est\u00e1 dirigido por Javier Fern\u00e1ndez Arribas, director de la publicaci\u00f3n Atalayar.<\/p>\n<p>En la actualidad, Europa es un mercado \u00fanico, existe libertad de circulaci\u00f3n de capitales y de personas dentro del espacio Schengen; sin embargo, carece de una pol\u00edtica de fronteras y migratoria com\u00fan. \u201cTiene acuerdos que se hacen en momentos determinados para hacer frente a situaciones de crisis, como pas\u00f3 de mala manera con el tema de los refugiados en Siria hace un par de a\u00f1os, pero no hay una pol\u00edtica migratoria com\u00fan, siendo un d\u00e9ficit extraordinario que est\u00e1 produciendo much\u00edsimos problemas. As\u00ed, se tratan de forma desigual much\u00edsimos fen\u00f3menos que deber\u00edan tratarse con m\u00e1s equidad\u201d, seg\u00fan Cervera. En este sentido, pone el ejemplo de que la Uni\u00f3n Europea haya sido generosa con Turqu\u00eda para acoger a muchos de sus ciudadanos y, sin embargo, no haya tenido la misma generosidad con pa\u00edses como Marruecos, pa\u00eds de tr\u00e1nsito por el que pasan centenares de miles de personas que provienen del \u00c1frica subsahariana \u201cy que tiene un verdadero problema que Europa deber\u00eda saber reconocer\u201d, se\u00f1ala.<\/p>\n<p>Frenar la inmigraci\u00f3n no ordenada es una cuesti\u00f3n compleja que no se puede resolver s\u00f3lo aplicando pol\u00edticas de desarrollo, puesto que tardan demasiado tiempo en dar resultados. Por ello, Cervera propone \u201cque los pa\u00edses europeos se sienten en serio y establezcan un plan con medidas a corto, medio y largo plazo donde se tenga una visi\u00f3n com\u00fan, e intentar incrementar ese plan de forma colegiada entre todos los pa\u00edses de Europa, con la colaboraci\u00f3n de los pa\u00edses de la ribera sur del Mediterr\u00e1neo\u201d.<\/p>\n<p>En relaci\u00f3n a qu\u00e9 se puede hacer para favorecer la convivencia de los inmigrantes que vienen a pa\u00edses como el nuestro, el director de la Fundaci\u00f3n Tres Culturas cree fundamental concienciar a la sociedad sobre el hecho de que \u201clos inmigrantes vienen aqu\u00ed a trabajar, y por tanto, a aportar a nuestro pa\u00eds, puesto que, por lo general, tienen un saldo positivo desde el punto de vista de la Seguridad Social, al ser personas m\u00e1s j\u00f3venes que cotizan m\u00e1s y que, normalmente no perciben pensi\u00f3n y precisan de una menor atenci\u00f3n sanitaria\u201d.<\/p>\n<p>Por todo ello, \u201chay que empezar a tratar este fen\u00f3meno con m\u00e1s normalidad, con menos apriorismo y menos miedo, y tratar a los inmigrantes como personas que necesitan tambi\u00e9n conocer cu\u00e1les son las reglas del juego, que se tienen que desenvolver en una sociedad como la espa\u00f1ola, que es una sociedad democr\u00e1tica y que en t\u00e9rminos generales es muy acogedora\u201d, concluye.<\/p>\n<p>&nbsp;<\/p>\n","protected":false},"excerpt":{"rendered":"<p>Grandes lazos hist\u00f3ricos, geogr\u00e1ficos, estrat\u00e9gicos, de seguridad y econ\u00f3micos unen las dos orillas del Mediterr\u00e1neo, la del norte de \u00c1frica y Oriente Medio y la de Europa. Por ello, \u201cEuropa deber\u00eda mirar m\u00e1s al sur y tener una pol\u00edtica euromediterr\u00e1nea m\u00e1s activa\u201d, seg\u00fan afirma Jos\u00e9 Manuel Cervera, director gerente de la Fundaci\u00f3n Tres Culturas, quien sostiene que es una de las grandes asignaturas pendientes de Europa.<\/p>\n","protected":false},"author":6,"featured_media":30857335,"comment_status":"closed","ping_status":"open","sticky":false,"template":"","format":"standard","meta":{"_monsterinsights_skip_tracking":false,"_monsterinsights_sitenote_active":false,"_monsterinsights_sitenote_note":"","_monsterinsights_sitenote_category":0,"footnotes":""},"categories":[729],"tags":[23,22,454,3428,3833,903,1284,519],"class_list":["post-30857334","post","type-post","status-publish","format-standard","has-post-thumbnail","hentry","category-cursos-verano","tag-carmona","tag-cursos-de-verano","tag-europa","tag-fronteras","tag-fundacion-tres-culturas","tag-mediterraneo","tag-migracion","tag-olavide-en-carmona"],"_links":{"self":[{"href":"https:\/\/www.upo.es\/diario\/wp-json\/wp\/v2\/posts\/30857334","targetHints":{"allow":["GET"]}}],"collection":[{"href":"https:\/\/www.upo.es\/diario\/wp-json\/wp\/v2\/posts"}],"about":[{"href":"https:\/\/www.upo.es\/diario\/wp-json\/wp\/v2\/types\/post"}],"author":[{"embeddable":true,"href":"https:\/\/www.upo.es\/diario\/wp-json\/wp\/v2\/users\/6"}],"replies":[{"embeddable":true,"href":"https:\/\/www.upo.es\/diario\/wp-json\/wp\/v2\/comments?post=30857334"}],"version-history":[{"count":1,"href":"https:\/\/www.upo.es\/diario\/wp-json\/wp\/v2\/posts\/30857334\/revisions"}],"predecessor-version":[{"id":30857336,"href":"https:\/\/www.upo.es\/diario\/wp-json\/wp\/v2\/posts\/30857334\/revisions\/30857336"}],"wp:featuredmedia":[{"embeddable":true,"href":"https:\/\/www.upo.es\/diario\/wp-json\/wp\/v2\/media\/30857335"}],"wp:attachment":[{"href":"https:\/\/www.upo.es\/diario\/wp-json\/wp\/v2\/media?parent=30857334"}],"wp:term":[{"taxonomy":"category","embeddable":true,"href":"https:\/\/www.upo.es\/diario\/wp-json\/wp\/v2\/categories?post=30857334"},{"taxonomy":"post_tag","embeddable":true,"href":"https:\/\/www.upo.es\/diario\/wp-json\/wp\/v2\/tags?post=30857334"}],"curies":[{"name":"wp","href":"https:\/\/api.w.org\/{rel}","templated":true}]}}