{"id":30857337,"date":"2019-06-26T15:32:41","date_gmt":"2019-06-26T12:32:41","guid":{"rendered":"https:\/\/www.upo.es\/diario\/?p=30857337"},"modified":"2019-07-01T11:11:00","modified_gmt":"2019-07-01T08:11:00","slug":"la-universidad-pablo-de-olavide-impone-las-becas-a-los-1609-estudiantes-de-master-que-finalizan-sus-estudios","status":"publish","type":"post","link":"https:\/\/www.upo.es\/diario\/institucional\/2019\/06\/la-universidad-pablo-de-olavide-impone-las-becas-a-los-1609-estudiantes-de-master-que-finalizan-sus-estudios\/","title":{"rendered":"La Universidad Pablo de Olavide impone las becas a los 1609 estudiantes de m\u00e1ster que finalizan sus estudios"},"content":{"rendered":"<figure id=\"attachment_30857338\" aria-describedby=\"caption-attachment-30857338\" style=\"width: 750px\" class=\"wp-caption aligncenter\"><a href=\"https:\/\/www.upo.es\/diario\/wp-content\/uploads\/2019\/06\/Clausura-Masteres-UPO-2018-19.jpg\"><img loading=\"lazy\" decoding=\"async\" class=\"size-large wp-image-30857338\" src=\"https:\/\/www.upo.es\/diario\/wp-content\/uploads\/2019\/06\/Clausura-Masteres-UPO-2018-19-750x461.jpg\" alt=\"\" width=\"750\" height=\"461\" srcset=\"https:\/\/www.upo.es\/diario\/wp-content\/uploads\/2019\/06\/Clausura-Masteres-UPO-2018-19-750x461.jpg 750w, https:\/\/www.upo.es\/diario\/wp-content\/uploads\/2019\/06\/Clausura-Masteres-UPO-2018-19-360x221.jpg 360w, https:\/\/www.upo.es\/diario\/wp-content\/uploads\/2019\/06\/Clausura-Masteres-UPO-2018-19-768x473.jpg 768w, https:\/\/www.upo.es\/diario\/wp-content\/uploads\/2019\/06\/Clausura-Masteres-UPO-2018-19-600x369.jpg 600w\" sizes=\"auto, (max-width: 750px) 100vw, 750px\" \/><\/a><figcaption id=\"caption-attachment-30857338\" class=\"wp-caption-text\">Este curso, 1609 estudiantes finalizan sus estudios de m\u00e1ster universitario en la UPO<\/figcaption><\/figure>\n<p>La Universidad Pablo de Olavide celebra hoy mi\u00e9rcoles 26 de junio las <strong>ceremonias de clausura de los programas de m\u00e1ster universitario del curso acad\u00e9mico 2018\/2019.<\/strong> Al primer acto, que ha estado presidido esta ma\u00f1ana por el rector de la UPO <strong>Vicente Guzm\u00e1n Fluja<\/strong>, han asistido los alumnos y alumnas de los m\u00e1steres en \u2018Abogac\u00eda\u2019; \u2018Profesorado de Educaci\u00f3n Secundaria Obligatoria y Bachillerato, Formaci\u00f3n Profesional y Ense\u00f1anza de Idiomas\u2019; y Dobles M\u00e1steres en \u2018Abogac\u00eda y Derecho de la Contrataci\u00f3n y Responsabilidad Civil\u2019 y en \u2018Abogac\u00eda y Derecho de las Nuevas Tecnolog\u00edas\u2019.<\/p>\n<p>Al acto tambi\u00e9n han asistido los directores de estos programas, <strong>Jos\u00e9 Antonio Colmenero<\/strong>, codirector del M\u00e1ster en \u2018Abogac\u00eda\u2019 y de los dobles m\u00e1steres; y <strong>Guillermo Dom\u00ednguez<\/strong> y <strong>Jos\u00e9 Cepedello<\/strong> codirectores del M\u00e1ster en Profesorado, junto a la coordinadora de la Especialidad de Formaci\u00f3n y Orientaci\u00f3n Laboral de dicho m\u00e1ster, <strong>Mar\u00eda Esther Carrizosa<\/strong>, vicesecretaria general de la UPO, que han impuesto las becas a los estudiantes que han finalizado sus estudios. Estos dos t\u00edtulos de postgrado, que cuentan con una gran demanda, son m\u00e1steres habilitantes, necesarios para poder ejercer la profesi\u00f3n.<\/p>\n<p>Este curso, 1609 estudiantes finalizan sus estudios de m\u00e1ster universitario en la Universidad Pablo de Olavide. A los actos de clausura que se celebran hoy asisten el alumnado egresado y sus familiares, as\u00ed como miembros de las comisiones acad\u00e9micas de los programas de m\u00e1ster universitario.<\/p>\n<p>En el acto celebrado esta ma\u00f1ana, el rector Vicente Guzm\u00e1n ha felicitado al alumnado y ha recordado que \u201cestamos en un momento en el que el conocimiento es tan vol\u00e1til que el reciclaje de esta formaci\u00f3n se hace indispensable para el ejercicio de las profesiones\u201d. Vicente Guzm\u00e1n ha destacado el papel de la Universidad en la formaci\u00f3n de personas que sean capaces de vivir en sociedad: \u201cQueremos personas libres, con criterio, que puedan elegir y pensar por s\u00ed mismas\u201d.<\/p>\n<p>Esta tarde contin\u00faan las ceremonias de clausura a las 18:00 horas en el Paraninfo, presididas por el vicerrector de Postgrado y Formaci\u00f3n Permanente, <strong>Miguel \u00c1ngel Gual<\/strong>, que estar\u00e1 acompa\u00f1ado por la directora general de Postgrado y Formaci\u00f3n Permanente, <strong>Macarena Tejada<\/strong>, <strong>Enrique Jos\u00e9 Jim\u00e9nez<\/strong>, director del M\u00e1ster Universitario en \u2018Finanzas y Banca\u2019, y <strong>Sara D\u00edaz<\/strong>, egresada del M\u00e1ster de la UPO \u2018Investigaci\u00f3n en Gesti\u00f3n\u2019. A las 20:00 horas, en el pabell\u00f3n semicubierto, se celebrar\u00e1 la \u00faltima de las ceremonias en un acto presidido por Miguel \u00c1ngel Gual acompa\u00f1ado por Macarena Tejada, Sara Mart\u00edn y por <strong>Virginia Mar\u00eda Mart\u00ednez<\/strong>, directora del M\u00e1ster Universitario en Intervenci\u00f3n Social.<\/p>\n<p>La Universidad Pablo de Olavide impartir\u00e1 <strong>el pr\u00f3ximo curso 2019\/2020 un total de 50 programas oficiales de postgrado<\/strong>, que se dividen en 41 m\u00e1steres y 9 doctorados, as\u00ed como una oferta de formaci\u00f3n permanente de hasta 120 t\u00edtulos propios. En palabras de Miguel \u00c1ngel Gual, vicerrector de Postgrado y Formaci\u00f3n Permanente, \u201chemos evolucionado el postgrado apostando decididamente por la eficiencia en la gesti\u00f3n p\u00fablica, la calidad de nuestras ense\u00f1anzas, la excelencia docente e investigadora y el car\u00e1cter multidisciplinar, la empleabilidad y el emprendimiento, la apuesta interuniversitaria y la internacionalizaci\u00f3n, la digitalizaci\u00f3n incremental y la oferta online\u201d.<\/p>\n<p>As\u00ed, la UPO <strong>presenta una oferta muy consolidada en diversos campos<\/strong>, en la que destacan, en primer lugar, los programas de biotecnolog\u00eda (sanitaria y medioambiental) o el dedicado a la ciencia y tecnolog\u00eda de aceites, todos ellos en estrecha colaboraci\u00f3n con los centros colaboradores del CSIC y con un componente muy fuerte de especializaci\u00f3n cient\u00edfica. En segundo lugar, la UPO renueva su apuesta por programas multidisciplinares en tem\u00e1ticas socio-ambientales como el cambio clim\u00e1tico y los recursos h\u00eddricos, las ciencias sociales aplicadas al medioambiente, la biodiversidad, la agroecolog\u00eda, o la educaci\u00f3n ambiental, entre otros. Todos ellos se nutren y retroalimentan tambi\u00e9n con las iniciativas del proyecto Campus de Excelencia Internacional CEI CamBio, coordinado por la Universidad Pablo de Olavide.<\/p>\n<p>En tercer lugar, destaca el \u00e9xito de la oferta de t\u00edtulos de doble m\u00e1ster con el eje central del m\u00e1ster habilitante en \u2018Abogac\u00eda\u2019, y que incluye la especializaci\u00f3n en derecho de la contrataci\u00f3n y responsabilidad civil o en derecho de las nuevas tecnolog\u00edas. Por \u00faltimo, destaca la importante contribuci\u00f3n de los programas en humanidades, como la apuesta interuniversitaria sobre el an\u00e1lisis hist\u00f3rico del mundo actual o los dedicados a la comunicaci\u00f3n internacional o ense\u00f1anza biling\u00fce.<\/p>\n<p>Respecto al <strong>proyecto UPO<em>nline<\/em><\/strong>, en el curso 2019\/20 se sigue apostando por aquellos programas que oferta la UPO en esta modalidad y que forman parte del presente y futuro de esta formaci\u00f3n. Junto al m\u00e1ster online en \u2018Ingenier\u00eda Inform\u00e1tica\u2019 que ha servido de piloto del proyecto, destacan los ya consolidados m\u00e1steres en \u2018Ense\u00f1anza del Espa\u00f1ol como Lengua Extranjera\u2019, el de \u2018Diagn\u00f3stico del Estado de Conservaci\u00f3n del Patrimonio Hist\u00f3rico\u2019, o las apuestas m\u00e1s recientes sobre las \u2018Ciencias de las Religiones\u2019 o \u2018Historia y Humanidades Digitales\u2019.<\/p>\n<p>Por su parte, los esfuerzos en promover la <strong>empleabilidad de los egresados<\/strong>, as\u00ed como sus competencias emprendedoras, son muy notables. Los t\u00edtulos oficiales de la Universidad Pablo de Olavide cuentan con m\u00e1s de 450 pr\u00e1cticas curriculares al a\u00f1o y m\u00e1s de 81 extracurriculares, todas ellas en empresas y entidades de nuestro tejido productivo que ayudan a generar din\u00e1micas de interacci\u00f3n p\u00fablico-privadas mutuamente beneficiosas y necesarias. Como ejemplo destacado se encuentra el m\u00e1ster en \u2018Finanzas y Banca\u2019, acreditado por la CNMV, que recibe el apoyo definitivo de las empresas y entidades sectorialmente vinculadas mediante programas de becas e inserci\u00f3n laboral.<\/p>\n<p>La UPO, adem\u00e1s, se caracteriza por sus <strong>alianzas de car\u00e1cter interuniversitario e institucional<\/strong>, con m\u00e1s del 20% de sus programas impartidos en esta modalidad. El car\u00e1cter internacional es, pues, una constante de los t\u00edtulos de m\u00e1ster universitario de esta universidad. As\u00ed, en el \u00faltimo curso, han participado en los programas de postgrado m\u00e1s de 200 estudiantes internacionales de m\u00e1s de 35 nacionalidades, un 18% del total de nuevo ingreso, y con m\u00e1s de 50 profesoras y profesores de \u00e1mbito internacional que imparten docencia en los mismos.<\/p>\n<p>En cuanto a los doctorados, estos programas est\u00e1n conformados por grupos competitivos que desarrollan l\u00edneas de investigaci\u00f3n de excelencia en un campo cient\u00edfico. Para el pr\u00f3ximo curso, son <strong>9 los doctorados ofertados<\/strong>: \u2018Administraci\u00f3n y Direcci\u00f3n de Empresas\u2019, \u2018Biotecnolog\u00eda, Ingenier\u00eda y Tecnolog\u00eda Qu\u00edmica\u2019, \u2018Ciencias de la Actividad F\u00edsica y del Deporte\u2019, \u2018Ciencias Jur\u00eddicas y Pol\u00edticas\u2019, \u2018Ciencias Sociales\u2019, \u2018Estudios Migratorios\u2019, \u2018Historia y Estudios Human\u00edsticos: Europa, Am\u00e9rica, Arte y Lenguas\u2019, \u2018Medio Ambiente y Sociedad\u2019 y \u2018Neurociencias\u2019.<\/p>\n<p>Adem\u00e1s, la UPO <strong>oferta 120 t\u00edtulos propios<\/strong>. Estos programas, que se integran dentro de la oferta de Formaci\u00f3n Permanente, tienen como finalidad la adquisici\u00f3n por parte del estudiante de una formaci\u00f3n de car\u00e1cter espec\u00edfica y multidisciplinar, orientada a la especializaci\u00f3n acad\u00e9mica o profesional. Los t\u00edtulos propios est\u00e1n dise\u00f1ados en colaboraci\u00f3n con profesionales y personal experto de diferentes entidades y empresas, pensados para responder de manera \u00e1gil y eficaz a las necesidades que plantea el mercado de trabajo y la sociedad.<\/p>\n<p>Las solicitudes de preinscripci\u00f3n en el caso de los m\u00e1steres universitarios, en segunda fase, se deben formalizar de manera online a trav\u00e9s de la <a href=\"http:\/\/www.juntadeandalucia.es\/economiayconocimiento\/sguit\/?q=masteres&amp;d=mo_calendario.php\">web de Distrito \u00danico<\/a> <u>hasta el lunes 15 de julio de 2019. <\/u><\/p>\n<p><strong>M\u00e1s informaci\u00f3n<\/strong> en <a href=\"http:\/\/www.upo.es\/postgrado\/\">www.upo.es\/postgrado\/<\/a><\/p>\n<p>&nbsp;<\/p>\n","protected":false},"excerpt":{"rendered":"<p>La Universidad Pablo de Olavide celebra hoy mi\u00e9rcoles 26 de junio las ceremonias de clausura de los programas de m\u00e1ster universitario del curso acad\u00e9mico 2018\/2019. Al primer acto, que ha estado presidido esta ma\u00f1ana por el rector de la UPO Vicente Guzm\u00e1n Fluja, han asistido los alumnos y alumnas de los m\u00e1steres en \u2018Abogac\u00eda\u2019; \u2018Profesorado de Educaci\u00f3n Secundaria Obligatoria y Bachillerato, Formaci\u00f3n Profesional y Ense\u00f1anza de Idiomas\u2019; y Dobles M\u00e1steres en \u2018Abogac\u00eda y Derecho de la Contrataci\u00f3n y Responsabilidad Civil\u2019 y en \u2018Abogac\u00eda y Derecho de las Nuevas Tecnolog\u00edas\u2019.<\/p>\n","protected":false},"author":6,"featured_media":30857338,"comment_status":"closed","ping_status":"open","sticky":false,"template":"","format":"standard","meta":{"_monsterinsights_skip_tracking":false,"_monsterinsights_sitenote_active":false,"_monsterinsights_sitenote_note":"","_monsterinsights_sitenote_category":0,"footnotes":""},"categories":[6],"tags":[614,463,21,1577,82,38,1340],"class_list":["post-30857337","post","type-post","status-publish","format-standard","has-post-thumbnail","hentry","category-institucional","tag-cedep","tag-clausura","tag-estudiantes","tag-master-universitario","tag-postgrado","tag-rector","tag-vicente-guzman"],"_links":{"self":[{"href":"https:\/\/www.upo.es\/diario\/wp-json\/wp\/v2\/posts\/30857337","targetHints":{"allow":["GET"]}}],"collection":[{"href":"https:\/\/www.upo.es\/diario\/wp-json\/wp\/v2\/posts"}],"about":[{"href":"https:\/\/www.upo.es\/diario\/wp-json\/wp\/v2\/types\/post"}],"author":[{"embeddable":true,"href":"https:\/\/www.upo.es\/diario\/wp-json\/wp\/v2\/users\/6"}],"replies":[{"embeddable":true,"href":"https:\/\/www.upo.es\/diario\/wp-json\/wp\/v2\/comments?post=30857337"}],"version-history":[{"count":2,"href":"https:\/\/www.upo.es\/diario\/wp-json\/wp\/v2\/posts\/30857337\/revisions"}],"predecessor-version":[{"id":30857397,"href":"https:\/\/www.upo.es\/diario\/wp-json\/wp\/v2\/posts\/30857337\/revisions\/30857397"}],"wp:featuredmedia":[{"embeddable":true,"href":"https:\/\/www.upo.es\/diario\/wp-json\/wp\/v2\/media\/30857338"}],"wp:attachment":[{"href":"https:\/\/www.upo.es\/diario\/wp-json\/wp\/v2\/media?parent=30857337"}],"wp:term":[{"taxonomy":"category","embeddable":true,"href":"https:\/\/www.upo.es\/diario\/wp-json\/wp\/v2\/categories?post=30857337"},{"taxonomy":"post_tag","embeddable":true,"href":"https:\/\/www.upo.es\/diario\/wp-json\/wp\/v2\/tags?post=30857337"}],"curies":[{"name":"wp","href":"https:\/\/api.w.org\/{rel}","templated":true}]}}