{"id":30857357,"date":"2019-06-28T10:26:01","date_gmt":"2019-06-28T07:26:01","guid":{"rendered":"https:\/\/www.upo.es\/diario\/?p=30857357"},"modified":"2019-06-28T10:26:01","modified_gmt":"2019-06-28T07:26:01","slug":"el-director-deportivo-del-sevilla-monchi-y-el-delegado-del-betis-victor-antequera-estaran-hoy-en-carmona","status":"publish","type":"post","link":"https:\/\/www.upo.es\/diario\/cursos-verano\/2019\/06\/el-director-deportivo-del-sevilla-monchi-y-el-delegado-del-betis-victor-antequera-estaran-hoy-en-carmona\/","title":{"rendered":"El director deportivo del Sevilla \u2018Monchi\u2019 y el delegado del Betis, V\u00edctor Antequera, estar\u00e1n hoy en Carmona"},"content":{"rendered":"<p><img loading=\"lazy\" decoding=\"async\" class=\"alignright size-full wp-image-30857226\" src=\"https:\/\/www.upo.es\/diario\/wp-content\/uploads\/2019\/06\/Cursos-OlavideenCarmona-2019.png\" alt=\"\" width=\"300\" height=\"397\" srcset=\"https:\/\/www.upo.es\/diario\/wp-content\/uploads\/2019\/06\/Cursos-OlavideenCarmona-2019.png 300w, https:\/\/www.upo.es\/diario\/wp-content\/uploads\/2019\/06\/Cursos-OlavideenCarmona-2019-272x360.png 272w\" sizes=\"auto, (max-width: 300px) 100vw, 300px\" \/>Olavide en Carmona acoge hoy la segunda y \u00faltima jornada del seminario <strong>\u2018Introducci\u00f3n al Derecho deportivo. 2\u00aa edici\u00f3n\u2019<\/strong>, que dirigen los abogados Antonio M. Tejero Bermudo, secretario general de la Federaci\u00f3n Andaluza de Triatl\u00f3n y Miguel P\u00e9rez Rocamora, presidente del Comit\u00e9 de Competici\u00f3n y asesor jur\u00eddico de la Real Federaci\u00f3n Andaluza de F\u00fatbol en su delegaci\u00f3n de Sevilla.<\/p>\n<p>El curso comenzar\u00e1 a las 9\u201930 horas con la mesa redonda: \u201cDeporte profesional y futuro\u201d, en el que participar\u00e1n Ram\u00f3n Rodr\u00edguez Verdejo &#8216;Monchi&#8217;, director deportivo del Sevilla F.C S.A.D y exjugador de f\u00fatbol profesional y V\u00edctor Antequera Rodr\u00edguez, delegado del Real Betis Balompi\u00e9 S.A.D y exjugador de f\u00fatbol profesional. Dicha mesa ser\u00e1 moderada por Miguel P\u00e9rez Rocamora. A continuaci\u00f3n, a las12,00 horas, se celebrar\u00e1 la conferencia: \u201cDecreto de soluci\u00f3n de litigios deportivos en Andaluc\u00eda\u201d, que estar\u00e1 a cargo de Antonio Romero Campanero, presidente de la Asociaci\u00f3n Andaluza de Derecho Deportivo.<\/p>\n<p>Por otro lado, hoy tambi\u00e9n contin\u00faa celebr\u00e1ndose el curso <strong>\u2018Violencia en la adolescencia: filioparental, de g\u00e9nero y acoso escolar\u2019<\/strong>, dirigido por la antrop\u00f3loga y pedagoga Cosette Franco Mu\u00f1oz. Comenzar\u00e1 a las 10,00 horas con la mesa redonda: \u201c\u00bfDan los padres\/madres de hoy una respuesta a hijos\/as de hoy\u201d, en la que estar\u00e1n presentes Alma Serra, socia fundadora y presidenta de Rumbos Recursos Educativos Especializados; Luis Aretio, psic\u00f3logo especialista en Psicolog\u00eda infantil y director de &#8216;Autoescuela para padres&#8217; y Gloria Rodr\u00edguez, neuropsic\u00f3loga y pedagoga en &#8216;Espacio Presente&#8217;. Ser\u00e1 moderada por la directora del seminario, quien tambi\u00e9n impartir\u00e1 a las 12,30 horas el \u00faltimo taller del seminario: \u201cImpacto y evaluaci\u00f3n de tipos de violencia en la adolescencia\u201d.<\/p>\n<p>Otro de los seminario que prosigue hoy es <strong>\u2018En pocas palabras: subtitulaci\u00f3n y accesibilidad en el siglo XXI. 2\u00aa edici\u00f3n\u2019<\/strong>, dirigido por Yolanda Morat\u00f3 Agrafojo, profesora del Departamento de Filolog\u00eda Inglesa-Lengua Inglesa de la Universidad de Sevilla. A las 10,00 horas empezar\u00e1 el taller \u2018Aplicaciones de la traducci\u00f3n audiovisual\u2019, que estar\u00e1 bajo la responsabilidad de \u00c1ngeles Garrido Oliva, traductora aut\u00f3noma, mientras que a las 11,30 horas impartir\u00e1 una \u2018Pr\u00e1ctica de un encargo de subtitulaci\u00f3n\u2019. Por \u00faltimo, a las 12,30 horas tendr\u00e1 lugar la \u00faltima mesa redonda del curso, que llevar\u00e1 por nombre \u2018Empleabilidad y aspectos profesionales de la traducci\u00f3n audiovisual\u2019, en la que estar\u00e1n presentes \u00c1ngeles Garrido Oliva y Yolanda Morat\u00f3 Agrafojo.<\/p>\n<p>El \u00faltimo de los cursos que se celebra hoy es <strong>\u2018Derecho societario y concursal: divergencias en liquidaci\u00f3n y jurisdicci\u00f3n. 3\u00aa edici\u00f3n\u2019<\/strong>, que dirige Cecilia Franco Romero, abogada socia de Iureko Abogados y Economistas. El seminario arrancar\u00e1 a las 09,30 horas con la conferencia \u2018Aspectos novedosos en el acta notarial de conformidad con la nueva ley hipotecaria\u2019, que ofrecer\u00e1 Pablo Guti\u00e9rrez Alviz y Conradi, notario y acad\u00e9mico de las Buenas Letras. Dicha conferencia ser\u00e1 presentada por Mar\u00eda Dolores Guti\u00e9rrez \u00c1lviz Fern\u00e1ndez de C\u00f3rdoba, abogada de Iureko Abogados y Economistas.<\/p>\n<p>A continuaci\u00f3n, a las 11,30 horas, Agust\u00edn Fern\u00e1ndez Santana, abogado de Serrano Abogados, impartir\u00e1 la conferencia \u2018Pensi\u00f3n de alimentos. Consecuencias en el \u00e1mbito civil y concursal. Exenci\u00f3n de pago de la pensi\u00f3n de alimentos en concurso. Indigencia del concursado, presupuestos\u2019, que ser\u00e1 presentado por Cecilia Franco Romero, abogada socia de Iureko Abogados y Economistas. Por \u00faltimo, a las 12,30 horas se celebrar\u00e1 el \u00faltimo taller del curso: \u2018Aspectos pr\u00e1cticos de la liquidaci\u00f3n concursal y liquidaci\u00f3n societaria\u2019, de la que formar\u00e1n parte Abelardo Bracho Arcos, abogado director socio de PwC y Jos\u00e9 Antonio Pe\u00f1afiel Tienda, abogado senior Manager de PwC. Ser\u00e1 moderada por Mar\u00eda Dolores Baz Herrera, economista socia de Iureko Abogados y Economistas.<\/p>\n<p>&nbsp;<\/p>\n","protected":false},"excerpt":{"rendered":"<p>Olavide en Carmona acoge hoy la segunda y \u00faltima jornada del seminario \u2018Introducci\u00f3n al Derecho deportivo. 2\u00aa edici\u00f3n\u2019, que dirigen los abogados Antonio M. Tejero Bermudo, secretario general de la Federaci\u00f3n Andaluza de Triatl\u00f3n y Miguel P\u00e9rez Rocamora, presidente del Comit\u00e9 de Competici\u00f3n y asesor jur\u00eddico de la Real Federaci\u00f3n Andaluza de F\u00fatbol en su delegaci\u00f3n de Sevilla. <\/p>\n","protected":false},"author":6,"featured_media":30857176,"comment_status":"closed","ping_status":"open","sticky":false,"template":"","format":"standard","meta":{"_monsterinsights_skip_tracking":false,"_monsterinsights_sitenote_active":false,"_monsterinsights_sitenote_note":"","_monsterinsights_sitenote_category":0,"footnotes":""},"categories":[729],"tags":[23,22,87,4379,1111,46,519,143],"class_list":["post-30857357","post","type-post","status-publish","format-standard","has-post-thumbnail","hentry","category-cursos-verano","tag-carmona","tag-cursos-de-verano","tag-derecho","tag-derecho-deportivo","tag-filologia-y-traduccion","tag-futbol","tag-olavide-en-carmona","tag-violencia"],"_links":{"self":[{"href":"https:\/\/www.upo.es\/diario\/wp-json\/wp\/v2\/posts\/30857357","targetHints":{"allow":["GET"]}}],"collection":[{"href":"https:\/\/www.upo.es\/diario\/wp-json\/wp\/v2\/posts"}],"about":[{"href":"https:\/\/www.upo.es\/diario\/wp-json\/wp\/v2\/types\/post"}],"author":[{"embeddable":true,"href":"https:\/\/www.upo.es\/diario\/wp-json\/wp\/v2\/users\/6"}],"replies":[{"embeddable":true,"href":"https:\/\/www.upo.es\/diario\/wp-json\/wp\/v2\/comments?post=30857357"}],"version-history":[{"count":1,"href":"https:\/\/www.upo.es\/diario\/wp-json\/wp\/v2\/posts\/30857357\/revisions"}],"predecessor-version":[{"id":30857358,"href":"https:\/\/www.upo.es\/diario\/wp-json\/wp\/v2\/posts\/30857357\/revisions\/30857358"}],"wp:featuredmedia":[{"embeddable":true,"href":"https:\/\/www.upo.es\/diario\/wp-json\/wp\/v2\/media\/30857176"}],"wp:attachment":[{"href":"https:\/\/www.upo.es\/diario\/wp-json\/wp\/v2\/media?parent=30857357"}],"wp:term":[{"taxonomy":"category","embeddable":true,"href":"https:\/\/www.upo.es\/diario\/wp-json\/wp\/v2\/categories?post=30857357"},{"taxonomy":"post_tag","embeddable":true,"href":"https:\/\/www.upo.es\/diario\/wp-json\/wp\/v2\/tags?post=30857357"}],"curies":[{"name":"wp","href":"https:\/\/api.w.org\/{rel}","templated":true}]}}