{"id":30857407,"date":"2019-07-01T14:47:10","date_gmt":"2019-07-01T11:47:10","guid":{"rendered":"https:\/\/www.upo.es\/diario\/?p=30857407"},"modified":"2019-07-01T14:47:10","modified_gmt":"2019-07-01T11:47:10","slug":"la-sociedad-debe-actuar-con-contundencia-ante-cualquier-discurso-que-legitime-la-violencia-terrorista","status":"publish","type":"post","link":"https:\/\/www.upo.es\/diario\/cursos-verano\/2019\/07\/la-sociedad-debe-actuar-con-contundencia-ante-cualquier-discurso-que-legitime-la-violencia-terrorista\/","title":{"rendered":"\u00abLa sociedad debe actuar con contundencia ante cualquier discurso que legitime la violencia terrorista\u00bb"},"content":{"rendered":"<p><strong><a href=\"https:\/\/www.upo.es\/diario\/wp-content\/uploads\/2019\/07\/ManuelRicardoTorres.jpg\"><img loading=\"lazy\" decoding=\"async\" class=\"alignright wp-image-30857409 size-medium\" src=\"https:\/\/www.upo.es\/diario\/wp-content\/uploads\/2019\/07\/ManuelRicardoTorres-360x240.jpg\" alt=\"\" width=\"360\" height=\"240\" srcset=\"https:\/\/www.upo.es\/diario\/wp-content\/uploads\/2019\/07\/ManuelRicardoTorres-360x240.jpg 360w, https:\/\/www.upo.es\/diario\/wp-content\/uploads\/2019\/07\/ManuelRicardoTorres-768x512.jpg 768w, https:\/\/www.upo.es\/diario\/wp-content\/uploads\/2019\/07\/ManuelRicardoTorres-750x500.jpg 750w, https:\/\/www.upo.es\/diario\/wp-content\/uploads\/2019\/07\/ManuelRicardoTorres-600x400.jpg 600w, https:\/\/www.upo.es\/diario\/wp-content\/uploads\/2019\/07\/ManuelRicardoTorres-165x109.jpg 165w, https:\/\/www.upo.es\/diario\/wp-content\/uploads\/2019\/07\/ManuelRicardoTorres-1320x880.jpg 1320w\" sizes=\"auto, (max-width: 360px) 100vw, 360px\" \/><\/a>\u201cEl terrorismo yihadista sigue siendo un enorme problema de seguridad\u201d<\/strong>. As\u00ed de contundente se muestra el profesor Manuel Ricardo Torres Soriano, quien asegura que uno de los principales inhibidores de la amenaza pasa por \u201cevitar el sentimiento de impunidad con la que algunos individuos y grupos llevan a cabo una actividad de radicalizaci\u00f3n\u201d. Por este motivo, defiende que \u201cla sociedad debe actuar con la suficiente contundencia ante cualquier tipo de discurso o comportamiento que legitime la violencia terrorista\u201d, ya que eso termina evitando el desarrollo de procesos de radicalizaci\u00f3n que, una vez iniciados, \u201cresulta muy dif\u00edcil revertir\u201d.<\/p>\n<p>El doctor Torres Soriano, profesor del Departamento de Derecho P\u00fablico del \u00e1rea de Ciencia Pol\u00edtica y de la Administraci\u00f3n de la Universidad Pablo de Olavide, ha hecho estas declaraciones en el marco del <strong>Curso Internacional sobre Terrorismo Yihadista<\/strong> que \u00e9l mismo dirige y que esta ma\u00f1ana ha inaugurado su decimocuarta edici\u00f3n bajo el t\u00edtulo <strong>\u2018Potenciadores e inhibidores de la amenaza\u2019<\/strong> dentro de la programaci\u00f3n de los <strong>XVII Cursos de Verano<\/strong> que la UPO celebra en su sede \u2018Rosario Valpuesta\u2019 de Carmona.<\/p>\n<p>Cuestionado sobre la adopci\u00f3n de medidas necesarias para prevenir la radicalizaci\u00f3n, el director del seminario asegura que \u201chay que reconocer que los diferentes gobiernos y la sociedad en su conjunto tienen en la actualidad una perspectiva mucho m\u00e1s madura y sofisticada sobre el problema y c\u00f3mo actuar sobre \u00e9l\u201d. Sin embargo, alerta de que se trata de un fen\u00f3meno \u201cdin\u00e1mico\u201d que exige un \u201ccontinuo esfuerzo de adaptaci\u00f3n\u201d. Por este motivo, considera que uno de los principales riesgos es \u201cadoptar una actitud complaciente que nos lleve a pensar que ya tenemos una visi\u00f3n completa del fen\u00f3meno y que no existe espacio para la sorpresa\u201d.<\/p>\n<p>Para Torres, la experiencia demuestra que uno de los principales potenciadores de la actividad terrorista es la presencia de \u201cindividuos que act\u00faan de manera activa como agentes de radicalizaci\u00f3n movilizando a otros sujetos y actuando como dinamizadores de complots terroristas\u201d. As\u00ed, aboga por \u201cdetectar y neutralizar a tiempo\u201d a estos sujetos como clave para evitar focos de radicalizaci\u00f3n que pueden terminar enquist\u00e1ndose en un determinado barrio o localidad\u201d.<\/p>\n<p>En cuanto a la amenaza real sobre Espa\u00f1a, y tras la reciente detenci\u00f3n de un presunto yihadista en Sevilla, el experto cree que los factores que alimentan la amenaza en nuestro pa\u00eds se mantienen \u201cestables\u201d, por lo que \u201cno debe sorprendernos la desarticulaci\u00f3n de complots terroristas que tienen como objetivo actuar en Espa\u00f1a\u201d, asevera. No obstante, reconoce que en Europa se ha producido un descenso de la actividad terrorista \u201cque estaba apoyada directamente desde las bases operativas de Estado Isl\u00e1mico, principalmente en Siria e Irak\u201d, mientras que, en paralelo, se ha producido un \u201crepunte en otras zonas del planeta, particularmente en Asia y \u00c1frica\u201d, lo cual no significa que haya que despreciar la \u201cimportancia que pueden llegar a adquirir focos de radicalizaci\u00f3n capaces de proyectar la amenaza a otros lugares, incluida Europa\u201d.<\/p>\n<p>Aunque el \u201cdesmoronamiento del proyecto califal de Estado Isl\u00e1mico\u201d ha supuesto una \u201cdegradaci\u00f3n de sus capacidades operativas y una considerable p\u00e9rdida de visibilidad\u201d, lo cierto es que esta organizaci\u00f3n y otros grupos de similar naturaleza \u201ccontin\u00faan manteniendo la capacidad para atentar por sus propios medios e inspirar a otros a emplear la violencia terrorista\u201d. Es por ello que \u201cdebe mantenerse la presi\u00f3n sobre este tipo de redes y evitar que una falsa sensaci\u00f3n de seguridad les abra una ventana de oportunidad que, sin duda, sabr\u00edan aprovechar para reconstruirse y protagonizar una nueva campa\u00f1a de atentados\u201d. Porque \u201cel terrorismo yihadista sigue siendo un enorme problema de seguridad\u201d, reitera.<\/p>\n","protected":false},"excerpt":{"rendered":"<p>\u201cEl terrorismo yihadista sigue siendo un enorme problema de seguridad\u201d. As\u00ed de contundente se muestra el profesor Manuel Ricardo Torres Soriano, quien asegura que uno de los principales inhibidores de la amenaza pasa por \u201cevitar el sentimiento de impunidad con la que algunos individuos y grupos llevan a cabo una actividad de radicalizaci\u00f3n\u201d. Por este motivo, defiende que \u201cla sociedad debe actuar con la suficiente contundencia ante cualquier tipo de discurso o comportamiento que legitime la violencia terrorista\u201d, ya que eso termina evitando el desarrollo de procesos de radicalizaci\u00f3n que, una vez iniciados, \u201cresulta muy dif\u00edcil revertir\u201d.<\/p>\n","protected":false},"author":6,"featured_media":30857409,"comment_status":"closed","ping_status":"open","sticky":false,"template":"","format":"standard","meta":{"_monsterinsights_skip_tracking":false,"_monsterinsights_sitenote_active":false,"_monsterinsights_sitenote_note":"","_monsterinsights_sitenote_category":0,"footnotes":""},"categories":[729],"tags":[23,22,1611,519,2835,143],"class_list":["post-30857407","post","type-post","status-publish","format-standard","has-post-thumbnail","hentry","category-cursos-verano","tag-carmona","tag-cursos-de-verano","tag-manuel-ricardo-torres-soriano","tag-olavide-en-carmona","tag-terrorismo-yihadista","tag-violencia"],"_links":{"self":[{"href":"https:\/\/www.upo.es\/diario\/wp-json\/wp\/v2\/posts\/30857407","targetHints":{"allow":["GET"]}}],"collection":[{"href":"https:\/\/www.upo.es\/diario\/wp-json\/wp\/v2\/posts"}],"about":[{"href":"https:\/\/www.upo.es\/diario\/wp-json\/wp\/v2\/types\/post"}],"author":[{"embeddable":true,"href":"https:\/\/www.upo.es\/diario\/wp-json\/wp\/v2\/users\/6"}],"replies":[{"embeddable":true,"href":"https:\/\/www.upo.es\/diario\/wp-json\/wp\/v2\/comments?post=30857407"}],"version-history":[{"count":1,"href":"https:\/\/www.upo.es\/diario\/wp-json\/wp\/v2\/posts\/30857407\/revisions"}],"predecessor-version":[{"id":30857410,"href":"https:\/\/www.upo.es\/diario\/wp-json\/wp\/v2\/posts\/30857407\/revisions\/30857410"}],"wp:featuredmedia":[{"embeddable":true,"href":"https:\/\/www.upo.es\/diario\/wp-json\/wp\/v2\/media\/30857409"}],"wp:attachment":[{"href":"https:\/\/www.upo.es\/diario\/wp-json\/wp\/v2\/media?parent=30857407"}],"wp:term":[{"taxonomy":"category","embeddable":true,"href":"https:\/\/www.upo.es\/diario\/wp-json\/wp\/v2\/categories?post=30857407"},{"taxonomy":"post_tag","embeddable":true,"href":"https:\/\/www.upo.es\/diario\/wp-json\/wp\/v2\/tags?post=30857407"}],"curies":[{"name":"wp","href":"https:\/\/api.w.org\/{rel}","templated":true}]}}