{"id":30857411,"date":"2019-07-01T15:37:38","date_gmt":"2019-07-01T12:37:38","guid":{"rendered":"https:\/\/www.upo.es\/diario\/?p=30857411"},"modified":"2019-07-01T15:37:38","modified_gmt":"2019-07-01T12:37:38","slug":"juana-castillo-la-voz-es-el-instrumento-mas-complejo-vulnerable-y-cambiante-pero-el-mas-vivo-y-especial","status":"publish","type":"post","link":"https:\/\/www.upo.es\/diario\/cursos-verano\/2019\/07\/juana-castillo-la-voz-es-el-instrumento-mas-complejo-vulnerable-y-cambiante-pero-el-mas-vivo-y-especial\/","title":{"rendered":"Juana Castillo: \u00abLa voz es el instrumento m\u00e1s complejo, vulnerable y cambiante, pero el m\u00e1s vivo y especial\u00bb"},"content":{"rendered":"<p><a href=\"https:\/\/www.upo.es\/diario\/wp-content\/uploads\/2019\/07\/Juana-Castillo.jpg\"><img loading=\"lazy\" decoding=\"async\" class=\"alignright wp-image-30857417 size-medium\" src=\"https:\/\/www.upo.es\/diario\/wp-content\/uploads\/2019\/07\/Juana-Castillo-360x240.jpg\" alt=\"\" width=\"360\" height=\"240\" srcset=\"https:\/\/www.upo.es\/diario\/wp-content\/uploads\/2019\/07\/Juana-Castillo-360x240.jpg 360w, https:\/\/www.upo.es\/diario\/wp-content\/uploads\/2019\/07\/Juana-Castillo-768x512.jpg 768w, https:\/\/www.upo.es\/diario\/wp-content\/uploads\/2019\/07\/Juana-Castillo-750x500.jpg 750w, https:\/\/www.upo.es\/diario\/wp-content\/uploads\/2019\/07\/Juana-Castillo-600x400.jpg 600w, https:\/\/www.upo.es\/diario\/wp-content\/uploads\/2019\/07\/Juana-Castillo-165x109.jpg 165w, https:\/\/www.upo.es\/diario\/wp-content\/uploads\/2019\/07\/Juana-Castillo-1320x880.jpg 1320w\" sizes=\"auto, (max-width: 360px) 100vw, 360px\" \/><\/a>Para la <strong>soprano Juana Castillo Ruz<\/strong>, la voz es el instrumento que, junto con otros en un mismo espacio y en una misma interpretaci\u00f3n, <strong>\u201cconsigue mover en mayor intensidad la atenci\u00f3n del espectador y producir en \u00e9l una huella mayor en sus impresiones emocionales\u201d<\/strong>. Y a\u00f1ade que se trata del \u201cinstrumento m\u00e1s complejo, m\u00e1s vulnerable y cambiante, pero el m\u00e1s vivo y, por lo tanto, el m\u00e1s especial y hermoso\u201d, asegura.<\/p>\n<p>Castillo ha realizado estas manifestaciones con motivo de la inauguraci\u00f3n del <strong>curso \u2018Coaching t\u00e9cnico-vocal de alto rendimiento para audiciones, conciertos y giras. Formaci\u00f3n complementaria\u2019<\/strong>, que dirige esta profesional y que se desarrolla hasta el viernes dentro de la programaci\u00f3n de los <strong>XVII Cursos de Verano<\/strong> que la UPO celebra en la sede \u2018Rosario Valpuesta\u2019 de Carmona.<\/p>\n<p>Preguntada sobre las cualidades innatas que se requieren para ser cantante, la soprano asegura que \u00e9stas no son precisas, ya que la clave del \u00e9xito pasa por \u201cuna adecuada formaci\u00f3n, disciplina, paciencia y estudio\u201d, si bien distingue entre \u201cser cantante y ser famoso, tener mucho dinero, muchos \u2018likes\u2019 en redes sociales, etc\u00e9tera\u201d. Para ella, ser cantante es ser \u201cun profesional honesto al servicio de personas que necesitan de nuestro trabajo para ser mejores y vivir mejor\u201d, por lo que es \u201cuna gran responsabilidad que exige la mayor honestidad\u201d.<\/p>\n<p>Asimismo, con independencia de la facilidad que tenga cada uno para acceder al canto, defiende que hay que \u201cconstruir un instrumento musical, muscular, que sea fiable durante toda nuestra vida profesional\u201d, y recuerda que ella misma, como profesional, ha formado voces que inicialmente parec\u00eda que no estaban dotadas para el canto y que, hoy en d\u00eda, \u201cdespu\u00e9s de un trabajo serio, riguroso y disciplinado, barajan giras de 80 conciertos al a\u00f1o con productoras muy profesionales detr\u00e1s de ellos\u201d.<\/p>\n<p>Juana Castillo a\u00f1ade que \u201csi se trabaja adecuadamente, la voz mejora con el paso de los a\u00f1os\u201d, pero \u201ces innegable que las leyes de la naturaleza hacen que al llegar a una edad muy avanzada la voz inicia un proceso de bajada de nivel porque la musculatura tiende a perder sus cualidades a edades avanzadas\u201d. Sin embargo, \u201cuna t\u00e9cnica bien depurada y trabajada consigue que ese declive se produzca a edades muy tard\u00edas\u201d, asevera. Lo que no es l\u00f3gico es que cantantes j\u00f3venes o en edad madura vean mermadas sus cualidades, \u201clo que obedece normalmente a una mala t\u00e9cnica de emisi\u00f3n, a tener una musculatura mal trabajada o a una falta de cuidados espec\u00edficos para su concreto instrumento\u201d.<\/p>\n<p>Sobre los estilos musicales m\u00e1s apropiados para cada voz, \u201cla selecci\u00f3n corresponde al formador y entrenador vocal tras un riguroso proceso de an\u00e1lisis de las caracter\u00edsticas de la voz del cantante para determinar cu\u00e1l es el estilo que mejor potencia las cualidades vocales del artista\u201d. No obstante, \u201cluego ser\u00e1n los integrantes de la industria musical, junto con el artista y a veces sin contar con \u00e9l, los que decidan seguir esa l\u00ednea o no, algunas veces con acierto y otras lamentablemente no\u201d.<\/p>\n<p>Para mantener la forma, los cantantes han de realizar \u201cejercicios vocales musculares cada semana, cuidar la forma f\u00edsica para tener una buena tonicidad muscular y hacer ejercicios respiratorios\u201d. En cuanto a la alimentaci\u00f3n, debe ser como la de cualquier persona: \u201csana, variada y equilibrada, teniendo en cuenta un adecuado suministro energ\u00e9tico en \u00e9poca de giras y conciertos\u201d. Y el estr\u00e9s antes de una actuaci\u00f3n \u201cest\u00e1 relacionado directamente con la seguridad que tenga el artista, tanto a nivel personal como t\u00e9cnico-vocal\u201d, algo en lo que tiene mucho que decir el instructor o profesional y para lo que ayudan los ejercicios de respiraci\u00f3n antes de cada actuaci\u00f3n. \u201cUn cantante nunca se debe sentir en peligro ante un concierto\u201d, concluye con rotundidad.<\/p>\n<p>&nbsp;<\/p>\n","protected":false},"excerpt":{"rendered":"<p>La soprano asegura que no se requieren cualidades innatas para ser cantante, sino una formaci\u00f3n adecuada, disciplina, paciencia y estudio, y aclara que no se debe confundir ser cantante con ser famoso.<\/p>\n","protected":false},"author":6,"featured_media":30857417,"comment_status":"closed","ping_status":"open","sticky":false,"template":"","format":"standard","meta":{"_monsterinsights_skip_tracking":false,"_monsterinsights_sitenote_active":false,"_monsterinsights_sitenote_note":"","_monsterinsights_sitenote_category":0,"footnotes":""},"categories":[729],"tags":[2523,23,22,402,519],"class_list":["post-30857411","post","type-post","status-publish","format-standard","has-post-thumbnail","hentry","category-cursos-verano","tag-artes-escenicas","tag-carmona","tag-cursos-de-verano","tag-musica","tag-olavide-en-carmona"],"_links":{"self":[{"href":"https:\/\/www.upo.es\/diario\/wp-json\/wp\/v2\/posts\/30857411","targetHints":{"allow":["GET"]}}],"collection":[{"href":"https:\/\/www.upo.es\/diario\/wp-json\/wp\/v2\/posts"}],"about":[{"href":"https:\/\/www.upo.es\/diario\/wp-json\/wp\/v2\/types\/post"}],"author":[{"embeddable":true,"href":"https:\/\/www.upo.es\/diario\/wp-json\/wp\/v2\/users\/6"}],"replies":[{"embeddable":true,"href":"https:\/\/www.upo.es\/diario\/wp-json\/wp\/v2\/comments?post=30857411"}],"version-history":[{"count":2,"href":"https:\/\/www.upo.es\/diario\/wp-json\/wp\/v2\/posts\/30857411\/revisions"}],"predecessor-version":[{"id":30857418,"href":"https:\/\/www.upo.es\/diario\/wp-json\/wp\/v2\/posts\/30857411\/revisions\/30857418"}],"wp:featuredmedia":[{"embeddable":true,"href":"https:\/\/www.upo.es\/diario\/wp-json\/wp\/v2\/media\/30857417"}],"wp:attachment":[{"href":"https:\/\/www.upo.es\/diario\/wp-json\/wp\/v2\/media?parent=30857411"}],"wp:term":[{"taxonomy":"category","embeddable":true,"href":"https:\/\/www.upo.es\/diario\/wp-json\/wp\/v2\/categories?post=30857411"},{"taxonomy":"post_tag","embeddable":true,"href":"https:\/\/www.upo.es\/diario\/wp-json\/wp\/v2\/tags?post=30857411"}],"curies":[{"name":"wp","href":"https:\/\/api.w.org\/{rel}","templated":true}]}}