{"id":30857412,"date":"2019-07-01T15:05:33","date_gmt":"2019-07-01T12:05:33","guid":{"rendered":"https:\/\/www.upo.es\/diario\/?p=30857412"},"modified":"2019-07-01T15:05:33","modified_gmt":"2019-07-01T12:05:33","slug":"ceremonia-de-graduacion-de-la-promocion-2015-2019-del-grado-en-trabajo-social-de-la-upo","status":"publish","type":"post","link":"https:\/\/www.upo.es\/diario\/comunidad\/2019\/07\/ceremonia-de-graduacion-de-la-promocion-2015-2019-del-grado-en-trabajo-social-de-la-upo\/","title":{"rendered":"Ceremonia de graduaci\u00f3n de la promoci\u00f3n 2015-2019 del Grado en Trabajo Social de la UPO"},"content":{"rendered":"<figure id=\"attachment_30857413\" aria-describedby=\"caption-attachment-30857413\" style=\"width: 750px\" class=\"wp-caption aligncenter\"><a href=\"https:\/\/www.upo.es\/diario\/wp-content\/uploads\/2019\/07\/190628UPO_18.00_176.jpg\"><img loading=\"lazy\" decoding=\"async\" class=\"wp-image-30857413 size-large\" src=\"https:\/\/www.upo.es\/diario\/wp-content\/uploads\/2019\/07\/190628UPO_18.00_176-750x501.jpg\" alt=\"\" width=\"750\" height=\"501\" srcset=\"https:\/\/www.upo.es\/diario\/wp-content\/uploads\/2019\/07\/190628UPO_18.00_176-750x501.jpg 750w, https:\/\/www.upo.es\/diario\/wp-content\/uploads\/2019\/07\/190628UPO_18.00_176-360x240.jpg 360w, https:\/\/www.upo.es\/diario\/wp-content\/uploads\/2019\/07\/190628UPO_18.00_176-768x513.jpg 768w, https:\/\/www.upo.es\/diario\/wp-content\/uploads\/2019\/07\/190628UPO_18.00_176-600x401.jpg 600w, https:\/\/www.upo.es\/diario\/wp-content\/uploads\/2019\/07\/190628UPO_18.00_176-165x109.jpg 165w, https:\/\/www.upo.es\/diario\/wp-content\/uploads\/2019\/07\/190628UPO_18.00_176-1320x881.jpg 1320w\" sizes=\"auto, (max-width: 750px) 100vw, 750px\" \/><\/a><figcaption id=\"caption-attachment-30857413\" class=\"wp-caption-text\">L\u00ednea 1 del Grado en Trabajo Social de la UPO<\/figcaption><\/figure>\n<p>La ceremonia de graduaci\u00f3n de la promoci\u00f3n 2015-2019 de las L\u00edneas 1, 2 y 3 del <strong>Grado en Trabajo Social<\/strong> se celebr\u00f3 el viernes 28 de junio en el Paraninfo de la Universidad Pablo de Olavide, presidida por la vicedecana de Pr\u00e1cticas de la Facultad de Ciencias Sociales, <strong>Estrella Abolafio Moreno.<\/strong><\/p>\n<figure id=\"attachment_30857415\" aria-describedby=\"caption-attachment-30857415\" style=\"width: 360px\" class=\"wp-caption alignright\"><a href=\"https:\/\/www.upo.es\/diario\/wp-content\/uploads\/2019\/07\/190628UPO_20.00_211.jpg\"><img loading=\"lazy\" decoding=\"async\" class=\"size-medium wp-image-30857415\" src=\"https:\/\/www.upo.es\/diario\/wp-content\/uploads\/2019\/07\/190628UPO_20.00_211-360x240.jpg\" alt=\"\" width=\"360\" height=\"240\" srcset=\"https:\/\/www.upo.es\/diario\/wp-content\/uploads\/2019\/07\/190628UPO_20.00_211-360x240.jpg 360w, https:\/\/www.upo.es\/diario\/wp-content\/uploads\/2019\/07\/190628UPO_20.00_211-768x513.jpg 768w, https:\/\/www.upo.es\/diario\/wp-content\/uploads\/2019\/07\/190628UPO_20.00_211-750x501.jpg 750w, https:\/\/www.upo.es\/diario\/wp-content\/uploads\/2019\/07\/190628UPO_20.00_211-600x401.jpg 600w, https:\/\/www.upo.es\/diario\/wp-content\/uploads\/2019\/07\/190628UPO_20.00_211-165x109.jpg 165w, https:\/\/www.upo.es\/diario\/wp-content\/uploads\/2019\/07\/190628UPO_20.00_211-1320x881.jpg 1320w\" sizes=\"auto, (max-width: 360px) 100vw, 360px\" \/><\/a><figcaption id=\"caption-attachment-30857415\" class=\"wp-caption-text\">L\u00edneas 2 y 3 del Grado en Trabajo Social de la UPO<\/figcaption><\/figure>\n<p>El padrino de la promoci\u00f3n ha sido <strong>Antonio Reina Chamorro, <\/strong>fundador de la Asociaci\u00f3n Ariadna<strong>.<\/strong> A la ceremonia tambi\u00e9n asistieron: <strong>Ra\u00fal \u00c1lvarez P\u00e9rez, <\/strong>profesor del \u00c1rea de Trabajo Social y Servicios Sociales de la UPO y padrino honor\u00edfico; y <strong>Antonia Corona Aguilar, <\/strong>secretaria acad\u00e9mica y atenci\u00f3n al alumnado del a Facultad de Ciencias Sociales.<\/p>\n<p>En representaci\u00f3n del alumnado egresado, pronunciaron los discursos <strong>Juan Jos\u00e9 Zuloaga Vallejo <\/strong>y<strong> Lourdes Berm\u00fadez Ortiz, <\/strong>de la L\u00ednea 1, y<strong> Agust\u00edn Barrag\u00e1n Gonz\u00e1lez <\/strong>y<strong> Jos\u00e9 Manuel Cintado Fern\u00e1ndez, <\/strong>de las L\u00edneas 2 y 3. Un total de 145 egresados y egresadas han asistido, junto a sus familiares, a este acto con el que la Universidad Pablo de Olavide recupera una antigua tradici\u00f3n de las universidades europeas.<\/p>\n<p>&nbsp;<\/p>\n","protected":false},"excerpt":{"rendered":"<p>La ceremonia de graduaci\u00f3n de la promoci\u00f3n 2015-2019 de las L\u00edneas 1, 2 y 3 del Grado en Trabajo Social se celebr\u00f3 el viernes 28 de junio en el Paraninfo de la Universidad Pablo de Olavide, presidida por la vicedecana de Pr\u00e1cticas de la Facultad de Ciencias Sociales, Estrella Abolafio Moreno.<\/p>\n","protected":false},"author":4,"featured_media":30857413,"comment_status":"closed","ping_status":"open","sticky":false,"template":"","format":"standard","meta":{"_monsterinsights_skip_tracking":false,"_monsterinsights_sitenote_active":false,"_monsterinsights_sitenote_note":"","_monsterinsights_sitenote_category":0,"footnotes":""},"categories":[5842],"tags":[581,6146,487,1457],"class_list":["post-30857412","post","type-post","status-publish","format-standard","has-post-thumbnail","hentry","category-comunidad","tag-ceremonia-de-egresados","tag-ceremonia-de-fin-de-grado","tag-facultad-ciencias-sociales","tag-grado-en-trabajo-social"],"_links":{"self":[{"href":"https:\/\/www.upo.es\/diario\/wp-json\/wp\/v2\/posts\/30857412","targetHints":{"allow":["GET"]}}],"collection":[{"href":"https:\/\/www.upo.es\/diario\/wp-json\/wp\/v2\/posts"}],"about":[{"href":"https:\/\/www.upo.es\/diario\/wp-json\/wp\/v2\/types\/post"}],"author":[{"embeddable":true,"href":"https:\/\/www.upo.es\/diario\/wp-json\/wp\/v2\/users\/4"}],"replies":[{"embeddable":true,"href":"https:\/\/www.upo.es\/diario\/wp-json\/wp\/v2\/comments?post=30857412"}],"version-history":[{"count":1,"href":"https:\/\/www.upo.es\/diario\/wp-json\/wp\/v2\/posts\/30857412\/revisions"}],"predecessor-version":[{"id":30857416,"href":"https:\/\/www.upo.es\/diario\/wp-json\/wp\/v2\/posts\/30857412\/revisions\/30857416"}],"wp:featuredmedia":[{"embeddable":true,"href":"https:\/\/www.upo.es\/diario\/wp-json\/wp\/v2\/media\/30857413"}],"wp:attachment":[{"href":"https:\/\/www.upo.es\/diario\/wp-json\/wp\/v2\/media?parent=30857412"}],"wp:term":[{"taxonomy":"category","embeddable":true,"href":"https:\/\/www.upo.es\/diario\/wp-json\/wp\/v2\/categories?post=30857412"},{"taxonomy":"post_tag","embeddable":true,"href":"https:\/\/www.upo.es\/diario\/wp-json\/wp\/v2\/tags?post=30857412"}],"curies":[{"name":"wp","href":"https:\/\/api.w.org\/{rel}","templated":true}]}}