{"id":30857419,"date":"2019-07-02T04:13:57","date_gmt":"2019-07-02T01:13:57","guid":{"rendered":"https:\/\/www.upo.es\/diario\/?p=30857419"},"modified":"2019-07-03T11:29:33","modified_gmt":"2019-07-03T08:29:33","slug":"el-curso-internacional-sobre-terrorismo-yihadista-realizara-un-balance-de-la-accion-policial-en-espana","status":"publish","type":"post","link":"https:\/\/www.upo.es\/diario\/cursos-verano\/2019\/07\/el-curso-internacional-sobre-terrorismo-yihadista-realizara-un-balance-de-la-accion-policial-en-espana\/","title":{"rendered":"El curso internacional sobre terrorismo yihadista realizar\u00e1 un balance de la acci\u00f3n policial en Espa\u00f1a"},"content":{"rendered":"<figure id=\"attachment_30857422\" aria-describedby=\"caption-attachment-30857422\" style=\"width: 360px\" class=\"wp-caption alignright\"><img loading=\"lazy\" decoding=\"async\" class=\"wp-image-30857422 size-medium\" src=\"https:\/\/www.upo.es\/diario\/wp-content\/uploads\/2019\/07\/322_2742535-360x252.jpg\" alt=\"Words ISIS, Al Qaeda, Terror, digital code, illustration\" width=\"360\" height=\"252\" srcset=\"https:\/\/www.upo.es\/diario\/wp-content\/uploads\/2019\/07\/322_2742535-360x252.jpg 360w, https:\/\/www.upo.es\/diario\/wp-content\/uploads\/2019\/07\/322_2742535-768x538.jpg 768w, https:\/\/www.upo.es\/diario\/wp-content\/uploads\/2019\/07\/322_2742535-750x525.jpg 750w, https:\/\/www.upo.es\/diario\/wp-content\/uploads\/2019\/07\/322_2742535-600x420.jpg 600w, https:\/\/www.upo.es\/diario\/wp-content\/uploads\/2019\/07\/322_2742535.jpg 1024w\" sizes=\"auto, (max-width: 360px) 100vw, 360px\" \/><figcaption id=\"caption-attachment-30857422\" class=\"wp-caption-text\">imageBROKER\/Stefan Klein<\/figcaption><\/figure>\n<p>Rafael P\u00e9rez Garnacho, comisario de la Comisar\u00eda General de Informaci\u00f3n del Cuerpo Nacional de Polic\u00eda, realiza hoy martes a las 12.00 horas un <strong>balance de la acci\u00f3n policial contra el terrorismo yihadista<\/strong> en Espa\u00f1a dentro del <strong>Curso Internacional sobre Terrorismo Yihadista<\/strong> que este 2019 celebra en Carmona su decimocuarta edici\u00f3n, dedicada a los \u2018Potenciadores e inhibidores de la amenaza\u2019, bajo la direcci\u00f3n del doctor Manuel Ricardo Torres Soriano, profesor del Departamento de Derecho P\u00fablico del \u00c1rea de Ciencia Pol\u00edtica y de la Administraci\u00f3n de la Universidad Pablo de Olavide.<\/p>\n<p>El programa de la jornada se iniciar\u00e1 a las 9:30 horas con la conferencia \u2018Terrorismo en el Sahel. Una visi\u00f3n internacional desde la UE y desde Espa\u00f1a\u2019, que pronunciar\u00e1 Magdalena M. Mart\u00edn, catedr\u00e1tica de Derecho Internacional P\u00fablico y Relaciones Internacionales de la Universidad de M\u00e1laga. A continuaci\u00f3n, a las 10.30 horas, Miguel \u00c1ngel Cano, profesor de Derecho Penal y Criminolog\u00eda de la Universidad de Granada, har\u00e1 un balance de los programas de prevenci\u00f3n de la radicalizaci\u00f3n a nivel europeo. El programa de la ma\u00f1ana concluir\u00e1 a las 13.00 horas con la ponencia \u2018Cuando AQMI cita el Cor\u00e1n: una aproximaci\u00f3n cuantitativa a la justificaci\u00f3n terrorista\u2019, que estar\u00e1 a cargo de Sergio Altuna, investigador asociado del Real Instituto Elcano.<\/p>\n<p>El curso, que se imparte en el Hotel Alc\u00e1zar de la Reina, reanudar\u00e1 su actividad a las 16.00 horas con la presencia de Eduardo S\u00e1nchez Campos, consultor DCAF \u2013 Centro de Ginebra para la Gobernanza del Sector de Seguridad, quien hablar\u00e1 sobre \u2018La reforma del sector de la seguridad como estrategia frente al yihadismo: el caso tunecino\u2019, mientras que Alexandra Gil, periodista especializada en radicalizaci\u00f3n violenta, pronunciar\u00e1 a las 17.00 horas la conferencia \u2018Radicalizaci\u00f3n en prisiones y retornados: el caso franc\u00e9s\u2019.<\/p>\n<p>Hoy martes continuar\u00e1 celebr\u00e1ndose <strong>el curso \u2018Mujeres en el conocimiento, la ciencia y la tecnolog\u00eda\u2019<\/strong>, que dirigen Adela Mu\u00f1oz P\u00e1ez, catedr\u00e1tica de Qu\u00edmica Inorg\u00e1nica de la Universidad de Sevilla, escritora y presidenta de la Asociaci\u00f3n de Mujeres Investigadoras y Tecn\u00f3logas (AMIT) de Andaluc\u00eda; y Blanca Rodr\u00edguez Ruiz, profesora titular de Derecho Constitucional de la Universidad de Sevilla. La segunda sesi\u00f3n del seminario arrancar\u00e1 a las 9.30 horas con la mesa redonda \u2018Mujeres referentes en ciencia\u2019, en la que participar\u00e1n Marita Vallet Reg\u00ed, catedr\u00e1tica de Qu\u00edmica Inorg\u00e1nica de la Universidad Complutense de Madrid y Premio Jaime I 2018; Caterina Biscari, directora de Sincrot\u00f3n ALBA, gran instalaci\u00f3n cient\u00edfica; \u00c1ngeles Mart\u00edn Prats, profesora de Ingenier\u00eda Aeroespacial de la Universidad de Sevilla, fundadora de Skylife Emgineering y Premio Ada Byron 2018; y Soledad Cabez\u00f3n, cardi\u00f3loga, exeurodiputada, de la Comisi\u00f3n de Medio Ambiente, Salud P\u00fablica y Seguridad Alimentaria. Investigaci\u00f3n y ponente de revisi\u00f3n del programa H2020 y del programa europeo de investigaci\u00f3n HEurope. La mesa ser\u00e1 moderada por Adela Mu\u00f1oz, codirectora del curso.<\/p>\n<p>A las 12.00 horas tendr\u00e1 lugar una segunda mesa redonda, esta vez bajo el ep\u00edgrafe \u2018La presencia de mujeres en las empresas STEM\u2019, que estar\u00e1 moderada por la periodista Patricia Fern\u00e1ndez de Lis, directora de \u2018Materia\u2019, suplemento de ciencia de El Pa\u00eds, y en la que participar\u00e1n Mar\u00eda Jes\u00fas Almazor, consejera delegada de Telef\u00f3nica Espa\u00f1a; Ana D\u00edaz V\u00e1zquez, ingeniera industrial, ex directora de Tecnolog\u00eda de Abengoa, del Instituto JRC de la Comisi\u00f3n Europea, unidad de Energ\u00eda, Transporte y Cambio Clim\u00e1tico; y Elisa Mart\u00edn Garijo, directora de Innovaci\u00f3n de IBM Espa\u00f1a, Portugal, Grecia e Israel. La jornada de la tarde se iniciar\u00e1 a las 17.00 horas con la mesa redonda \u2018El futuro es nuestro: el lenguaje de las j\u00f3venes cient\u00edficas y tecn\u00f3logas\u2019, en la que participar\u00e1n Mar\u00eda Villarroya, profesora de la Escuela de Ingenier\u00eda de la Universidad de Zaragoza y presidenta de AMIT Arag\u00f3n; y Mar\u00eda P\u00e9rez Ortiz, premio de Investigaci\u00f3n de la Sociedad Cient\u00edfica Inform\u00e1tica de Espa\u00f1a y la Fundaci\u00f3n BBVA 2017, adem\u00e1s de investigadora postdoctoral en el University College de Londres. Actuar\u00e1 como moderadora Margarita Paneque Sosa, profesora de Investigaci\u00f3n, delegada del Consejo Superior de Investigaciones Cient\u00edficas (CSIC) en Andaluc\u00eda y directora de la Casa de la Ciencia de Sevilla. La jornada del martes concluir\u00e1 a las 19.30 horas con el taller de teatro \u2018Cient\u00edficas. Pasado, presente y futuro\u2019, destinado a un p\u00fablico infantil y juvenil.<\/p>\n<p>Por otro lado, contin\u00faa tambi\u00e9n hoy el <strong>curso \u2018Sexualidad (es) e intervenci\u00f3n socio-educativa. M\u00e1s all\u00e1 de la prevenci\u00f3n\u2019<\/strong>, que dirige el doctor Juan Blanco L\u00f3pez, profesor del Departamento de Trabajo Social y Servicios Sociales de la Universidad Pablo de Olavide. A las 10.00 horas, Ignacio L\u00f3pez Mart\u00edn, socio fundador de Insex (Iniciativa Sexol\u00f3gica y Acci\u00f3n Social, Sociedad Cooperativa Andaluza de Inter\u00e9s Social), impartir\u00e1 el taller \u2018Aproximaci\u00f3n al mapa del hecho sexual humano como herramienta de an\u00e1lisis y comprensi\u00f3n\u2019, mientras que a las 16.00 horas tendr\u00e1 lugar el taller denominado \u2018Actitudes frente al hecho de los sexos\u2019, que correr\u00e1 a cargo de Inmaculada Mart\u00ednez Cerrillo, socia fundadora de Insex.<\/p>\n<p>Asimismo, la Casa Palacio de los Briones, sede de la UPO en Carmona, acoge hoy la segunda jornada del curso \u2018Coaching t\u00e9cnico-vocal de alto rendimiento para audiciones, conciertos y giras. Formaci\u00f3n complementaria\u2019 que, bajo la direcci\u00f3n de la soprano profesional Juana Castillo Ruz, se prolongar\u00e1 durante toda la semana. La sesi\u00f3n comenzar\u00e1 a las 10.00 horas con la conferencia \u2018Resistencia vocal real y su aplicaci\u00f3n en giras y conciertos\u2019, que dar\u00e1 paso a las 11.00 horas al taller te\u00f3rico-pr\u00e1ctico \u2018Articulaci\u00f3n, dicci\u00f3n y color vocal. Valoraci\u00f3n de los alumnos por sus compa\u00f1eros\u2019. Una hora m\u00e1s tarde ser\u00e1 el taller \u2018Dilataci\u00f3n pulmonar y canto. Interpretaci\u00f3n de \u00bd canci\u00f3n con aplicaci\u00f3n correcta de dilataci\u00f3n pulmonar y respiraci\u00f3n\u2019, mientras que la ma\u00f1ana concluir\u00e1 a las 13.00 horas con el taller \u2018Trabajo de la resistencia vocal: giras, conciertos en alto n\u00famero\u2019. Ya en horario de tarde, el seminario ofrecer\u00e1 sendos talleres de \u2018Pr\u00e1cticas individuales de vocalizaci\u00f3n. Grabaci\u00f3n individual de ejercicios para el uso personal\u2019 (a las 17.00 horas) y un taller de canto a las 19.00 horas.<\/p>\n","protected":false},"excerpt":{"rendered":"<p>Hoy contin\u00faan desarroll\u00e1ndose adem\u00e1s tres seminarios sobre mujeres en ciencia y tecnolog\u00eda, sexualidad e intervenci\u00f3n socio-educativa y coaching t\u00e9cnico-vocal de alto rendimiento para audiciones.<\/p>\n","protected":false},"author":6,"featured_media":30857422,"comment_status":"closed","ping_status":"open","sticky":false,"template":"","format":"standard","meta":{"_monsterinsights_skip_tracking":false,"_monsterinsights_sitenote_active":false,"_monsterinsights_sitenote_note":"","_monsterinsights_sitenote_category":0,"footnotes":""},"categories":[729],"tags":[23,5833,22,233,519,208,2835],"class_list":["post-30857419","post","type-post","status-publish","format-standard","has-post-thumbnail","hentry","category-cursos-verano","tag-carmona","tag-ciencia","tag-cursos-de-verano","tag-mujer","tag-olavide-en-carmona","tag-sexualidad","tag-terrorismo-yihadista"],"_links":{"self":[{"href":"https:\/\/www.upo.es\/diario\/wp-json\/wp\/v2\/posts\/30857419","targetHints":{"allow":["GET"]}}],"collection":[{"href":"https:\/\/www.upo.es\/diario\/wp-json\/wp\/v2\/posts"}],"about":[{"href":"https:\/\/www.upo.es\/diario\/wp-json\/wp\/v2\/types\/post"}],"author":[{"embeddable":true,"href":"https:\/\/www.upo.es\/diario\/wp-json\/wp\/v2\/users\/6"}],"replies":[{"embeddable":true,"href":"https:\/\/www.upo.es\/diario\/wp-json\/wp\/v2\/comments?post=30857419"}],"version-history":[{"count":3,"href":"https:\/\/www.upo.es\/diario\/wp-json\/wp\/v2\/posts\/30857419\/revisions"}],"predecessor-version":[{"id":30857423,"href":"https:\/\/www.upo.es\/diario\/wp-json\/wp\/v2\/posts\/30857419\/revisions\/30857423"}],"wp:featuredmedia":[{"embeddable":true,"href":"https:\/\/www.upo.es\/diario\/wp-json\/wp\/v2\/media\/30857422"}],"wp:attachment":[{"href":"https:\/\/www.upo.es\/diario\/wp-json\/wp\/v2\/media?parent=30857419"}],"wp:term":[{"taxonomy":"category","embeddable":true,"href":"https:\/\/www.upo.es\/diario\/wp-json\/wp\/v2\/categories?post=30857419"},{"taxonomy":"post_tag","embeddable":true,"href":"https:\/\/www.upo.es\/diario\/wp-json\/wp\/v2\/tags?post=30857419"}],"curies":[{"name":"wp","href":"https:\/\/api.w.org\/{rel}","templated":true}]}}