{"id":30857437,"date":"2019-07-03T05:24:32","date_gmt":"2019-07-03T02:24:32","guid":{"rendered":"https:\/\/www.upo.es\/diario\/?p=30857437"},"modified":"2019-07-03T15:08:49","modified_gmt":"2019-07-03T12:08:49","slug":"la-cantaora-carmen-linares-abre-hoy-el-curso-aportacion-y-visibilidad-de-la-mujer-en-el-flamenco","status":"publish","type":"post","link":"https:\/\/www.upo.es\/diario\/cursos-verano\/2019\/07\/la-cantaora-carmen-linares-abre-hoy-el-curso-aportacion-y-visibilidad-de-la-mujer-en-el-flamenco\/","title":{"rendered":"La cantaora Carmen Linares abre hoy el curso \u2018Aportaci\u00f3n y visibilidad de la mujer en el flamenco\u2019"},"content":{"rendered":"<figure id=\"attachment_30857439\" aria-describedby=\"caption-attachment-30857439\" style=\"width: 360px\" class=\"wp-caption alignright\"><img loading=\"lazy\" decoding=\"async\" class=\"size-medium wp-image-30857439\" src=\"https:\/\/www.upo.es\/diario\/wp-content\/uploads\/2019\/07\/CarmenLinares-360x240.jpg\" alt=\"\" width=\"360\" height=\"240\" srcset=\"https:\/\/www.upo.es\/diario\/wp-content\/uploads\/2019\/07\/CarmenLinares-360x240.jpg 360w, https:\/\/www.upo.es\/diario\/wp-content\/uploads\/2019\/07\/CarmenLinares-768x512.jpg 768w, https:\/\/www.upo.es\/diario\/wp-content\/uploads\/2019\/07\/CarmenLinares-750x500.jpg 750w, https:\/\/www.upo.es\/diario\/wp-content\/uploads\/2019\/07\/CarmenLinares-600x400.jpg 600w, https:\/\/www.upo.es\/diario\/wp-content\/uploads\/2019\/07\/CarmenLinares-165x109.jpg 165w, https:\/\/www.upo.es\/diario\/wp-content\/uploads\/2019\/07\/CarmenLinares.jpg 1152w\" sizes=\"auto, (max-width: 360px) 100vw, 360px\" \/><figcaption id=\"caption-attachment-30857439\" class=\"wp-caption-text\">Foto: Miguel Espin Pacheco<\/figcaption><\/figure>\n<p>La sede de la Universidad Pablo de Olavide en Carmona acoge hoy la inauguraci\u00f3n de dos nuevos cursos: \u2018Aportaci\u00f3n y visibilidad de la mujer en el flamenco. Formaci\u00f3n complementaria\u2019 y \u2018Nuevos retos de la comunicaci\u00f3n pol\u00edtica: escenarios, campa\u00f1as y herramientas\u2019.<\/p>\n<p>El <strong>curso \u2018Aportaci\u00f3n y visibilidad de la mujer en el flamenco. Formaci\u00f3n complementaria\u2019<\/strong> se celebrar\u00e1 hasta el pr\u00f3ximo 5 de julio en la sede Olavide en Carmona (Casa palacio de los Briones. C\/ Ram\u00f3n y Cajal, 15) y est\u00e1 dirigido por Ildefonso Vergara Camacho, doctor e investigador de flamenco y periodista de la cadena SER. Dicho seminario se inaugurar\u00e1 oficialmente a las 10 horas con el acto en el que participar\u00e1n el director del Centro de Estudios Andaluces, Trist\u00e1n Pert\u00ed\u00f1ez Blasco; la directora de la Fundaci\u00f3n Cruzcampo, Mar\u00eda de los \u00c1ngeles Rodr\u00edguez y el director del curso.<\/p>\n<p>Tras el acto de inauguraci\u00f3n, el curso comenzar\u00e1 con la conferencia: \u201cCarmen Linares: cante de mujer, voz de su tiempo\u201d, que ser\u00e1 impartida por la propia Carmen Linares, cantaora de flamenco. A las 12,00 horas le seguir\u00e1 la ponencia: \u201cSer bailaora. Ideolog\u00eda y poder en el flamenco. 1950-1980\u201d, que pronunciar\u00e1 Carmen Pulp\u00f3n, doctora en flamenco y profesora de Historia. La \u00faltima conferencia de la ma\u00f1ana, a las 13,15 horas, estar\u00e1 a cargo de la guitarrista, compositora y arreglista Marta Robles, quien disertar\u00e1 sobre \u201cMujer y guitarra flamenca: un misterio y un reto por superar\u201d.<\/p>\n<p>Por la tarde, las clases de reanudar\u00e1n a las 17,30 con la conferencia y coloquio: \u201cLa mu\u00f1eca subversiva\u201d, en la que participar\u00e1n la bailaora y core\u00f3grafa Bel\u00e9n Maya y la periodista y cr\u00edtica de flamenco Sara Arguijo. A las 19,30 tendr\u00e1 lugar la proyecci\u00f3n del documental: \u201cGrandes mujeres de mi tierra\u201d, con la presencia de las codirectoras del documental y del equipo directivo de la Asociaci\u00f3n de Mujeres Artistas las Roldanas: Carmen Guti\u00e9rrez Montes e Inmaculada Chac\u00f3n Carranco. Para concluir la jornada, a las 21,30 se celebrar\u00e1 la actuaci\u00f3n \u201cLas malas lenguas\u201d. Al cante estar\u00e1 Mar\u00eda Jes\u00fas Bernal, al toque, Jes\u00fas Carrillo y al comp\u00e1s, Antonio Corona y El Vareta.<\/p>\n<p>Otro de los cursos que hoy comienza <strong>es \u2018Nuevos retos de la comunicaci\u00f3n pol\u00edtica: escenarios, campa\u00f1as y herramientas\u2019<\/strong>, que se celebra hasta el viernes y que dirigen los profesores del Departamento de Derecho P\u00fablico de la Universidad Pablo de Olavide Marta V\u00e9lez Rodr\u00edguez y Jos\u00e9 Manuel Trujillo Cerezo. El seminario arrancar\u00e1 a las 10 horas con la conferencia \u201cAn\u00e1lisis del nuevo entorno de competici\u00f3n electoral\u201d, que ser\u00e1 impartida por el director del curso. El profesor del \u00c1rea de Ciencia Pol\u00edtica y de la Administraci\u00f3n de la UPO, Jos\u00e9 Francisco Jim\u00e9nez D\u00edaz, ser\u00e1 el encargado de ofrecer la conferencia \u201cLiderazgo pol\u00edtico y crisis de confianza institucional en Espa\u00f1a\u201d. Ya por la tarde, Guadalupe Talavera, del Departamento de Consultor\u00eda, Marketing y Comunicaci\u00f3n de Dialoga Consultores, participar\u00e1 en el curso a las 16 horas con la ponencia \u201cEstrategia pol\u00edtica en la era de la comunicaci\u00f3n digital\u201d.<\/p>\n<p>Por otro lado, hoy se sigue celebrando el <strong>\u2018Curso internacional sobre terrorismo yihadista. 14\u00aa edici\u00f3n: potenciadores e inhibidores de la amenaza<\/strong>\u2019, bajo la direcci\u00f3n del doctor Manuel Ricardo Torres Soriano, profesor del Departamento de Derecho P\u00fablico del \u00c1rea de Ciencia Pol\u00edtica y de la Administraci\u00f3n de la Universidad Pablo de Olavide. Fernando Reinares, catedr\u00e1tico de Ciencia Pol\u00edtica de la Universidad Rey Juan Carlos, realiza a las 10.00 horas un balance sobre la evoluci\u00f3n del terrorismo yihadista en Espa\u00f1a desde el 11-M. El programa de la jornada continuar\u00e1 a las 11 horas con la conferencia \u201cLa evoluci\u00f3n de la pol\u00edtica antiterrorista en Espa\u00f1a\u201d, que pronunciar\u00e1 Francisco Mart\u00ednez V\u00e1zquez, letrado de las Cortes Generales y exsecretario de Estado de Seguridad. A continuaci\u00f3n, a las 12.30 horas, Miguel \u00c1ngel Ballesteros, director del Departamento de Seguridad Nacional del Gabinete de la Presidencia del Gobierno, abordar\u00e1 \u201cLa estructura de seguridad nacional frente al terrorismo yihadista\u201d.<\/p>\n<p>Este mi\u00e9rcoles continuar\u00e1 celebr\u00e1ndose el <strong>curso \u2018Mujeres en el conocimiento, la ciencia y la tecnolog\u00eda\u2019<\/strong>, que dirigen Adela Mu\u00f1oz P\u00e1ez, catedr\u00e1tica de Qu\u00edmica Inorg\u00e1nica de la Universidad de Sevilla, escritora y presidenta de la Asociaci\u00f3n de Mujeres Investigadoras y Tecn\u00f3logas (AMIT) de Andaluc\u00eda; y Blanca Rodr\u00edguez Ruiz, profesora titular de Derecho Constitucional de la Universidad de Sevilla. La segunda sesi\u00f3n del seminario arrancar\u00e1 a las 9.30 horas con la mesa redonda \u201cLos conocimientos feministas\u201d, en la que participar\u00e1n Nuria Capdevila-Arg\u00fcelles, catedr\u00e1tica de Estudios Hisp\u00e1nicos y Estudios de G\u00e9nero de la University of Exeter y Astrid Agenjo, profesora asociada en el Departamento de Econom\u00eda, M\u00e9todos Cuantitativos e Historia Econ\u00f3mica de Universidad Pablo de Olavide. La mesa ser\u00e1 moderada por Blanca Rodr\u00edguez Ruiz, codirectora del curso.<\/p>\n<p>A las 12.00 horas tendr\u00e1 lugar una segunda mesa redonda, esta vez bajo el ep\u00edgrafe \u201cEl conocimiento como construcci\u00f3n masculina\u201d, que estar\u00e1 moderada por Octavio Salazar, catedr\u00e1tico de Derecho Constitucional de la Universidad de C\u00f3rdoba y en la que participar\u00e1n Ana de Miguel, profesora de Filosof\u00eda de la Universidad Rey Juan Carlos y Mar\u00eda Jos\u00e9 Guerra Palmero, catedr\u00e1tica de Filosof\u00eda de la Universidad de La Laguna, Tenerife.<\/p>\n<p>Por otro lado, contin\u00faa tambi\u00e9n hoy el <strong>curso \u2018Sexualidad (es) e intervenci\u00f3n socio-educativa. M\u00e1s all\u00e1 de la prevenci\u00f3n\u2019<\/strong>, que dirige el doctor Juan Blanco L\u00f3pez, profesor del Departamento de Trabajo Social y Servicios Sociales de la Universidad Pablo de Olavide. A las 10.00 horas, Inmaculada Mart\u00ednez Cerrillo, socia fundadora de Insex (Iniciativa Sexol\u00f3gica y Acci\u00f3n Social, Sociedad Cooperativa Andaluza de Inter\u00e9s Social), impartir\u00e1 el taller \u201cLa mirada sexol\u00f3gica aplicada a la intervenci\u00f3n social y educativa: herramientas pr\u00e1cticas y recursos para la intervenci\u00f3n\u201d, mientras que a las 16.00 horas tendr\u00e1 lugar el taller denominado \u201cDebates de actualidad: de la violencia de g\u00e9nero a la convivencia entre los sexos\u2019, que correr\u00e1 a cargo de Inmaculada Mart\u00ednez Cerrillo e Ignacio L\u00f3pez Mart\u00edn, tambi\u00e9n socio fundador de Insex.<\/p>\n<p>Por \u00faltimo, la Casa Palacio de los Briones, sede de la UPO en Carmona, acoge hoy mi\u00e9rcoles la tercera jornada del <strong>curso \u2018Coaching t\u00e9cnico-vocal de alto rendimiento para audiciones, conciertos y giras. Formaci\u00f3n complementaria\u2019<\/strong> que, bajo la direcci\u00f3n de la soprano profesional Juana Castillo Ruz, se prolongar\u00e1 durante toda la semana. La sesi\u00f3n comenzar\u00e1 a las 10.00 horas con la conferencia \u201cSalud vocal del cantante, aplicaci\u00f3n en giras, conciertos, audiciones. Por qu\u00e9 surgen los problemas\u201d, que dar\u00e1 paso a las 11.00 horas al taller te\u00f3rico-pr\u00e1ctico \u201cMitolog\u00eda muscular, entrenamiento real\u201d. Una hora m\u00e1s tarde ser\u00e1 el taller \u201cEjercicios ante n\u00f3dulos, edemas, p\u00f3lipos, quistes y su resoluci\u00f3n sin intervenci\u00f3n\u201d, mientras que la ma\u00f1ana concluir\u00e1 a las 13.00 horas con el taller pr\u00e1ctico \u201cCanto de todos los alumnos\u201d. Ya en horario de tarde, el seminario ofrecer\u00e1 a las 17.00 horas un taller de canto del ensayo general para el concierto que celebrar\u00e1n los alumnos el pr\u00f3ximo jueves 4 de julio.<\/p>\n","protected":false},"excerpt":{"rendered":"<p>La sede de la Universidad Pablo de Olavide en Carmona acoge hoy la inauguraci\u00f3n de dos nuevos cursos: \u2018Aportaci\u00f3n y visibilidad de la mujer en el flamenco. Formaci\u00f3n complementaria\u2019 y \u2018Nuevos retos de la comunicaci\u00f3n pol\u00edtica: escenarios, campa\u00f1as y herramientas\u2019. El curso \u2018Aportaci\u00f3n y visibilidad de la mujer en el flamenco. Formaci\u00f3n complementaria\u2019 se celebrar\u00e1 hasta el pr\u00f3ximo 5 de<a class=\"read-more\" href=\"https:\/\/www.upo.es\/diario\/cursos-verano\/2019\/07\/la-cantaora-carmen-linares-abre-hoy-el-curso-aportacion-y-visibilidad-de-la-mujer-en-el-flamenco\/\">[Read More&#8230;]<\/a><\/p>\n","protected":false},"author":6,"featured_media":30857439,"comment_status":"closed","ping_status":"open","sticky":false,"template":"","format":"standard","meta":{"_monsterinsights_skip_tracking":false,"_monsterinsights_sitenote_active":false,"_monsterinsights_sitenote_note":"","_monsterinsights_sitenote_category":0,"footnotes":""},"categories":[729],"tags":[2523,23,22,93,233,519,208,2835],"class_list":["post-30857437","post","type-post","status-publish","format-standard","has-post-thumbnail","hentry","category-cursos-verano","tag-artes-escenicas","tag-carmona","tag-cursos-de-verano","tag-flamenco","tag-mujer","tag-olavide-en-carmona","tag-sexualidad","tag-terrorismo-yihadista"],"_links":{"self":[{"href":"https:\/\/www.upo.es\/diario\/wp-json\/wp\/v2\/posts\/30857437","targetHints":{"allow":["GET"]}}],"collection":[{"href":"https:\/\/www.upo.es\/diario\/wp-json\/wp\/v2\/posts"}],"about":[{"href":"https:\/\/www.upo.es\/diario\/wp-json\/wp\/v2\/types\/post"}],"author":[{"embeddable":true,"href":"https:\/\/www.upo.es\/diario\/wp-json\/wp\/v2\/users\/6"}],"replies":[{"embeddable":true,"href":"https:\/\/www.upo.es\/diario\/wp-json\/wp\/v2\/comments?post=30857437"}],"version-history":[{"count":3,"href":"https:\/\/www.upo.es\/diario\/wp-json\/wp\/v2\/posts\/30857437\/revisions"}],"predecessor-version":[{"id":30857444,"href":"https:\/\/www.upo.es\/diario\/wp-json\/wp\/v2\/posts\/30857437\/revisions\/30857444"}],"wp:featuredmedia":[{"embeddable":true,"href":"https:\/\/www.upo.es\/diario\/wp-json\/wp\/v2\/media\/30857439"}],"wp:attachment":[{"href":"https:\/\/www.upo.es\/diario\/wp-json\/wp\/v2\/media?parent=30857437"}],"wp:term":[{"taxonomy":"category","embeddable":true,"href":"https:\/\/www.upo.es\/diario\/wp-json\/wp\/v2\/categories?post=30857437"},{"taxonomy":"post_tag","embeddable":true,"href":"https:\/\/www.upo.es\/diario\/wp-json\/wp\/v2\/tags?post=30857437"}],"curies":[{"name":"wp","href":"https:\/\/api.w.org\/{rel}","templated":true}]}}