{"id":30857441,"date":"2019-07-02T20:07:25","date_gmt":"2019-07-02T17:07:25","guid":{"rendered":"https:\/\/www.upo.es\/diario\/?p=30857441"},"modified":"2019-07-03T12:12:56","modified_gmt":"2019-07-03T09:12:56","slug":"el-yihadismo-recluta-a-personas-fragiles-blancos-faciles-que-procesan-la-propaganda-y-justifican-la-violencia","status":"publish","type":"post","link":"https:\/\/www.upo.es\/diario\/cursos-verano\/2019\/07\/el-yihadismo-recluta-a-personas-fragiles-blancos-faciles-que-procesan-la-propaganda-y-justifican-la-violencia\/","title":{"rendered":"\u00abEl yihadismo recluta a personas fr\u00e1giles, blancos f\u00e1ciles  que procesan  la propaganda y justifican la violencia\u00bb"},"content":{"rendered":"<figure id=\"attachment_30857442\" aria-describedby=\"caption-attachment-30857442\" style=\"width: 750px\" class=\"wp-caption aligncenter\"><a href=\"https:\/\/www.upo.es\/diario\/wp-content\/uploads\/2019\/07\/Curso-terrorismo-yihadista.jpg\"><img loading=\"lazy\" decoding=\"async\" class=\"size-large wp-image-30857442\" src=\"https:\/\/www.upo.es\/diario\/wp-content\/uploads\/2019\/07\/Curso-terrorismo-yihadista-750x500.jpg\" alt=\"\" width=\"750\" height=\"500\" srcset=\"https:\/\/www.upo.es\/diario\/wp-content\/uploads\/2019\/07\/Curso-terrorismo-yihadista-750x500.jpg 750w, https:\/\/www.upo.es\/diario\/wp-content\/uploads\/2019\/07\/Curso-terrorismo-yihadista-360x240.jpg 360w, https:\/\/www.upo.es\/diario\/wp-content\/uploads\/2019\/07\/Curso-terrorismo-yihadista-768x512.jpg 768w, https:\/\/www.upo.es\/diario\/wp-content\/uploads\/2019\/07\/Curso-terrorismo-yihadista-600x400.jpg 600w, https:\/\/www.upo.es\/diario\/wp-content\/uploads\/2019\/07\/Curso-terrorismo-yihadista-165x109.jpg 165w, https:\/\/www.upo.es\/diario\/wp-content\/uploads\/2019\/07\/Curso-terrorismo-yihadista-1320x880.jpg 1320w\" sizes=\"auto, (max-width: 750px) 100vw, 750px\" \/><\/a><figcaption id=\"caption-attachment-30857442\" class=\"wp-caption-text\">Alexandra Gil con el director del curso sobre terrorismo yihadista, Manuel Ricardo Torres<\/figcaption><\/figure>\n<p>\u00bfC\u00f3mo pasa una persona de tener una vida normal a convertirse en un yihadista? La periodista <strong>Alexandra Gil<\/strong>, especialista en radicalizaci\u00f3n violenta, lo tiene claro. A su juicio, el momento vital en el que los individuos son reclutados \u201cno est\u00e1 nunca exento de fragilidad (mental, moral, afectiva), lo cual hace de ellos blancos f\u00e1ciles para procesar la propaganda y terminar justificando la violencia como v\u00eda para lograr los objetivos de ideolog\u00eda en cuesti\u00f3n\u201d, asegura.<\/p>\n<p>Gil ha pronunciado esta tarde la <strong>conferencia \u2018Radicalizaci\u00f3n en prisiones y retornados: el caso franc\u00e9s\u2019<\/strong> dentro del<strong> Curso Internacional sobre Terrorismo Yihadista,<\/strong> cuya decimocuarta edici\u00f3n se celebra hasta ma\u00f1ana en el Hotel Alc\u00e1zar de la Reina de Carmona bajo el ep\u00edgrafe \u2018Potenciadores e inhibidores de la amenaza\u2019. El seminario est\u00e1 dirigido por el doctor Manuel Ricardo Torres Soriano, profesor del Departamento de Derecho P\u00fablico del \u00c1rea de Ciencia Pol\u00edtica y de la Administraci\u00f3n de la Universidad Pablo de Olavide, y se desarrolla dentro de la programaci\u00f3n de los XVII Cursos de Verano de la UPO en Carmona.<\/p>\n<p>Alexandra Gil asegura que los casos de radicalizaci\u00f3n que ha estudiado muestran factores comunes, tales como la edad de los reclutados (en torno a los 27-28 a\u00f1os) o la b\u00fasqueda de una identidad y de un proyecto vital. \u201cEsta suele ser la clave a trav\u00e9s de la cual la propaganda sectaria logra adaptar su discurso ofreciendo al individuo un itinerario de vida y una ideolog\u00eda por la que arriesgarla, un discurso basado en la obligaci\u00f3n moral de actuar en defensa de su comunidad\u201d.<\/p>\n<p>Para la <strong>autora del libro \u2018En el vientre de la yihad\u2019<\/strong>, los procesos de radicalizaci\u00f3n pueden seguir ritmos diversos en funci\u00f3n de factores como la existencia de \u201ccatalizadores de la violencia, entornos hostiles o trayectorias ca\u00f3ticas\u201d, que hacen que el individuo rompa con un \u201cpatr\u00f3n de comportamiento estable\u201d y normalice la violencia \u201ccomo medio para alcanzar un fin ideol\u00f3gico\u201d, afirma. El entorno es un factor determinante en el proceso de radicalizaci\u00f3n, como demuestra un estudio europeo que analiza 197 casos. \u201cHablamos de hombres j\u00f3venes (unos 30 a\u00f1os), de los cuales el 20% tiene estudios secundarios\u201d, a\u00f1ade la periodista.<\/p>\n<p>Cuestionada sobre el papel que desempe\u00f1an los retornados, Alexandra Gil asevera que existen \u201cdiferentes perfiles y problem\u00e1ticas\u201d, al tiempo que advierte de que \u201cestamos hablando de individuos que se han formado militarmente, han sido adoctrinados y sociabilizados en una forma de violencia muy superior a la que cre\u00edan ser capaces de ejercer antes de marcharse, que han llevado a cabo (o al menos, han presenciado) atrocidades y han contribuido a la propagaci\u00f3n de esta lacra extendiendo el discurso del odio en sus propias familias\u201d. Asimismo, seg\u00fan el estudio antes citado, la mitad de los yihadistas europeos \u201cten\u00eda un pasado delincuente que les hab\u00eda llevado a prisi\u00f3n antes de acelerar o comenzar su proceso de radicalizaci\u00f3n\u201d.<\/p>\n<p>En opini\u00f3n de esta experta,<strong> la prevenci\u00f3n de la radicalizaci\u00f3n violenta pasa por una \u201ceducaci\u00f3n en los valores de tolerancia y respeto a la diversidad\u201d<\/strong>, algo que considera \u201cesencial\u201d para crear una \u201cred de seguridad desde la que construir sociedades resilientes\u201d. Por ello, para proteger a los ciudadanos europeos de discursos de odio y de las consecuencias que tienen en sus vidas la polarizaci\u00f3n de las sociedades \u201cser\u00e1 necesario contribuir a una educaci\u00f3n basada en la diversidad, en la igualdad de oportunidades y en la condena implacable de discursos que, desde la ambig\u00fcedad, tratan de fragilizar el tejido social\u201d. El inconveniente que presentan los programas de prevenci\u00f3n puestos en marcha en Europa en los \u00faltimos a\u00f1os reside en la \u201cimposibilidad de medir su eficacia, ya que el proceso de desradicalizaci\u00f3n es complejo y no puede asegurarse que, en caso de producirse, se haya dado de forma irreversible\u201d.<\/p>\n<p>Por otro lado, el fen\u00f3meno del yihadismo tambi\u00e9n influye en la radicalizaci\u00f3n de la pol\u00edtica. Aludiendo al caso franc\u00e9s como paradigma, Alexandra Gil explica que la extrema derecha de aquel pa\u00eds logr\u00f3 \u201cintroducir esta amenaza y el miedo que genera en el discurso pol\u00edtico, introduciendo debates como la p\u00e9rdida de la nacionalidad, desatando un aumento de actos islam\u00f3fobos o un mayor inter\u00e9s de los votantes por cuestiones ligadas a la seguridad nacional, por encima incluso de otros problemas como el desempleo\u201d, concluye.<\/p>\n<p>&nbsp;<\/p>\n","protected":false},"excerpt":{"rendered":"<p>La periodista Alexandra Gil, especializada en radicalizaci\u00f3n violenta, explica que la edad de los reclutados est\u00e1 en torno a los 27-28 a\u00f1os y se trata de personas \u201cen busca de una identidad y de un proyecto vital\u201d.<\/p>\n","protected":false},"author":6,"featured_media":30857442,"comment_status":"closed","ping_status":"open","sticky":false,"template":"","format":"standard","meta":{"_monsterinsights_skip_tracking":false,"_monsterinsights_sitenote_active":false,"_monsterinsights_sitenote_note":"","_monsterinsights_sitenote_category":0,"footnotes":""},"categories":[729],"tags":[23,22,1611,519,2835],"class_list":["post-30857441","post","type-post","status-publish","format-standard","has-post-thumbnail","hentry","category-cursos-verano","tag-carmona","tag-cursos-de-verano","tag-manuel-ricardo-torres-soriano","tag-olavide-en-carmona","tag-terrorismo-yihadista"],"_links":{"self":[{"href":"https:\/\/www.upo.es\/diario\/wp-json\/wp\/v2\/posts\/30857441","targetHints":{"allow":["GET"]}}],"collection":[{"href":"https:\/\/www.upo.es\/diario\/wp-json\/wp\/v2\/posts"}],"about":[{"href":"https:\/\/www.upo.es\/diario\/wp-json\/wp\/v2\/types\/post"}],"author":[{"embeddable":true,"href":"https:\/\/www.upo.es\/diario\/wp-json\/wp\/v2\/users\/6"}],"replies":[{"embeddable":true,"href":"https:\/\/www.upo.es\/diario\/wp-json\/wp\/v2\/comments?post=30857441"}],"version-history":[{"count":1,"href":"https:\/\/www.upo.es\/diario\/wp-json\/wp\/v2\/posts\/30857441\/revisions"}],"predecessor-version":[{"id":30857443,"href":"https:\/\/www.upo.es\/diario\/wp-json\/wp\/v2\/posts\/30857441\/revisions\/30857443"}],"wp:featuredmedia":[{"embeddable":true,"href":"https:\/\/www.upo.es\/diario\/wp-json\/wp\/v2\/media\/30857442"}],"wp:attachment":[{"href":"https:\/\/www.upo.es\/diario\/wp-json\/wp\/v2\/media?parent=30857441"}],"wp:term":[{"taxonomy":"category","embeddable":true,"href":"https:\/\/www.upo.es\/diario\/wp-json\/wp\/v2\/categories?post=30857441"},{"taxonomy":"post_tag","embeddable":true,"href":"https:\/\/www.upo.es\/diario\/wp-json\/wp\/v2\/tags?post=30857441"}],"curies":[{"name":"wp","href":"https:\/\/api.w.org\/{rel}","templated":true}]}}