{"id":30857462,"date":"2019-07-04T06:36:02","date_gmt":"2019-07-04T03:36:02","guid":{"rendered":"https:\/\/www.upo.es\/diario\/?p=30857462"},"modified":"2019-07-04T14:35:41","modified_gmt":"2019-07-04T12:35:41","slug":"el-secretario-general-de-ccoo-sevilla-inaugura-hoy-el-curso-sindicalismo-para-el-trabajo-futuro","status":"publish","type":"post","link":"https:\/\/www.upo.es\/diario\/cursos-verano\/2019\/07\/el-secretario-general-de-ccoo-sevilla-inaugura-hoy-el-curso-sindicalismo-para-el-trabajo-futuro\/","title":{"rendered":"El secretario general de CCOO Sevilla inaugura hoy el curso \u2018Sindicalismo para el trabajo futuro\u2019"},"content":{"rendered":"<figure id=\"attachment_30857465\" aria-describedby=\"caption-attachment-30857465\" style=\"width: 353px\" class=\"wp-caption alignright\"><a href=\"https:\/\/www.upo.es\/diario\/wp-content\/uploads\/2019\/07\/Comparecencia_de_Joan_Coscubiela_en_el_Congreso_de_los_Diputados_14-05-2012.jpg\"><img loading=\"lazy\" decoding=\"async\" class=\"size-medium wp-image-30857465\" src=\"https:\/\/www.upo.es\/diario\/wp-content\/uploads\/2019\/07\/Comparecencia_de_Joan_Coscubiela_en_el_Congreso_de_los_Diputados_14-05-2012-353x360.jpg\" alt=\"\" width=\"353\" height=\"360\" srcset=\"https:\/\/www.upo.es\/diario\/wp-content\/uploads\/2019\/07\/Comparecencia_de_Joan_Coscubiela_en_el_Congreso_de_los_Diputados_14-05-2012-353x360.jpg 353w, https:\/\/www.upo.es\/diario\/wp-content\/uploads\/2019\/07\/Comparecencia_de_Joan_Coscubiela_en_el_Congreso_de_los_Diputados_14-05-2012-768x783.jpg 768w, https:\/\/www.upo.es\/diario\/wp-content\/uploads\/2019\/07\/Comparecencia_de_Joan_Coscubiela_en_el_Congreso_de_los_Diputados_14-05-2012-735x750.jpg 735w, https:\/\/www.upo.es\/diario\/wp-content\/uploads\/2019\/07\/Comparecencia_de_Joan_Coscubiela_en_el_Congreso_de_los_Diputados_14-05-2012-600x612.jpg 600w, https:\/\/www.upo.es\/diario\/wp-content\/uploads\/2019\/07\/Comparecencia_de_Joan_Coscubiela_en_el_Congreso_de_los_Diputados_14-05-2012-1320x1346.jpg 1320w, https:\/\/www.upo.es\/diario\/wp-content\/uploads\/2019\/07\/Comparecencia_de_Joan_Coscubiela_en_el_Congreso_de_los_Diputados_14-05-2012.jpg 1616w\" sizes=\"auto, (max-width: 353px) 100vw, 353px\" \/><\/a><figcaption id=\"caption-attachment-30857465\" class=\"wp-caption-text\">Joan Coscubiela participar\u00e1 en la mesa redonda &#8216;El papel de la clase trabajadora en la sociedad del futuro&#8217;, Foto: Ecemaml<\/figcaption><\/figure>\n<p>La sede de la Universidad Pablo de Olavide en Carmona acoge hoy la inauguraci\u00f3n de tres nuevos cursos: \u2018Sindicalismo para el trabajo futuro\u2019, \u2018Tendencias actuales en la planificaci\u00f3n en los deportes de equipo. 2\u00ba curso de formaci\u00f3n deportiva\u2019 e \u2018Ilustraci\u00f3n, ilustrados y colonizaci\u00f3n en la Espa\u00f1a del siglo XVIII. La creaci\u00f3n de las nuevas poblaciones de Sierra Morena y Andaluc\u00eda\u2019.<\/p>\n<p>El seminario <strong>\u2018Sindicalismo para el trabajo futuro\u2019<\/strong>, que se celebrar\u00e1 hasta el viernes en el Hotel Alc\u00e1zar de la Reina (C\/ Hermana Concepci\u00f3n Orellana, 2), est\u00e1 dirigido por Sara de los Reyes Guti\u00e9rrez, secretaria de Organizaci\u00f3n y Finanzas de CCOO de Sevilla. El curso se inaugurar\u00e1 a las 9,30 horas por Alfonso Vid\u00e1n Mart\u00ednez, secretario general de CCOO de Sevilla y por la directora del curso.<\/p>\n<p>A las 11 horas tendr\u00e1 lugar la primera ponencia de la jornada, que llevar\u00e1 por nombre \u201cLos sindicatos ante el futuro del trabajo\u201d, que ser\u00e1 impartida por M\u00aa Luz Rodr\u00edguez, profesora de Derecho del Trabajo y la Seguridad Social de la Universidad de Castilla &#8211; La Mancha. A las 12,30 horas tomar\u00e1n el relevo Antonio Baylos, catedr\u00e1tico del Derecho del Trabajo y la Seguridad Social de la Universidad de Castilla &#8211; La Mancha y Rafael G\u00f3mez Gordillo, profesor titular del \u00c1rea de Derecho del Trabajo y de la Seguridad Social de la Universidad Pablo de Olavide, quienes hablar\u00e1n de las \u201cRelaciones laborales para un trabajo futuro. Qu\u00e9 reformas para qu\u00e9 derechos\u201d.<\/p>\n<p>El curso seguir\u00e1 por la tarde, a las 16,00 horas, con el taller \u201cOrganizando el sindicalismo de clase en los centros de trabajo\u201d, que llevar\u00e1 a cabo Carlos Aristu, secretario de Acci\u00f3n Sindical y Pol\u00edticas Sectoriales de CCOO de Sevilla. A continuaci\u00f3n, a las 17,15 horas se celebrar\u00e1 una mesa redonda denominada \u201cEl papel de la clase trabajadora en la sociedad del futuro\u201d, en la que participar\u00e1n Joan Coscubiela, director de la Escuela del Trabajo de la Confederaci\u00f3n Sindical (CS) de CCOO; Eddy S\u00e1nchez, profesor de la Facultad de Ciencias Pol\u00edticas y Sociolog\u00eda de la Universidad Complutense de Madrid; Luc\u00eda Vicent Valverde, profesora asociada al Departamento de Econom\u00eda Aplicada, Estructura e Historia de la UCM y Eduardo Garz\u00f3n, profesor ayudante de Econom\u00eda en la Universidad Aut\u00f3noma de Madrid.<\/p>\n<p>Por otro lado, hoy tambi\u00e9n comienza el <strong>seminario \u2018Tendencias actuales en la planificaci\u00f3n en los deportes de equipo. 2\u00ba curso de formaci\u00f3n deportiva\u2019<\/strong>, que se desarrollar\u00e1 hasta el viernes en la casa palacio de los Briones y que estar\u00e1 dirigido por Pablo Camacho Lazarraga, responsable del \u00c1rea de Conocimiento del grado en Ciencias de la Actividad F\u00edsica y del Deporte del Centro Universitario San Isidoro y Andr\u00e9s Robles Rodr\u00edguez, director acad\u00e9mico de dicho grado.<\/p>\n<p>La jornada se abrir\u00e1 a las 10 horas, con la conferencia \u201cModelo de planificaci\u00f3n en el f\u00fatbol base\u201d, que pronunciar\u00e1 Alberto Mart\u00edn Barrero, responsable de Metodolog\u00eda del Entrenamiento en el Real Betis Balompi\u00e9. A las 12,00 horas ser\u00e1 el turno de \u00a0Jos\u00e9 Flores Rodr\u00edguez, director de la cantera del Club de Balonmano Montequinto, quien explicar\u00e1 la \u201cPedagog\u00eda no lineal en el balonmano\u201d. Y la \u00faltima conferencia de la ma\u00f1ana, que llevar\u00e1 por nombre \u201cModelos sist\u00e9micos en la planificaci\u00f3n en baloncesto\u201d, ser\u00e1 responsabilidad de Pablo Camacho Lazarraga, director del seminario.<\/p>\n<p>La tarde se iniciar\u00e1 a las 16,00 horas con la conferencia: \u201cPlanificaci\u00f3n f\u00edsica y control de la carga en el f\u00fatbol\u201d, que impartir\u00e1 Jos\u00e9 Luis Abad, preparador f\u00edsico de la cantera del Sevilla F.C. A las 17,30 tomar\u00e1 el testigo Rafael Ramos Veliz, profesor en CEU Fundaci\u00f3n San Pablo Andaluc\u00eda, quien explicar\u00e1 la \u00a0\u201cPlanificaci\u00f3n de una temporada en waterpolo\u201d. Ya a las 19,00 horas tendr\u00e1 lugar la mesa redonda \u201cModelos actuales de planificaci\u00f3n. Hacia una pedagog\u00eda no lineal\u201d, en la que intervendr\u00e1n Jos\u00e9 Luis Abad, Alberto Mart\u00edn Barrero, Jos\u00e9 Flores Rodr\u00edguez, Pablo Camacho Lazarraga y Rafael Ramos Veliz. Ser\u00e1 moderada por el codirector del curso, Andr\u00e9s Robles Rodr\u00edguez.<\/p>\n<p>Otro de los cursos que se inauguran hoy <strong>es \u2018Ilustraci\u00f3n, ilustrados y colonizaci\u00f3n en la Espa\u00f1a del siglo XVIII. La creaci\u00f3n de las nuevas poblaciones de Sierra Morena y Andaluc\u00eda\u2019<\/strong>, que se desarrollar\u00e1 en la sede Olavide en Carmona bajo la direcci\u00f3n de David Naranjo Gil, vicepresidente ejecutivo de la Fundaci\u00f3n de Municipios Pablo de Olavide y la coordinaci\u00f3n de Jos\u00e9 Antonio F\u00edlter Rodr\u00edguez, cronista oficial de Ca\u00f1ada Rosal y presidente de la Asociaci\u00f3n Provincial Sevillana de Cronistas e Investigadores Locales.<\/p>\n<p>El curso de abrir\u00e1 a las 9\u201930 horas con la conferencia: \u201cIlustraci\u00f3n e ilustrados en la Espa\u00f1a del siglo XVIII. Las NN.PP. de Sierra Morena y Andaluc\u00eda, primer proyecto de modernidad en Europa\u201d, que ser\u00e1 impartida por Adela Tarifa Fern\u00e1ndez, directora-consejera del Instituto de Estudios Giennenses y cronista oficial de Carboneros (Ja\u00e9n). A continuaci\u00f3n, a las 11,15 horas le seguir\u00e1 la ponencia \u201cEl tiempo ilustrado de Pablo de Olavide: vida, obra y sue\u00f1os de un americano en la Espa\u00f1a del siglo XVIII\u201d, que ofrecer\u00e1 Mar\u00eda Isabel Garc\u00eda Cano, cronista oficial de Ochavillos del R\u00edo (C\u00f3rdoba). Y la \u00faltima conferencia de la ma\u00f1ana, a las 12,30 horas, ser\u00e1 responsabilidad de Adolfo Hamer Flores, de la Universidad Loyola de Sevilla y cronista oficial de La Carlota, quien disertar\u00e1 sobre \u201cLas Nuevas Poblaciones carolinas. El gran proyecto ilustrado en la Andaluc\u00eda del siglo XVIII\u201d.<\/p>\n<p>La jornada de tarde de este seminario proseguir\u00e1 con la ponencia: \u201cNuevas estrategias ante el resto de la invisibilidad tur\u00edstica y puesta en valor de un proyecto ilustrado: las Nuevas Poblaciones de Sierra Morena y Andaluc\u00eda\u201d, que impartir\u00e1 Pedro Ramos Miguel, t\u00e9cnico del Museo de La Carolina (Ja\u00e9n) y cronista oficial de la ciudad. El curso seguir\u00e1 a las 17,15 horas con la mesa redonda: \u201cEl legado patrimonial del sue\u00f1o ilustrado\u201d, en la que se abordar\u00e1n diferentes temas: \u201cEl patrimonio art\u00edstico en las Nuevas Poblaciones\u201d, por Jos\u00e9 Joaqu\u00edn Quesada, del IES Vera Cruz de Beg\u00edjar (Ja\u00e9n); \u201cUrbanismo y arquitectura de las NN.PP.\u201d, por el arquitecto Carlos Quevedo Rojas, de la Escuela de Arte (C\u00e1diz); \u201cTradici\u00f3n y folklore en las NN.PP.\u201d, por Francisco Jos\u00e9 P\u00e9rez-Schmid Fern\u00e1ndez, cronista oficial de Aldeaquemada, Montiz\u00f3n, Navas de Tolosa y Santa Elena (Ja\u00e9n). Ser\u00e1 moderada por Jos\u00e9 Antonio F\u00edlter Rodr\u00edguez, cronista oficial de Ca\u00f1ada Rosal.<\/p>\n<p>El curso <strong>\u2018Aportaci\u00f3n y visibilidad de la mujer en el flamenco. Formaci\u00f3n complementaria\u2019<\/strong> se sigue celebrando hoy en la sede Olavide en Carmona y est\u00e1 dirigido por Ildefonso Vergara Camacho, doctor e investigador de flamenco y periodista de la cadena SER. Dicho seminario comenzar\u00e1 a las 9,30 horas con la conferencia: \u201cLa mujer en la creaci\u00f3n del espect\u00e1culo de baile flamenco. Coreograf\u00eda y moda\u201d, que ser\u00e1 impartida por Roc\u00edo Plaza Orellana, doctora en Historia del Arte, escritora y profesora de Bellas Artes en la Universidad de Sevilla. A las 11,30 horas le seguir\u00e1 la mesa redonda: \u201cLa moda flamenca. Industria de la moda flamenca y est\u00e9tica de la mujer en el flamenco\u201d, en la que participar\u00e1n Pedro Gonz\u00e1lez, director art\u00edstico de la Agencia Doble Erre y especialista en moda flamenca, la periodista Marina Bernal y Roc\u00edo Montero, empresaria y creadora de moda flamenca en LINA. La \u00faltima conferencia de la ma\u00f1ana, a las 13,00 horas, estar\u00e1 a cargo de la bailaora y core\u00f3grafa Merche Esmeralda y de Inmaculada Bustos, fil\u00f3loga, profesora creativa y gestora cultural y acad\u00e9mica en International Studies Abroad.<\/p>\n<p>Por la tarde, las clases de reanudar\u00e1n a las 17,30 con el documental \u201cTablao, cara y cruz\u201d y el coloquio posterior con la directora de cine Pilar T\u00e1vora. A las 19,30 tendr\u00e1 lugar la \u00faltima conferencia del d\u00eda: \u201cLas mujeres en las pe\u00f1as flamencas\u201d, a cargo de Concha Prieto, secretaria de la pe\u00f1a flamenca de Tomares.<\/p>\n<p>Otro de los cursos que contin\u00faan hoy es<strong> \u2018Nuevos retos de la comunicaci\u00f3n pol\u00edtica: escenarios, campa\u00f1as y herramientas\u2019<\/strong>, que se celebra hasta el viernes y que dirigen los profesores del Departamento de Derecho P\u00fablico de la Universidad Pablo de Olavide Marta V\u00e9lez Rodr\u00edguez y Jos\u00e9 Manuel Trujillo Cerezo. El seminario arrancar\u00e1 a las 10 horas con la conferencia \u201cMujeres y pol\u00edtica: un acercamiento desde la comunicaci\u00f3n pol\u00edtica\u201d, que ser\u00e1 impartida por Juana M\u00aa Ruiloba N\u00fa\u00f1ez, del \u00c1rea de Ciencia Pol\u00edtica y de la Administraci\u00f3n de la Universidad Pablo de Olavide. A las 12 horas tendr\u00e1 lugar la mesa redonda \u201cAn\u00e1lisis de la campa\u00f1a electoral al Parlamento Andaluz 2018\u201d, en la que estar\u00e1n presentes miembros de comit\u00e9s de campa\u00f1a de diferentes partidos pol\u00edticos, como Francisco Javier Conejo Rueda (PSOE), Jos\u00e9 Ram\u00f3n Carmona S\u00e1nchez (PP) y Francisco Javier Herv\u00edas Chirosa (Ciudadanos).<\/p>\n<p>Ya por la tarde, Giselle Garc\u00eda Hipola, profesora del \u00c1rea de Ciencia Pol\u00edtica y de la Administraci\u00f3n de la Universidad Pablo de Olavide, participar\u00e1 en el curso a las 16 horas con la ponencia \u201cPersonalizaci\u00f3n y presidencializaci\u00f3n de las campa\u00f1as electorales en Espa\u00f1a\u201d. La \u00faltima ponencia que se celebrar\u00e1 hoy en este curso ser\u00e1 a las 17,00 horas y tendr\u00e1 por nombre \u201cLa comunicaci\u00f3n como arma: de las fakes news a las operaciones de influencia\u201d, que impartir\u00e1 Manuel Ricardo Torres Soriano, profesor del \u00c1rea de Ciencia Pol\u00edtica y de la Administraci\u00f3n de la UPO.<\/p>\n<p>Por \u00faltimo, la Casa Palacio de los Briones, sede de la UPO en Carmona, acoge \u00a0hoy jueves \u00a0la cuarta jornada del <strong>curso \u2018Coaching t\u00e9cnico-vocal de alto rendimiento para audiciones, conciertos y giras. Formaci\u00f3n complementaria\u2019<\/strong> que, bajo la direcci\u00f3n de la soprano profesional Juana Castillo Ruz, se prolongar\u00e1 durante toda la semana. La sesi\u00f3n comenzar\u00e1 a las 10.00 horas con la conferencia \u201cProfilaxis y cuidados en el cantante. Dietas, alimentaci\u00f3n, ejercicio f\u00edsico y elementos de cuidado\u201d, que dar\u00e1 paso a las 11.00 horas al taller pr\u00e1ctico para preparar la gala concierto de los alumnos que se celebrar\u00e1 a las 20 horas. Tras el taller pr\u00e1ctico de preparaci\u00f3n de la gala, se desarrollar\u00e1 otro a las 13 horas bajo la denominaci\u00f3n de \u201cEjercicios de relajaci\u00f3n y su trabajo en giras, audiciones y concursos\u201d.<\/p>\n<p>&nbsp;<\/p>\n","protected":false},"excerpt":{"rendered":"<p>La sede de la Universidad Pablo de Olavide en Carmona acoge hoy la inauguraci\u00f3n de tres nuevos cursos: \u2018Sindicalismo para el trabajo futuro\u2019, \u2018Tendencias actuales en la planificaci\u00f3n en los deportes de equipo. 2\u00ba curso de formaci\u00f3n deportiva\u2019 e \u2018Ilustraci\u00f3n, ilustrados y colonizaci\u00f3n en la Espa\u00f1a del siglo XVIII. La creaci\u00f3n de las nuevas poblaciones de Sierra Morena y Andaluc\u00eda\u2019. <\/p>\n","protected":false},"author":6,"featured_media":30857465,"comment_status":"closed","ping_status":"open","sticky":false,"template":"","format":"standard","meta":{"_monsterinsights_skip_tracking":false,"_monsterinsights_sitenote_active":false,"_monsterinsights_sitenote_note":"","_monsterinsights_sitenote_category":0,"footnotes":""},"categories":[729],"tags":[2523,350,22,231,93,6098,2805,519,76,2975],"class_list":["post-30857462","post","type-post","status-publish","format-standard","has-post-thumbnail","hentry","category-cursos-verano","tag-artes-escenicas","tag-comunicacion","tag-cursos-de-verano","tag-deportes-2","tag-flamenco","tag-fuero-de-las-nuevas-poblaciones","tag-ilustracion","tag-olavide-en-carmona","tag-politica","tag-sindicalismo"],"_links":{"self":[{"href":"https:\/\/www.upo.es\/diario\/wp-json\/wp\/v2\/posts\/30857462","targetHints":{"allow":["GET"]}}],"collection":[{"href":"https:\/\/www.upo.es\/diario\/wp-json\/wp\/v2\/posts"}],"about":[{"href":"https:\/\/www.upo.es\/diario\/wp-json\/wp\/v2\/types\/post"}],"author":[{"embeddable":true,"href":"https:\/\/www.upo.es\/diario\/wp-json\/wp\/v2\/users\/6"}],"replies":[{"embeddable":true,"href":"https:\/\/www.upo.es\/diario\/wp-json\/wp\/v2\/comments?post=30857462"}],"version-history":[{"count":3,"href":"https:\/\/www.upo.es\/diario\/wp-json\/wp\/v2\/posts\/30857462\/revisions"}],"predecessor-version":[{"id":30857466,"href":"https:\/\/www.upo.es\/diario\/wp-json\/wp\/v2\/posts\/30857462\/revisions\/30857466"}],"wp:featuredmedia":[{"embeddable":true,"href":"https:\/\/www.upo.es\/diario\/wp-json\/wp\/v2\/media\/30857465"}],"wp:attachment":[{"href":"https:\/\/www.upo.es\/diario\/wp-json\/wp\/v2\/media?parent=30857462"}],"wp:term":[{"taxonomy":"category","embeddable":true,"href":"https:\/\/www.upo.es\/diario\/wp-json\/wp\/v2\/categories?post=30857462"},{"taxonomy":"post_tag","embeddable":true,"href":"https:\/\/www.upo.es\/diario\/wp-json\/wp\/v2\/tags?post=30857462"}],"curies":[{"name":"wp","href":"https:\/\/api.w.org\/{rel}","templated":true}]}}