{"id":30857513,"date":"2019-07-05T19:42:04","date_gmt":"2019-07-05T17:42:04","guid":{"rendered":"https:\/\/www.upo.es\/diario\/?p=30857513"},"modified":"2019-07-08T10:02:34","modified_gmt":"2019-07-08T08:02:34","slug":"unai-sordo-asegura-que-las-reformas-laborales-han-contribuido-a-la-caida-de-los-salarios-y-la-precarizacion","status":"publish","type":"post","link":"https:\/\/www.upo.es\/diario\/cursos-verano\/2019\/07\/unai-sordo-asegura-que-las-reformas-laborales-han-contribuido-a-la-caida-de-los-salarios-y-la-precarizacion\/","title":{"rendered":"Unai Sordo asegura que las reformas laborales han contribuido a la ca\u00edda de los salarios y la precarizaci\u00f3n"},"content":{"rendered":"<figure id=\"attachment_30857514\" aria-describedby=\"caption-attachment-30857514\" style=\"width: 750px\" class=\"wp-caption aligncenter\"><a href=\"https:\/\/www.upo.es\/diario\/wp-content\/uploads\/2019\/07\/Unai-Sordo-e1562572805966.jpg\"><img loading=\"lazy\" decoding=\"async\" class=\"size-large wp-image-30857514\" src=\"https:\/\/www.upo.es\/diario\/wp-content\/uploads\/2019\/07\/Unai-Sordo-e1562572805966-750x471.jpg\" alt=\"\" width=\"750\" height=\"471\" srcset=\"https:\/\/www.upo.es\/diario\/wp-content\/uploads\/2019\/07\/Unai-Sordo-e1562572805966-750x471.jpg 750w, https:\/\/www.upo.es\/diario\/wp-content\/uploads\/2019\/07\/Unai-Sordo-e1562572805966-360x226.jpg 360w, https:\/\/www.upo.es\/diario\/wp-content\/uploads\/2019\/07\/Unai-Sordo-e1562572805966-768x482.jpg 768w, https:\/\/www.upo.es\/diario\/wp-content\/uploads\/2019\/07\/Unai-Sordo-e1562572805966-600x377.jpg 600w, https:\/\/www.upo.es\/diario\/wp-content\/uploads\/2019\/07\/Unai-Sordo-e1562572805966-1320x829.jpg 1320w\" sizes=\"auto, (max-width: 750px) 100vw, 750px\" \/><\/a><figcaption id=\"caption-attachment-30857514\" class=\"wp-caption-text\">Desde la izquierda, Alfonso Vid\u00e1n, secretario general de CCOO Sevilla; Unai Sordo, secretario general de CCOO; Nuria L\u00f3pez, secretaria general de CCOO Andaluc\u00eda y Sara de los Reyes, secretaria de Organizaci\u00f3n y Finanzas de CCOO Sevilla<\/figcaption><\/figure>\n<p>La ca\u00edda de los salarios en Espa\u00f1a se debe a la manera en que Espa\u00f1a encar\u00f3 la crisis econ\u00f3mica, \u201cmediante un proceso de devaluaci\u00f3n interna donde la ca\u00edda de los salarios jugaba un papel central\u201d. Para ello se llevaron a cabo diversas reformas laborales que han contribuido a esa ca\u00edda \u201cmediante una precarizaci\u00f3n m\u00faltiple del empleo\u201d. Es lo que afirma el secretario general de CCOO, Unai Sordo, quien a\u00f1ade que la modificaci\u00f3n de las condiciones laborales pactadas se ha traducido en mayor poder unilateral del empresariado y han empeorado las tasas de temporalidad y parcialidad.<\/p>\n<p><strong>El m\u00e1ximo dirigente del sindicato ha hecho estas declaraciones con motivo de su participaci\u00f3n en la conferencia \u2018Sindicalismo de clase para el siglo XXI\u2019<\/strong> y en la clausura del curso \u2018Sindicalismo para el trabajo de futuro\u2019, que se ha celebrado a mediod\u00eda de este viernes en la sede \u2018Rectora Rosario Valpuesta\u2019 de la Universidad Pablo de Olavide en Carmona, donde se desarrolla la XVII edici\u00f3n de los Cursos de Verano de la UPO. En el acto de clausura tambi\u00e9n han estado presentes Roc\u00edo Blanco, consejera de Empleo, Formaci\u00f3n y Trabajo Aut\u00f3nomo de la Junta de Andaluc\u00eda; Nuria L\u00f3pez, secretaria general de CCOO Andaluc\u00eda y Alfonso Vid\u00e1n, secretario general de CCOO Sevilla. El seminario, de dos d\u00edas de duraci\u00f3n, ha estado dirigido por Sara de los Reyes, secretaria de Organizaci\u00f3n y Finanzas de CCOO de Sevilla.<\/p>\n<p><strong>En opini\u00f3n de Unai Sordo, \u201cel riesgo de precarizaci\u00f3n extrema del trabajo es enorme\u201d<\/strong>, ya que el impacto de las nuevas formas de producir se da en un \u201cmarco de profunda desregulaci\u00f3n del mercado laboral y en una apuesta por la devaluaci\u00f3n de los salarios a trav\u00e9s de una desvertebraci\u00f3n de la negociaci\u00f3n colectiva\u201d. Por otro lado, advierte, se da desde una \u201ccombinaci\u00f3n explosiva\u201d como es la aceleraci\u00f3n tecnol\u00f3gica unida al proceso de externalizaci\u00f3n de riesgos de las empresas, \u201csobre todo de las actividades m\u00e1s sencillas de descentralizar y que les aportan menos valor a\u00f1adido\u201d.<\/p>\n<p>Cuestionado sobre la necesidad de \u201creinventar el sindicalismo\u201d para adaptarlo a la nueva realidad, Sordo afirma que \u201cya estamos inmersos en un proceso adaptativo\u201d y que<strong> los sindicatos tienen que ser una \u201cforma de integraci\u00f3n de todas aquellas realidades que la empresa ha desintegrado\u201d<\/strong>. As\u00ed, \u201cdebemos ser conscientes de que las demandas de la clase trabajadora son diversas y de que no sirve s\u00f3lo con generar normas colectivas homog\u00e9neas, porque los problemas son distintos y requieren de actuaciones organizadas y colectivas distintas\u201d.<\/p>\n<p>En cuanto a la desconfianza que los sindicatos generan entre la clase trabajadora, el l\u00edder sindical asegura que todo occidente vive una crisis de los modelos de representaci\u00f3n y mediaci\u00f3n democr\u00e1tica que funcionaron en el aparato institucional de posguerra, aunque tambi\u00e9n se\u00f1ala a una \u201cintensa campa\u00f1a de descr\u00e9dito\u201d que ha sufrido el sindicalismo. No obstante, afirma que el proceso de recuperaci\u00f3n de legitimidad sindical de CCOO \u201clleva tiempo en marcha\u201d, siendo la \u201cprimera organizaci\u00f3n sindical y social de Espa\u00f1a en t\u00e9rminos de representaci\u00f3n, estando a punto de recuperar el mill\u00f3n de afiliados\u201d.<\/p>\n<p>Unai Sordo denuncia que mientras que Espa\u00f1a recuper\u00f3 en 2017 la producci\u00f3n de bienes y servicios en niveles previos a la crisis econ\u00f3mica y las empresas se han desendeudado y reparten m\u00e1s beneficios y dividendos que antes de la crisis, los salarios han permanecido devaluados. Las \u201cdeficiencias de la econom\u00eda nacional siguen intactas, ya que se han repetido las viejas inercias de devaluaci\u00f3n interna y no se ha producido una revisi\u00f3n de calado de nuestro aparato productivo\u201d, algo que se traduce, pone como ejemplo, en llevar \u201ca\u00f1os sin pol\u00edticas industriales s\u00f3lidas\u201d.<\/p>\n<p>En este sentido, destaca que menos de la mitad de las personas con un puesto de trabajo tienen un contrato indefinido y a jornada completa, y la tasa de temporalidad es la m\u00e1s alta de Europa, \u201ccon el agravante de que se ha incrementado la rotaci\u00f3n y cada trabajador con un contrato temporal suscribe m\u00e1s de cinco por a\u00f1o de media\u201d, lo que califica como \u201cdisparate\u201d. A todo ello se suma un modelo social que \u201cprotege insuficientemente\u201d a las personas desempleadas, sobre todo el paro de larga duraci\u00f3n, a las personas sin recursos y deficiencias en la atenci\u00f3n a la dependencia, \u201clo que sigue suponiendo un lastre sobre todo para las carreras laborales de las mujeres, que siguen sufriendo importantes brechas salariales y de pensiones\u201d, lamenta.<\/p>\n<p>En cuanto a la situaci\u00f3n pol\u00edtica actual, el secretario general de CCOO asevera que la ruptura del bipartidismo \u201ca\u00fan no ha sido metabolizada por nadie, y \u201cseguimos instalados en tacticismos que piensan en c\u00f3mo hacer insostenible la posici\u00f3n del contrario\u201d. En este sentido, a\u00f1ade que en Espa\u00f1a \u201cse ha abierto la opci\u00f3n de un gobierno progresista, ya que existe una mayor\u00eda amplia \u2013aunque no absoluta- en el Congreso que debieran conformar PSOE y Unidas Podemos con la f\u00f3rmula de gobierno que encuentren y a partir de ah\u00ed iniciar una agenda reformista\u201d.<\/p>\n","protected":false},"excerpt":{"rendered":"<p>La ca\u00edda de los salarios en Espa\u00f1a se debe a la manera en que Espa\u00f1a encar\u00f3 la crisis econ\u00f3mica, \u201cmediante un proceso de devaluaci\u00f3n interna donde la ca\u00edda de los salarios jugaba un papel central\u201d. Para ello se llevaron a cabo diversas reformas laborales que han contribuido a esa ca\u00edda \u201cmediante una precarizaci\u00f3n m\u00faltiple del empleo\u201d. Es lo que afirma el secretario general de CCOO, Unai Sordo, quien a\u00f1ade que la modificaci\u00f3n de las condiciones laborales pactadas se ha traducido en mayor poder unilateral del empresariado y han empeorado las tasas de temporalidad y parcialidad.<\/p>\n","protected":false},"author":6,"featured_media":30857514,"comment_status":"closed","ping_status":"open","sticky":false,"template":"","format":"standard","meta":{"_monsterinsights_skip_tracking":false,"_monsterinsights_sitenote_active":false,"_monsterinsights_sitenote_note":"","_monsterinsights_sitenote_category":0,"footnotes":""},"categories":[729],"tags":[23,5055,2519,22,438,1059,567,519,2975],"class_list":["post-30857513","post","type-post","status-publish","format-standard","has-post-thumbnail","hentry","category-cursos-verano","tag-carmona","tag-ccoo","tag-crisis-economica","tag-cursos-de-verano","tag-empleo","tag-empresas","tag-mercado-laboral","tag-olavide-en-carmona","tag-sindicalismo"],"_links":{"self":[{"href":"https:\/\/www.upo.es\/diario\/wp-json\/wp\/v2\/posts\/30857513","targetHints":{"allow":["GET"]}}],"collection":[{"href":"https:\/\/www.upo.es\/diario\/wp-json\/wp\/v2\/posts"}],"about":[{"href":"https:\/\/www.upo.es\/diario\/wp-json\/wp\/v2\/types\/post"}],"author":[{"embeddable":true,"href":"https:\/\/www.upo.es\/diario\/wp-json\/wp\/v2\/users\/6"}],"replies":[{"embeddable":true,"href":"https:\/\/www.upo.es\/diario\/wp-json\/wp\/v2\/comments?post=30857513"}],"version-history":[{"count":1,"href":"https:\/\/www.upo.es\/diario\/wp-json\/wp\/v2\/posts\/30857513\/revisions"}],"predecessor-version":[{"id":30857515,"href":"https:\/\/www.upo.es\/diario\/wp-json\/wp\/v2\/posts\/30857513\/revisions\/30857515"}],"wp:featuredmedia":[{"embeddable":true,"href":"https:\/\/www.upo.es\/diario\/wp-json\/wp\/v2\/media\/30857514"}],"wp:attachment":[{"href":"https:\/\/www.upo.es\/diario\/wp-json\/wp\/v2\/media?parent=30857513"}],"wp:term":[{"taxonomy":"category","embeddable":true,"href":"https:\/\/www.upo.es\/diario\/wp-json\/wp\/v2\/categories?post=30857513"},{"taxonomy":"post_tag","embeddable":true,"href":"https:\/\/www.upo.es\/diario\/wp-json\/wp\/v2\/tags?post=30857513"}],"curies":[{"name":"wp","href":"https:\/\/api.w.org\/{rel}","templated":true}]}}