{"id":30857519,"date":"2019-07-08T12:45:47","date_gmt":"2019-07-08T10:45:47","guid":{"rendered":"https:\/\/www.upo.es\/diario\/?p=30857519"},"modified":"2019-07-11T13:24:56","modified_gmt":"2019-07-11T11:24:56","slug":"cientificos-descubren-un-nuevo-metodo-de-alerta-temprana-del-decaimiento-forestal","status":"publish","type":"post","link":"https:\/\/www.upo.es\/diario\/ciencia\/2019\/07\/cientificos-descubren-un-nuevo-metodo-de-alerta-temprana-del-decaimiento-forestal\/","title":{"rendered":"Cient\u00edficos descubren un nuevo m\u00e9todo de alerta temprana del decaimiento forestal"},"content":{"rendered":"<figure id=\"attachment_30857520\" aria-describedby=\"caption-attachment-30857520\" style=\"width: 750px\" class=\"wp-caption aligncenter\"><a href=\"https:\/\/www.upo.es\/diario\/wp-content\/uploads\/2019\/07\/inves_decaimientoforestal_foto01.jpg\"><img loading=\"lazy\" decoding=\"async\" class=\"size-large wp-image-30857520\" src=\"https:\/\/www.upo.es\/diario\/wp-content\/uploads\/2019\/07\/inves_decaimientoforestal_foto01-750x330.jpg\" alt=\"\" width=\"750\" height=\"330\" srcset=\"https:\/\/www.upo.es\/diario\/wp-content\/uploads\/2019\/07\/inves_decaimientoforestal_foto01-750x330.jpg 750w, https:\/\/www.upo.es\/diario\/wp-content\/uploads\/2019\/07\/inves_decaimientoforestal_foto01-360x159.jpg 360w, https:\/\/www.upo.es\/diario\/wp-content\/uploads\/2019\/07\/inves_decaimientoforestal_foto01-768x338.jpg 768w, https:\/\/www.upo.es\/diario\/wp-content\/uploads\/2019\/07\/inves_decaimientoforestal_foto01-600x264.jpg 600w, https:\/\/www.upo.es\/diario\/wp-content\/uploads\/2019\/07\/inves_decaimientoforestal_foto01-1320x581.jpg 1320w, https:\/\/www.upo.es\/diario\/wp-content\/uploads\/2019\/07\/inves_decaimientoforestal_foto01.jpg 1587w\" sizes=\"auto, (max-width: 750px) 100vw, 750px\" \/><\/a><figcaption id=\"caption-attachment-30857520\" class=\"wp-caption-text\">\u00c1rboles en decaimiento o muertos donde se han extra\u00eddo testigos de madera para el an\u00e1lisis de anillos anuales de crecimiento mediante dendrocronolog\u00eda en Pinus sylvestris en Corbal\u00e1n, Teruel (izquierda) y Abies alba en el Paco Ezpela, Ans\u00f3 (Huesca) (derecha) con s\u00edntomas de decaimiento. Fotos: M. Colangelo.<\/figcaption><\/figure>\n<p>&nbsp;<\/p>\n<p>Un equipo de investigadores liderados por la Universidad Pablo de Olavide (UPO), de Sevilla, el Centro Tecnol\u00f3gico y Forestal de la Madera (CETEMAS) y el Instituto Pirenaico de Ecolog\u00eda IPE-CSIC (Zaragoza), ha llevado a cabo una investigaci\u00f3n que concluye que <strong>el estudio de la composici\u00f3n qu\u00edmica anual de los anillos de crecimiento de los \u00e1rboles puede alertar d\u00e9cadas antes de que ocurran los s\u00edntomas de decaimiento forestal<\/strong>, como bajada del crecimiento y p\u00e9rdida de hojas y mortalidad elevada.<\/p>\n<p>Seg\u00fan este estudio, los elementos analizados a escala anual muestran se\u00f1ales tempranas que indican un deficiente estado nutricional de los \u00e1rboles que muestran decaimiento inducido por sequ\u00edas. Estos \u00e1rboles suelen mostrar una ca\u00edda brusca de crecimiento, un aumento de la densidad de su madera y por tanto una p\u00e9rdida de conductividad de sus tejidos vasculares.<\/p>\n<p>La descripci\u00f3n de este nuevo m\u00e9todo de alerta temprana del decaimiento forestal ha sido plasmada en el art\u00edculo <strong>\u2018Long-term nutrient imbalances linked to drought-triggered forest dieback\u2019,<\/strong> publicado recientemente en la prestigiosa revista <em>Science of the Total Environment<\/em>, dentro de un n\u00famero especial sobre las aplicaciones de la dendroqu\u00edmica en ciencias medioambientales. El trabajo, co-liderado por <strong>Andrea Hevia<\/strong>, investigadora de CETEMAS y la Universidad de Huelva y colaboradora visitante de la UPO e IPE-CSIC, y <strong>el investigador y profesor de la Universidad Pablo de Olavide<\/strong> <strong>Ra\u00fal S\u00e1nchez-Salguero<\/strong>, ha contado tambi\u00e9n con cient\u00edficos del IPE-CSIC, CEBAS-CSIC, Universidad de Valladolid y Universidad Rey Juan Carlos.<\/p>\n<p>Los autores de este trabajo ponen su foco de atenci\u00f3n en los cambios temporales de la composici\u00f3n qu\u00edmica de los anillos anuales de crecimiento comparando \u00e1rboles sanos frente a \u00e1rboles con s\u00edntomas de decaimiento en un mismo bosque, empleando \u2018dendroqu\u00edmica\u2019 y utilizando un novedoso m\u00e9todo de an\u00e1lisis indirecto de los anillos a escalas anual y estacional a partir de un esc\u00e1ner especializado y no destructivo de maderas (Itrax multiscanner, Cox Analytical Systems), que usa microdensitometr\u00eda y fluorescencia de rayos X. Adem\u00e1s, comparan estos an\u00e1lisis con m\u00e9todos directos de an\u00e1lisis basados en el uso del espectr\u00f3metro de emisi\u00f3n \u00f3ptica ICP-OES. Este nuevo m\u00e9todo se ha desarrollado en bosques meridionales de dos de las especies con mayor importancia productiva en Europa, el pino albar (<em>Pinus sylvestris<\/em>) y el abeto (<em>Abies alba<\/em>) (Foto 1), que han sufrido importantes fen\u00f3menos recientes de decaimiento forestal y que se espera ir\u00e1n en aumento con las olas de calor y fen\u00f3menos de sequ\u00eda actuales.<\/p>\n<figure id=\"attachment_30857521\" aria-describedby=\"caption-attachment-30857521\" style=\"width: 360px\" class=\"wp-caption alignright\"><a href=\"https:\/\/www.upo.es\/diario\/wp-content\/uploads\/2019\/07\/inves_decaimientoforestal_foto02.jpg\"><img loading=\"lazy\" decoding=\"async\" class=\"size-medium wp-image-30857521\" src=\"https:\/\/www.upo.es\/diario\/wp-content\/uploads\/2019\/07\/inves_decaimientoforestal_foto02-360x203.jpg\" alt=\"\" width=\"360\" height=\"203\" srcset=\"https:\/\/www.upo.es\/diario\/wp-content\/uploads\/2019\/07\/inves_decaimientoforestal_foto02-360x203.jpg 360w, https:\/\/www.upo.es\/diario\/wp-content\/uploads\/2019\/07\/inves_decaimientoforestal_foto02-768x432.jpg 768w, https:\/\/www.upo.es\/diario\/wp-content\/uploads\/2019\/07\/inves_decaimientoforestal_foto02-750x422.jpg 750w, https:\/\/www.upo.es\/diario\/wp-content\/uploads\/2019\/07\/inves_decaimientoforestal_foto02-600x338.jpg 600w, https:\/\/www.upo.es\/diario\/wp-content\/uploads\/2019\/07\/inves_decaimientoforestal_foto02-1320x743.jpg 1320w\" sizes=\"auto, (max-width: 360px) 100vw, 360px\" \/><\/a><figcaption id=\"caption-attachment-30857521\" class=\"wp-caption-text\">Muestra de rayos X de los anillos de la madera de Pinus sylvestris de Corbal\u00e1n (Teruel) en el Sistema Ib\u00e9rico superpuesta con el dato de crecimiento (l\u00ednea negra), el contenido de Mn en la madera en un \u00e1rbol sano (l\u00ednea verde) y uno en decaimiento (l\u00ednea roja). Se aprecia la divergencia de Mn (flecha azul) d\u00e9cadas previas a la bajada del crecimiento (flecha negra). Montaje: Andrea Hevia y Ra\u00fal S\u00e1nchez Salguero.<\/figcaption><\/figure>\n<p>De este modo, <strong>han elaborado una novedosa metodolog\u00eda que analiza y compara los cambios de nutrientes hasta cientos de a\u00f1os a partir de los anillos de crecimiento de los \u00e1rboles<\/strong>. Los investigadores observaron un cambio en el patr\u00f3n de diversos elementos en la madera, <strong>principalmente manganeso<\/strong> Mn (mayor en \u00e1rboles deca\u00eddos) y sus ratios con otros elementos como Ca, Mg, Al o P, en los \u00faltimos 20-50 a\u00f1os para \u00e1rboles en decaimiento frente a su estabilidad o tendencia contraria en \u00e1rboles sanos. Los an\u00e1lisis qu\u00edmicos de las muestras dendrocronol\u00f3gicas indican que elementos esenciales para el desarrollo de la madera, la fotos\u00edntesis y los procesos fisiol\u00f3gicos, como por ejemplo el Ca, en combinaci\u00f3n con el contenido de otros elementos esenciales en la fisiolog\u00eda de los \u00e1rboles, como por ejemplo Mn, P, Al y K, relacionados con la formaci\u00f3n de madera, conductividad de agua o transporte de otros nutrientes, muestran un cambio en su contenido exclusivamente en \u00e1rboles deca\u00eddos detectable hasta 2-5 d\u00e9cadas antes de que el crecimiento disminuya y se muestren los primeros s\u00edntomas de decaimiento forestal (defoliaci\u00f3n y mortalidad).<\/p>\n<p>La fijaci\u00f3n de estos elementos en los anillos de crecimiento de la madera est\u00e1 adem\u00e1s relacionada con la estructura celular del anillo. Seg\u00fan indica el <strong>investigador del IPE-CSIC, J. Julio Camarero<\/strong> \u201cuna mayor densidad de la madera implica una menor conductividad hidr\u00e1ulica y por tanto una menor capacidad del \u00e1rbol para conducir y fijar nutrientes y por tanto crecer, causando a largo plazo un desequilibrio entre nutrientes, conductividad y crecimiento que desencadena junto a otros factores los procesos de decaimiento forestal\u201d.<\/p>\n<p>Los autores concluyen que la nueva metodolog\u00eda desarrollada permitir\u00e1 <strong>entender mejor la din\u00e1mica de los ciclos biogeoqu\u00edmicos de los bosques y su interacci\u00f3n con los efectos antropog\u00e9nicos y clim\u00e1ticos<\/strong>, ya que ayuda a comprender c\u00f3mo los \u00e1rboles gestionan los nutrientes a escalas anual y estacional durante d\u00e9cadas o siglos (Foto 2). Seg\u00fan la investigadora que co-lidera este estudio, <strong>Andrea Hevia<\/strong>, \u201csi tal y como indica este trabajo podemos detectar los desequilibrios de nutrientes que se producen d\u00e9cadas antes de que ocurra la ca\u00edda de crecimiento o aumento de la densidad que provoca el fallo hidr\u00e1ulico, estamos ante una novedosa y potente herramienta para detectar los s\u00edntomas con antelaci\u00f3n, lo cual nos permitir\u00eda tomar medidas para tratar de mitigar los efectos del cambio global en las masas forestales o regular estas deficiencias nutricionales\u201d.<\/p>\n<figure id=\"attachment_30857522\" aria-describedby=\"caption-attachment-30857522\" style=\"width: 360px\" class=\"wp-caption alignleft\"><a href=\"https:\/\/www.upo.es\/diario\/wp-content\/uploads\/2019\/07\/inves_decaimientoforestal_foto03.jpg\"><img loading=\"lazy\" decoding=\"async\" class=\"size-medium wp-image-30857522\" src=\"https:\/\/www.upo.es\/diario\/wp-content\/uploads\/2019\/07\/inves_decaimientoforestal_foto03-360x203.jpg\" alt=\"\" width=\"360\" height=\"203\" srcset=\"https:\/\/www.upo.es\/diario\/wp-content\/uploads\/2019\/07\/inves_decaimientoforestal_foto03-360x203.jpg 360w, https:\/\/www.upo.es\/diario\/wp-content\/uploads\/2019\/07\/inves_decaimientoforestal_foto03-768x432.jpg 768w, https:\/\/www.upo.es\/diario\/wp-content\/uploads\/2019\/07\/inves_decaimientoforestal_foto03-750x422.jpg 750w, https:\/\/www.upo.es\/diario\/wp-content\/uploads\/2019\/07\/inves_decaimientoforestal_foto03-600x338.jpg 600w, https:\/\/www.upo.es\/diario\/wp-content\/uploads\/2019\/07\/inves_decaimientoforestal_foto03-1320x743.jpg 1320w\" sizes=\"auto, (max-width: 360px) 100vw, 360px\" \/><\/a><figcaption id=\"caption-attachment-30857522\" class=\"wp-caption-text\">Abetos deca\u00eddos o muertos en el Paco Ezpela, Ans\u00f3 (Huesca). Foto: M. Colangelo.<\/figcaption><\/figure>\n<p>Por otro lado, este trabajo ha permitido adem\u00e1s analizar por primera vez los efectos del cambio clim\u00e1tico a escala anual en relaci\u00f3n con los ciclos de nutrientes en los bosques y su relaci\u00f3n con las propiedades del suelo en dos sistemas tan diferentes e importantes a nivel europeo como son los abetales pirenaicos (Foto 3) y los bosques de pino albar de zonas m\u00e1s secas del Sistema Ib\u00e9rico de Teruel. Seg\u00fan apunta el <strong>investigador y profesor de la UPO<\/strong> <strong>Ra\u00fal S\u00e1nchez-Salguero<\/strong>, co-autor del trabajo \u201ces fundamental entender la respuesta espacio-temporal de los ciclos biogeoqu\u00edmicos en los \u00e1rboles y su evoluci\u00f3n frente a eventos extremos pasados como las sequ\u00edas, para <strong>comprender mejor el papel que desempe\u00f1an en los fen\u00f3menos de decaimiento forestal y por tanto la influencia que pueden tener en el desarrollo de medidas de gesti\u00f3n forestal sostenible adaptadas a los diferentes escenarios futuros de cambio clim\u00e1tico<\/strong>. Este estudio ofrece una visi\u00f3n novedosa y detallada de los patrones y se\u00f1ales de alerta temprana en procesos de decaimiento para dos de las con\u00edferas m\u00e1s importantes de Europa, recogiendo los potenciales efectos que podr\u00edan soportar muchos de los bosques de con\u00edferas de zonas vulnerables en el siglo XXI\u201d.<\/p>\n<p>Por otro lado, gracias a esta nueva metodolog\u00eda y al uso de indicadores biol\u00f3gicos que comparan los proporciones del contenido de elementos en la madera, se ha encontrado que usando el Mn o ratios derivados como Ca:Mn o P:Mn <strong>se puede detectar de una forma sencilla, a bajo coste y con alta precisi\u00f3n las variaciones de nutrientes y su relaci\u00f3n con la fisiolog\u00eda y estructura de la madera de los \u00e1rboles con varias d\u00e9cadas de antelaci\u00f3n a los s\u00edntomas de decaimiento apreciados en campo<\/strong>. \u201cPor tanto, ante un aumento de las sequ\u00edas extremas y olas de calor, la identificaci\u00f3n de procedencias que muestren una mejor gesti\u00f3n de los desequilibrios nutricionales frente a los efectos del cambio clim\u00e1tico, resultar\u00e1n determinantes para conservar bosques o realizar plantaciones productivas o de restauraci\u00f3n en un mundo cada vez m\u00e1s c\u00e1lido y con sequ\u00edas m\u00e1s extremas, pudiendo en base a estos resultados introducir individuos con garant\u00eda de \u00e9xito en esas condiciones\u201d explica la <strong>investigadora Andrea Hevia.<\/strong><\/p>\n<p>Los investigadores del trabajo indican que una vez comprobado que esta nueva metodolog\u00eda permite entender algunos de los procesos biogeoqu\u00edmicos asociados a procesos de decaimiento forestal con d\u00e9cadas de antelaci\u00f3n, <strong>el objetivo futuro ser\u00e1 mejorar y ampliar las series de registro dendroqu\u00edmico en relaci\u00f3n a las propiedades de la madera a otros tipos de bosques<\/strong> con riesgo de decaimiento o situados en zonas identificadas como de alta vulnerabilidad a nivel de la Cuenca Mediterr\u00e1nea o Europa.<\/p>\n<p>Este trabajo ha podido ser realizado gracias a la colaboraci\u00f3n de administraciones locales, regionales (Gobierno de Arag\u00f3n) y nacionales; la ayuda y apoyo del personal de CETEMAS, IPE-CSIC y CEBAS-CSIC, as\u00ed como gracias a la financiaci\u00f3n aportada por los Ministerios de Econom\u00eda, Industria y Competitividad y de Ciencia, Innovaci\u00f3n y Universidades (proyectos CGL2011-26654, FunDiver-CGL2015-69186-C2-1-R; CoMo-ReAdapt, CGL2013-48843-C2-1-R, AMB95-0160, IJCI-2015-25845 y FJCI 2016-30121) y la Uni\u00f3n Europea (proyecto CANOPEE-Interreg V-A POCTEFA 2014-2020- fondos FEDER (EFA028\/15).<\/p>\n<p>&nbsp;<\/p>\n<p><strong>Referencia:<\/strong><\/p>\n<p>Hevia, A, S\u00e1nchez-Salguero, R., Camarero, J.J., Querejeta, J.I., Sang\u00fcesa-Barreda, G., Gazol, A., 2019. Long-term nutrient imbalances linked to drought-triggered forest dieback. <em>Science of the Total Environment<\/em><\/p>\n<p>https:\/\/doi.org\/10.1016\/j.scitotenv.2019.06.515. (<a href=\"https:\/\/www.sciencedirect.com\/science\/article\/pii\/S0048969719330888\">https:\/\/www.sciencedirect.com\/science\/article\/pii\/S0048969719330888<\/a>)<\/p>\n","protected":false},"excerpt":{"rendered":"<p>Un equipo de investigadores liderados por la Universidad Pablo de Olavide (UPO), de Sevilla, el Centro Tecnol\u00f3gico y Forestal de la Madera (CETEMAS) y el Instituto Pirenaico de Ecolog\u00eda IPE-CSIC (Zaragoza), ha llevado a cabo una investigaci\u00f3n que concluye que el estudio de la composici\u00f3n qu\u00edmica anual de los anillos de crecimiento de los \u00e1rboles puede alertar d\u00e9cadas antes de que ocurran los s\u00edntomas de decaimiento forestal, como bajada del crecimiento y p\u00e9rdida de hojas y mortalidad elevada.<\/p>\n","protected":false},"author":2,"featured_media":30857520,"comment_status":"closed","ping_status":"open","sticky":false,"template":"","format":"standard","meta":{"_monsterinsights_skip_tracking":false,"_monsterinsights_sitenote_active":false,"_monsterinsights_sitenote_note":"","_monsterinsights_sitenote_category":0,"footnotes":""},"categories":[3],"tags":[6149,6151,6150,958,6148,6152,4772,4770,3579],"class_list":["post-30857519","post","type-post","status-publish","format-standard","has-post-thumbnail","hentry","category-ciencia","tag-arboles","tag-bosque","tag-cetemas","tag-clima","tag-decaimiento-forestal","tag-dendroquimica","tag-gestion-forestal","tag-ipe-csic","tag-sequia"],"_links":{"self":[{"href":"https:\/\/www.upo.es\/diario\/wp-json\/wp\/v2\/posts\/30857519","targetHints":{"allow":["GET"]}}],"collection":[{"href":"https:\/\/www.upo.es\/diario\/wp-json\/wp\/v2\/posts"}],"about":[{"href":"https:\/\/www.upo.es\/diario\/wp-json\/wp\/v2\/types\/post"}],"author":[{"embeddable":true,"href":"https:\/\/www.upo.es\/diario\/wp-json\/wp\/v2\/users\/2"}],"replies":[{"embeddable":true,"href":"https:\/\/www.upo.es\/diario\/wp-json\/wp\/v2\/comments?post=30857519"}],"version-history":[{"count":2,"href":"https:\/\/www.upo.es\/diario\/wp-json\/wp\/v2\/posts\/30857519\/revisions"}],"predecessor-version":[{"id":30857524,"href":"https:\/\/www.upo.es\/diario\/wp-json\/wp\/v2\/posts\/30857519\/revisions\/30857524"}],"wp:featuredmedia":[{"embeddable":true,"href":"https:\/\/www.upo.es\/diario\/wp-json\/wp\/v2\/media\/30857520"}],"wp:attachment":[{"href":"https:\/\/www.upo.es\/diario\/wp-json\/wp\/v2\/media?parent=30857519"}],"wp:term":[{"taxonomy":"category","embeddable":true,"href":"https:\/\/www.upo.es\/diario\/wp-json\/wp\/v2\/categories?post=30857519"},{"taxonomy":"post_tag","embeddable":true,"href":"https:\/\/www.upo.es\/diario\/wp-json\/wp\/v2\/tags?post=30857519"}],"curies":[{"name":"wp","href":"https:\/\/api.w.org\/{rel}","templated":true}]}}