{"id":30857538,"date":"2019-07-09T13:53:26","date_gmt":"2019-07-09T11:53:26","guid":{"rendered":"https:\/\/www.upo.es\/diario\/?p=30857538"},"modified":"2019-07-09T13:53:48","modified_gmt":"2019-07-09T11:53:48","slug":"la-directora-de-cine-paola-garcia-lamenta-el-escaso-interes-de-la-politica-en-la-cultura-porque-hace-pensar-a-la-gente","status":"publish","type":"post","link":"https:\/\/www.upo.es\/diario\/cursos-verano\/2019\/07\/la-directora-de-cine-paola-garcia-lamenta-el-escaso-interes-de-la-politica-en-la-cultura-porque-hace-pensar-a-la-gente\/","title":{"rendered":"La directora de cine Paola Garc\u00eda lamenta el escaso inter\u00e9s de la pol\u00edtica en la cultura \u00abporque hace pensar a la gente\u00bb"},"content":{"rendered":"<p><a href=\"https:\/\/www.upo.es\/diario\/wp-content\/uploads\/2019\/07\/Paola-Garcia.jpg\"><img loading=\"lazy\" decoding=\"async\" class=\"aligncenter size-large wp-image-30857540\" src=\"https:\/\/www.upo.es\/diario\/wp-content\/uploads\/2019\/07\/Paola-Garcia-750x480.jpg\" alt=\"\" width=\"750\" height=\"480\" srcset=\"https:\/\/www.upo.es\/diario\/wp-content\/uploads\/2019\/07\/Paola-Garcia-750x480.jpg 750w, https:\/\/www.upo.es\/diario\/wp-content\/uploads\/2019\/07\/Paola-Garcia-360x230.jpg 360w, https:\/\/www.upo.es\/diario\/wp-content\/uploads\/2019\/07\/Paola-Garcia-768x491.jpg 768w, https:\/\/www.upo.es\/diario\/wp-content\/uploads\/2019\/07\/Paola-Garcia-600x384.jpg 600w, https:\/\/www.upo.es\/diario\/wp-content\/uploads\/2019\/07\/Paola-Garcia-1320x845.jpg 1320w\" sizes=\"auto, (max-width: 750px) 100vw, 750px\" \/><\/a>La cultura no es un asunto que figure en la agenda pol\u00edtica. Al menos, no de forma prioritaria. Es lo que denuncia la directora de cine <strong>Paola Garc\u00eda Costas<\/strong>, para quien \u201cse trata de no poner la lupa en lo importante, porque la cultura desarrolla la perspectiva cr\u00edtica de los ciudadanos en la medida en que emociona\u201d. Es decir, que la cultura no interesa a la pol\u00edtica \u201cen la medida en que hace pensar a los ciudadanos\u201d. Para la cineasta, el ejemplo m\u00e1s claro est\u00e1 en la programaci\u00f3n de los centros educativos, donde \u201ctodas aquellas asignaturas relacionadas con las humanidades est\u00e1n desapareciendo\u201d, lamenta.<\/p>\n<p>Garc\u00eda Costas realiz\u00f3 estas valoraciones con motivo de su participaci\u00f3n en el <strong>curso \u2018La mujer en el cine andaluz: de los estereotipos al techo de cristal\u2019<\/strong>, que se celebra hasta ma\u00f1ana dentro de los XVII Cursos de Verano que la Universidad Pablo de Olavide celebra en su sede \u2018Rectora Rosario Valpuesta\u2019 de Carmona. El seminario est\u00e1 dirigido por Miguel Olid Suero, doctor en Comunicaci\u00f3n Audiovisual, cr\u00edtico de cine y profesor de Lenguaje Audiovisual en el Centro Universitario San Isidoro, adscrito a la UPO.<\/p>\n<p>A juicio de la directora de largometrajes como \u2018L\u00ednea de meta\u2019 y \u2018Todos los caminos\u2019, en la actualidad \u201chay muchas mujeres creativas y no s\u00f3lo en el mundo del cine, sino tambi\u00e9n de la pintura o la literatura\u201d, y el hecho de que cada vez se rueden m\u00e1s pel\u00edculas al mando de mujeres viene a demostrar que \u201cadem\u00e1s de una propuesta art\u00edstica estamos haciendo viables los proyectos\u201d, asegura. As\u00ed, apostilla que \u201clas mujeres siempre han sido grandes gestoras, aparte de artistas, y est\u00e1n capacitadas para llevar a cabo grandes pel\u00edculas\u201d.<\/p>\n<p>De un tiempo a esta parte se percibe una mayor demanda de historias para todos los p\u00fablicos contadas por mujeres. Para Paola Garc\u00eda, no se trata de una \u201clucha de sexos\u201d, sino de una cuesti\u00f3n de \u201cjusticia social\u201d, porque \u201ctodas las personas, sean hombres o mujeres, tienen derecho a la expresi\u00f3n art\u00edstica. De hecho, desde su experiencia personal como andaluza formada profesionalmente en la Escuela Superior de Cine y Audiovisuales de Catalu\u00f1a, asegura no haber encontrado mayor dificultad \u201cde la que pueda encontrar otra mujer en diferentes \u00e1mbitos de liderazgo, como la direcci\u00f3n de empresas, la banca o la gesti\u00f3n cultural\u201d. Al final, para la cineasta la clave est\u00e1 en \u201ccreer que se puede y que hagamos uso de nuestras habilidades creativas, sociales, psicol\u00f3gicas, directivas\u2026 para poder llevar un equipo a la pel\u00edcula que tienes en tu cabeza\u201d.<\/p>\n<p>Es decir, que la expresi\u00f3n art\u00edstica est\u00e1 por encima de los g\u00e9neros, \u201cporque el arte es la visi\u00f3n \u00fanica de un ser humano\u201d. Sin embargo, la individualidad est\u00e1 \u201ccondicionada por los contextos sociales\u201d. La mirada de cualquier individuo, por encima de que sea hombre o mujer, \u201ces necesaria cuando hay una inquietud art\u00edstica en la que el medio art\u00edstico es la expresi\u00f3n de esa mirada\u201d. No obstante, a\u00f1ade que las mujeres no han tenido acceso durante mucho tiempo ni a la recepci\u00f3n ni a la expresi\u00f3n cultural, por lo que \u201cse hace necesario que haya obras realizadas por ellas para que se entiendan otros espacios comunes de los individuos que formamos parte de esa comunidad de hombres, mujeres y ni\u00f1os. Ojal\u00e1 los ni\u00f1os pudieran hacer pel\u00edculas para que nos digan qu\u00e9 es lo que sienten, qu\u00e9 es lo que piensan\u201d, concluye.<\/p>\n<p>En la actualidad, Paola Garc\u00eda Costas trabaja en varios proyectos, entre los que destaca una serie documental relacionada con las mujeres, un trabajo relacionado con los animales y con la infancia y un tercer proyecto de ficci\u00f3n donde de nuevo est\u00e1n presentes los ni\u00f1os y las ni\u00f1as, como en su segundo largometraje \u2018Todos los caminos\u2019.<\/p>\n<p>&nbsp;<\/p>\n","protected":false},"excerpt":{"rendered":"<p>La cineasta defiende el papel de la mujer en un sector en el que cada vez se ruedan m\u00e1s pel\u00edculas en las que las mujeres demuestran que, adem\u00e1s de propuestas art\u00edsticas, \u201cestamos haciendo viables los proyectos\u201d.<\/p>\n","protected":false},"author":6,"featured_media":30857540,"comment_status":"closed","ping_status":"open","sticky":false,"template":"","format":"standard","meta":{"_monsterinsights_skip_tracking":false,"_monsterinsights_sitenote_active":false,"_monsterinsights_sitenote_note":"","_monsterinsights_sitenote_category":0,"footnotes":""},"categories":[729],"tags":[23,937,5834,22,233,519],"class_list":["post-30857538","post","type-post","status-publish","format-standard","has-post-thumbnail","hentry","category-cursos-verano","tag-carmona","tag-cine","tag-cultura","tag-cursos-de-verano","tag-mujer","tag-olavide-en-carmona"],"_links":{"self":[{"href":"https:\/\/www.upo.es\/diario\/wp-json\/wp\/v2\/posts\/30857538","targetHints":{"allow":["GET"]}}],"collection":[{"href":"https:\/\/www.upo.es\/diario\/wp-json\/wp\/v2\/posts"}],"about":[{"href":"https:\/\/www.upo.es\/diario\/wp-json\/wp\/v2\/types\/post"}],"author":[{"embeddable":true,"href":"https:\/\/www.upo.es\/diario\/wp-json\/wp\/v2\/users\/6"}],"replies":[{"embeddable":true,"href":"https:\/\/www.upo.es\/diario\/wp-json\/wp\/v2\/comments?post=30857538"}],"version-history":[{"count":3,"href":"https:\/\/www.upo.es\/diario\/wp-json\/wp\/v2\/posts\/30857538\/revisions"}],"predecessor-version":[{"id":30857542,"href":"https:\/\/www.upo.es\/diario\/wp-json\/wp\/v2\/posts\/30857538\/revisions\/30857542"}],"wp:featuredmedia":[{"embeddable":true,"href":"https:\/\/www.upo.es\/diario\/wp-json\/wp\/v2\/media\/30857540"}],"wp:attachment":[{"href":"https:\/\/www.upo.es\/diario\/wp-json\/wp\/v2\/media?parent=30857538"}],"wp:term":[{"taxonomy":"category","embeddable":true,"href":"https:\/\/www.upo.es\/diario\/wp-json\/wp\/v2\/categories?post=30857538"},{"taxonomy":"post_tag","embeddable":true,"href":"https:\/\/www.upo.es\/diario\/wp-json\/wp\/v2\/tags?post=30857538"}],"curies":[{"name":"wp","href":"https:\/\/api.w.org\/{rel}","templated":true}]}}