{"id":30857543,"date":"2019-07-10T09:17:32","date_gmt":"2019-07-10T07:17:32","guid":{"rendered":"https:\/\/www.upo.es\/diario\/?p=30857543"},"modified":"2019-07-11T09:15:21","modified_gmt":"2019-07-11T07:15:21","slug":"la-sede-de-la-upo-en-carmona-acoge-hoy-un-nuevo-seminario-sobre-arteterapia-y-educacion","status":"publish","type":"post","link":"https:\/\/www.upo.es\/diario\/cursos-verano\/2019\/07\/la-sede-de-la-upo-en-carmona-acoge-hoy-un-nuevo-seminario-sobre-arteterapia-y-educacion\/","title":{"rendered":"La sede de la UPO en Carmona acoge un nuevo seminario sobre arteterapia y educaci\u00f3n"},"content":{"rendered":"<p><a href=\"https:\/\/www.upo.es\/diario\/wp-content\/uploads\/2019\/06\/Cursos-OlavideenCarmona-2019.png\"><img loading=\"lazy\" decoding=\"async\" class=\"alignright size-full wp-image-30857226\" src=\"https:\/\/www.upo.es\/diario\/wp-content\/uploads\/2019\/06\/Cursos-OlavideenCarmona-2019.png\" alt=\"\" width=\"300\" height=\"397\" srcset=\"https:\/\/www.upo.es\/diario\/wp-content\/uploads\/2019\/06\/Cursos-OlavideenCarmona-2019.png 300w, https:\/\/www.upo.es\/diario\/wp-content\/uploads\/2019\/06\/Cursos-OlavideenCarmona-2019-272x360.png 272w\" sizes=\"auto, (max-width: 300px) 100vw, 300px\" \/><\/a>La directora ejecutiva del M\u00e1ster en Arteterapia y Aplicaciones del Arte para el Di\u00e1logo y la Integraci\u00f3n Social de la Universidad Pablo de Olavide, Mar\u00eda Antonia Hidalgo Rubio, dirige el <strong>curso \u2018Arteterapia y educaci\u00f3n: recursos creativos y terap\u00e9uticos para el cambio social\u2019<\/strong>, que comienza hoy en el Hotel Alc\u00e1zar de la Reina de Carmona dentro de los XVII Cursos de Verano de la UPO en Carmona.<\/p>\n<p>El seminario, de tres d\u00edas de duraci\u00f3n, comenzar\u00e1 a las 11 horas con la conferencia \u201cArteterapia y empowerment\u201d, que impartir\u00e1 Gonzalo Musitu Ochoa, catedr\u00e1tico del Departamento de Educaci\u00f3n y Psicolog\u00eda Social de la UPO. A las 12,30 horas, Mar\u00eda Antonia Hidalgo coordinar\u00e1 el taller te\u00f3rico-pr\u00e1ctico \u201cArteterapia y acci\u00f3n educativa. Recursos para el cambio desde las artes pl\u00e1sticas y visuales\u201d. Mientras que la sesi\u00f3n de tarde estar\u00e1 a cargo del poeta y docente David Eloy Rodr\u00edguez Ramajo, tambi\u00e9n creador del proyecto \u2018La palabra itinerante\u2019, quien a las 16,30 horas impartir\u00e1 el taller \u201cLenguaje en acci\u00f3n: taller de escritura creativa\u201d.<\/p>\n<p>Asimismo, contin\u00faa el <strong>\u2018Curso de capacitaci\u00f3n para instructores de ajedrez\u2019<\/strong>, que dirige el doctor Eugenio M. Fedriani Martel, vicerrector de Planificaci\u00f3n Docente y profesor del Departamento de Econom\u00eda, M\u00e9todos Cuantitativos e Historia Econ\u00f3mica de la Universidad Pablo de Olavide en la sede \u2018Rectora Rosario Valpuesta\u2019 de Carmona.<\/p>\n<p>Daniel Escobar Dom\u00ednguez, director escolar de la Federaci\u00f3n Espa\u00f1ola de Ajedrez, ser\u00e1 la persona encargada de impartir la formaci\u00f3n a lo largo del d\u00eda a los alumnos asistentes. A las 9,30 horas empezar\u00e1 la jornada con la conferencia \u201cOrientaciones metodol\u00f3gicas. Estructura federativa y competiciones\u201d, mientras que a las 11,45 horas se celebrar\u00e1 el taller pr\u00e1ctico \u201cPartes del juego: estrategia, aperturas y finales. Estructura de una partida\u201d. Ya por la tarde, a las 16.00 horas Escobar hablar\u00e1 sobre \u201cReglamento b\u00e1sico\u201d y a las 18.15 horas impartir\u00e1 el taller pr\u00e1ctico titulado \u201cValoraciones finales\u201d, para finalizar este seminario.<\/p>\n<p>Por otro lado, hoy mi\u00e9rcoles contin\u00faa desarroll\u00e1ndose el <strong>curso \u2018La mujer en el cine andaluz: de los estereotipos al techo de cristal\u2019<\/strong>, bajo la direcci\u00f3n de Miguel Olid Suero, doctor en Comunicaci\u00f3n Audiovisual, cr\u00edtico de cine y profesor de Lenguaje Audiovisual en el Centro Universitario San Isidoro, adscrito a la UPO. El programa comenzar\u00e1 a las 10.00 horas con la conferencia \u201cPerspectivas de futuro para el papel de la mujer en el cine andaluz que viene\u201d, que impartir\u00e1 Ana Rosa Diego, presidenta de la Asociaci\u00f3n Andaluza de Mujeres de los Medios Audiovisuales.<\/p>\n<p>A las 12.00 horas, se celebrar\u00e1 la mesa redonda \u201cEl techo de cristal de la mujer en el cine andaluz\u201d, en la que participar\u00e1n la cr\u00edtica de cine Cristina Abad y la directora de cine Laura Alvea. Dicha mesa ser\u00e1 moderada por Ana Rosa Diego.<\/p>\n<p>Por \u00faltimo, hoy contin\u00faa el <strong>curso \u2018Neuroeducaci\u00f3n, mindfulness y conflicto en el aula. Una aproximaci\u00f3n desde el enfoque sist\u00e9mico\u2019<\/strong>, que en el presente verano alcanza ya su tercera edici\u00f3n bajo la direcci\u00f3n de Almudena Serra Gonz\u00e1lez, socia fundadora y presidenta de Rumbos, Recursos Educativos Especializados, presidenta de la Asociaci\u00f3n Espa\u00f1ola de Educaci\u00f3n Emocional (Asedem) y directora del m\u00e1ster de Educaci\u00f3n Emocional e Inteligencias M\u00faltiples de la UPO y Samuel Chaves D\u00edaz, director de Rumbos y docente de dicho m\u00e1ster.<\/p>\n<p>El seminario, que se prolongar\u00e1 hasta el viernes, arranca a las 10.00 horas con la conferencia \u201cNeurociencia, Neuroeducaci\u00f3n y conflicto en el contexto educativo (2\u00aa parte)\u201d, que pronunciar\u00e1 Rafael Nieto Rivera, psic\u00f3logo especialista en Neuroeducaci\u00f3n, terapeuta familiar, supervisor docente acreditado y psicoterapeuta acreditado por la Federaci\u00f3n Espa\u00f1ola de Asociaciones de Psicoterapia (FEAP). A las 12.30 horas, Nieto hablar\u00e1 de \u201cEstr\u00e9s en el ciclo vital de la familia. Trauma y resiliencia en la vida escolar\u201d, para dar paso en horario de tarde al taller \u201cAplicaci\u00f3n pr\u00e1ctica del mindfulness y compasi\u00f3n en contextos educativos\u201d (16.00 horas), que impartir\u00e1 Paula Borrego D\u00edaz, docente especialista en mindfulness infantil y juvenil y miembro de la Asociaci\u00f3n Espa\u00f1ola de Educaci\u00f3n Emocional (Asedem).<\/p>\n<p>Para finalizar la jornada de tarde, a las 18 horas se celebrar\u00e1 la mesa redonda \u201cExperiencias pr\u00e1cticas en la convivencia escolar\u201d, en la que participar\u00e1n Cosette Franco, pedagoga, antrop\u00f3loga y creadora del M\u00e9todo Mentoris; la profesora de Secundaria Cristina L\u00f3pez Trigueros y el psicopedagogo Juan Romero Gamero.<\/p>\n","protected":false},"excerpt":{"rendered":"<p>La directora ejecutiva del M\u00e1ster en Arteterapia y Aplicaciones del Arte para el Di\u00e1logo y la Integraci\u00f3n Social de la Universidad Pablo de Olavide, Mar\u00eda Antonia Hidalgo Rubio, dirige el curso \u2018Arteterapia y educaci\u00f3n: recursos creativos y terap\u00e9uticos para el cambio social\u2019, que comienza hoy en el Hotel Alc\u00e1zar de la Reina de Carmona dentro de los XVII Cursos de<a class=\"read-more\" href=\"https:\/\/www.upo.es\/diario\/cursos-verano\/2019\/07\/la-sede-de-la-upo-en-carmona-acoge-hoy-un-nuevo-seminario-sobre-arteterapia-y-educacion\/\">[Read More&#8230;]<\/a><\/p>\n","protected":false},"author":6,"featured_media":30857226,"comment_status":"closed","ping_status":"open","sticky":false,"template":"","format":"standard","meta":{"_monsterinsights_skip_tracking":false,"_monsterinsights_sitenote_active":false,"_monsterinsights_sitenote_note":"","_monsterinsights_sitenote_category":0,"footnotes":""},"categories":[729],"tags":[1914,23,937,22,465,233,519],"class_list":["post-30857543","post","type-post","status-publish","format-standard","has-post-thumbnail","hentry","category-cursos-verano","tag-ajedrez","tag-carmona","tag-cine","tag-cursos-de-verano","tag-educacion","tag-mujer","tag-olavide-en-carmona"],"_links":{"self":[{"href":"https:\/\/www.upo.es\/diario\/wp-json\/wp\/v2\/posts\/30857543","targetHints":{"allow":["GET"]}}],"collection":[{"href":"https:\/\/www.upo.es\/diario\/wp-json\/wp\/v2\/posts"}],"about":[{"href":"https:\/\/www.upo.es\/diario\/wp-json\/wp\/v2\/types\/post"}],"author":[{"embeddable":true,"href":"https:\/\/www.upo.es\/diario\/wp-json\/wp\/v2\/users\/6"}],"replies":[{"embeddable":true,"href":"https:\/\/www.upo.es\/diario\/wp-json\/wp\/v2\/comments?post=30857543"}],"version-history":[{"count":2,"href":"https:\/\/www.upo.es\/diario\/wp-json\/wp\/v2\/posts\/30857543\/revisions"}],"predecessor-version":[{"id":30857556,"href":"https:\/\/www.upo.es\/diario\/wp-json\/wp\/v2\/posts\/30857543\/revisions\/30857556"}],"wp:featuredmedia":[{"embeddable":true,"href":"https:\/\/www.upo.es\/diario\/wp-json\/wp\/v2\/media\/30857226"}],"wp:attachment":[{"href":"https:\/\/www.upo.es\/diario\/wp-json\/wp\/v2\/media?parent=30857543"}],"wp:term":[{"taxonomy":"category","embeddable":true,"href":"https:\/\/www.upo.es\/diario\/wp-json\/wp\/v2\/categories?post=30857543"},{"taxonomy":"post_tag","embeddable":true,"href":"https:\/\/www.upo.es\/diario\/wp-json\/wp\/v2\/tags?post=30857543"}],"curies":[{"name":"wp","href":"https:\/\/api.w.org\/{rel}","templated":true}]}}