{"id":30857566,"date":"2019-07-11T13:24:02","date_gmt":"2019-07-11T11:24:02","guid":{"rendered":"https:\/\/www.upo.es\/diario\/?p=30857566"},"modified":"2019-07-11T13:24:27","modified_gmt":"2019-07-11T11:24:27","slug":"el-poeta-david-eloy-defiende-las-terapias-con-disciplinas-artisticas-en-los-servicios-publicos-de-salud","status":"publish","type":"post","link":"https:\/\/www.upo.es\/diario\/cursos-verano\/2019\/07\/el-poeta-david-eloy-defiende-las-terapias-con-disciplinas-artisticas-en-los-servicios-publicos-de-salud\/","title":{"rendered":"El poeta David Eloy defiende las terapias con disciplinas art\u00edsticas en los servicios p\u00fablicos de salud"},"content":{"rendered":"<p><a href=\"https:\/\/www.upo.es\/diario\/wp-content\/uploads\/2019\/07\/David-Eloy.jpg\"><img loading=\"lazy\" decoding=\"async\" class=\"aligncenter size-large wp-image-30857567\" src=\"https:\/\/www.upo.es\/diario\/wp-content\/uploads\/2019\/07\/David-Eloy-750x466.jpg\" alt=\"\" width=\"750\" height=\"466\" srcset=\"https:\/\/www.upo.es\/diario\/wp-content\/uploads\/2019\/07\/David-Eloy-750x466.jpg 750w, https:\/\/www.upo.es\/diario\/wp-content\/uploads\/2019\/07\/David-Eloy-360x224.jpg 360w, https:\/\/www.upo.es\/diario\/wp-content\/uploads\/2019\/07\/David-Eloy-768x477.jpg 768w, https:\/\/www.upo.es\/diario\/wp-content\/uploads\/2019\/07\/David-Eloy-600x373.jpg 600w, https:\/\/www.upo.es\/diario\/wp-content\/uploads\/2019\/07\/David-Eloy-1320x820.jpg 1320w\" sizes=\"auto, (max-width: 750px) 100vw, 750px\" \/><\/a>Hay una \u201cconciencia creciente\u201d en Espa\u00f1a sobre la utilidad del trabajo con la escritura creativa, tanto en el \u00e1mbito privado como en el de la salud p\u00fablica. Sin embargo, en muchos pa\u00edses \u201cse est\u00e1n haciendo muchas cosas y muy bien, mientras que aqu\u00ed vamos con retraso, pero nunca es tarde si se va bien encaminado\u201d. As\u00ed reflexiona el <strong>poeta y docente David Eloy Rodr\u00edguez<\/strong>, quien pone como ejemplo a Gran Breta\u00f1a, \u201cdonde las terapias con disciplinas art\u00edsticas forman parte con gran \u00e9xito de los servicios y prestaciones p\u00fablicas de salud\u201d, explica.<\/p>\n<p>Rodr\u00edguez ha hecho estas declaraciones con motivo de su participaci\u00f3n en el<strong> curso de verano \u2018Arteterapia y educaci\u00f3n: recursos creativos y terap\u00e9uticos para el cambio social\u2019<\/strong>, que se desarrolla hasta este viernes bajo la direcci\u00f3n de la profesora Mar\u00eda Antonia Hidalgo Rubio, directora ejecutiva del m\u00e1ster en Arteterapia y Aplicaciones del Arte para el Di\u00e1logo y la Integraci\u00f3n Social de la UPO, investigadora en Ciencias Sociales en el Departamento de Educaci\u00f3n y Psicolog\u00eda Social de la misma universidad, arteterapeuta y gestora cultural.<\/p>\n<p>El poeta, creador del proyecto \u2018La Palabra Itinerante\u2019, explica que en las recientes Jornadas de Poes\u00eda y Salud organizadas por la Universidad de Sevilla \u201ctuvimos la oportunidad de contar y de escuchar varios ejemplos de intervenci\u00f3n de la poes\u00eda en el marco de la salud con magn\u00edficas evaluaciones\u201d, ya que distintas experiencias coincid\u00edan en se\u00f1alar los \u201cefectos beneficiosos sobre las personas que participaron\u201d. De hecho, junto a los poetas Jos\u00e9 Mar\u00eda G\u00f3mez Valero y Alicia Mart\u00ednez, colabora en proyectos cient\u00edficos \u201cpara cuantificar y se\u00f1alar la importancia de estas evidencias\u201d, a\u00f1ade.<\/p>\n<p>David Eloy Rodr\u00edguez, quien imparti\u00f3 un taller de escritura creativa bajo el t\u00edtulo \u2018Lenguaje en acci\u00f3n\u2019 dentro de los XVII Cursos de Verano de la UPO en Carmona, afirma que la <strong>escritura creativa<\/strong> es un \u201csensacional veh\u00edculo para transmitir puntos de vista, incertidumbres, asombros, recuerdos, sensaciones\u2026 tanto desde el punto de vista de lector como de creador\u201d, y se\u00f1ala que su tarea como docente es \u201caportar herramientas y recursos para ayudar a crear, comunicar y compartir mejor pensamientos, sentimientos y deseos\u201d. Adem\u00e1s, \u201cno son necesarios conocimientos previos espec\u00edficos para disfrutar del viaje que se propone\u201d, apunta.<\/p>\n<p>El tambi\u00e9n profesor del <strong>M\u00e1ster en Arteterapia y Aplicaciones del Arte para el Di\u00e1logo y la Integraci\u00f3n Social<\/strong> de la UPO dice que \u201clas palabras dicen, pero tambi\u00e9n hacen\u201d, ya que \u201cayudan a entender la impostura de la realidad, su car\u00e1cter de construcci\u00f3n ling\u00fc\u00edstica y cultural\u201d. Y cita a Heidegger al entender la palabra como \u201cla morada del ser\u201d y al poeta Federico Garc\u00eda Lorca, quien dijo que \u201clas palabras son las alas\u201d. Sobre su labor pedag\u00f3gica con distintos colectivos sociales de m\u00e1s de dos d\u00e9cadas de trayectoria en diversos pa\u00edses, asegura que \u201cla palabra po\u00e9tica, la palabra que trasciende, ayudaba, revelaba, conmov\u00eda, transformaba, hac\u00eda crecer\u201d.<\/p>\n<p>Al ser preguntado sobre la importancia del di\u00e1logo interior, el poeta y docente asevera que \u201cla poes\u00eda nos permite atrevernos a saber lo que no sab\u00edamos, nos ayuda a decir lo m\u00e1s necesario: lo que no sabemos decir, lo que menos se dice, lo que merece la pena, y hacerlo de la forma m\u00e1s precisa posible\u201d, al tiempo que recuerda que el di\u00e1logo interior es tambi\u00e9n \u201cun di\u00e1logo con la sociedad y la cultura, con nuestro tiempo, contexto y circunstancias, con el afuera que nos toca\u201d. Y en un mundo de prisas y desorden emocional, \u201cla escritura es un espacio y un tiempo aparte, un lugar donde situarnos, observar y contar\u201d, concluye.<\/p>\n","protected":false},"excerpt":{"rendered":"<p>Hay una \u201cconciencia creciente\u201d en Espa\u00f1a sobre la utilidad del trabajo con la escritura creativa, tanto en el \u00e1mbito privado como en el de la salud p\u00fablica. Sin embargo, en muchos pa\u00edses \u201cse est\u00e1n haciendo muchas cosas y muy bien, mientras que aqu\u00ed vamos con retraso, pero nunca es tarde si se va bien encaminado\u201d. As\u00ed reflexiona el poeta y docente David Eloy Rodr\u00edguez, quien pone como ejemplo a Gran Breta\u00f1a, \u201cdonde las terapias con disciplinas art\u00edsticas forman parte con gran \u00e9xito de los servicios y prestaciones p\u00fablicas de salud\u201d, explica.<\/p>\n","protected":false},"author":6,"featured_media":30857567,"comment_status":"closed","ping_status":"open","sticky":false,"template":"","format":"standard","meta":{"_monsterinsights_skip_tracking":false,"_monsterinsights_sitenote_active":false,"_monsterinsights_sitenote_note":"","_monsterinsights_sitenote_category":0,"footnotes":""},"categories":[729],"tags":[265,1713,23,1627,519,771,4015],"class_list":["post-30857566","post","type-post","status-publish","format-standard","has-post-thumbnail","hentry","category-cursos-verano","tag-arte","tag-arteterapia","tag-carmona","tag-curso-de-verano","tag-olavide-en-carmona","tag-terapia","tag-tratamiento"],"_links":{"self":[{"href":"https:\/\/www.upo.es\/diario\/wp-json\/wp\/v2\/posts\/30857566","targetHints":{"allow":["GET"]}}],"collection":[{"href":"https:\/\/www.upo.es\/diario\/wp-json\/wp\/v2\/posts"}],"about":[{"href":"https:\/\/www.upo.es\/diario\/wp-json\/wp\/v2\/types\/post"}],"author":[{"embeddable":true,"href":"https:\/\/www.upo.es\/diario\/wp-json\/wp\/v2\/users\/6"}],"replies":[{"embeddable":true,"href":"https:\/\/www.upo.es\/diario\/wp-json\/wp\/v2\/comments?post=30857566"}],"version-history":[{"count":1,"href":"https:\/\/www.upo.es\/diario\/wp-json\/wp\/v2\/posts\/30857566\/revisions"}],"predecessor-version":[{"id":30857568,"href":"https:\/\/www.upo.es\/diario\/wp-json\/wp\/v2\/posts\/30857566\/revisions\/30857568"}],"wp:featuredmedia":[{"embeddable":true,"href":"https:\/\/www.upo.es\/diario\/wp-json\/wp\/v2\/media\/30857567"}],"wp:attachment":[{"href":"https:\/\/www.upo.es\/diario\/wp-json\/wp\/v2\/media?parent=30857566"}],"wp:term":[{"taxonomy":"category","embeddable":true,"href":"https:\/\/www.upo.es\/diario\/wp-json\/wp\/v2\/categories?post=30857566"},{"taxonomy":"post_tag","embeddable":true,"href":"https:\/\/www.upo.es\/diario\/wp-json\/wp\/v2\/tags?post=30857566"}],"curies":[{"name":"wp","href":"https:\/\/api.w.org\/{rel}","templated":true}]}}