{"id":30857600,"date":"2019-07-15T12:09:26","date_gmt":"2019-07-15T10:09:26","guid":{"rendered":"https:\/\/www.upo.es\/diario\/?p=30857600"},"modified":"2019-07-16T09:58:10","modified_gmt":"2019-07-16T07:58:10","slug":"un-estudio-analiza-el-proceso-de-seleccion-de-objetivos-de-un-ataque-terrorista-en-las-celulas-independientes","status":"publish","type":"post","link":"https:\/\/www.upo.es\/diario\/ciencia\/2019\/07\/un-estudio-analiza-el-proceso-de-seleccion-de-objetivos-de-un-ataque-terrorista-en-las-celulas-independientes\/","title":{"rendered":"Un estudio analiza el proceso de selecci\u00f3n de objetivos de un ataque terrorista en las c\u00e9lulas independientes"},"content":{"rendered":"<p><a href=\"https:\/\/www.upo.es\/diario\/wp-content\/uploads\/2019\/07\/crosshair-97971_1280.jpg\"><img loading=\"lazy\" decoding=\"async\" class=\"alignright size-medium wp-image-30857601\" src=\"https:\/\/www.upo.es\/diario\/wp-content\/uploads\/2019\/07\/crosshair-97971_1280-360x255.jpg\" alt=\"\" width=\"360\" height=\"255\" srcset=\"https:\/\/www.upo.es\/diario\/wp-content\/uploads\/2019\/07\/crosshair-97971_1280-360x255.jpg 360w, https:\/\/www.upo.es\/diario\/wp-content\/uploads\/2019\/07\/crosshair-97971_1280-768x543.jpg 768w, https:\/\/www.upo.es\/diario\/wp-content\/uploads\/2019\/07\/crosshair-97971_1280-750x530.jpg 750w, https:\/\/www.upo.es\/diario\/wp-content\/uploads\/2019\/07\/crosshair-97971_1280-600x424.jpg 600w, https:\/\/www.upo.es\/diario\/wp-content\/uploads\/2019\/07\/crosshair-97971_1280.jpg 1280w\" sizes=\"auto, (max-width: 360px) 100vw, 360px\" \/><\/a>Con el objetivo de mejorar la comprensi\u00f3n del <strong>proceso de selecci\u00f3n de objetivos de un ataque terrorista en las llamadas c\u00e9lulas independientes<\/strong>, el profesor del Departamento de Derecho P\u00fablico de la Universidad Pablo de Olavide <strong>Manuel Ricardo Torres Soriano<\/strong> ha realizado un estudio, recientemente publicado en la revista &#8216;Terrorism and Political Violence&#8217;, que aporta una reveladora perspectiva sobre qu\u00e9 sucede cuando no existe liderazgo efectivo.<\/p>\n<p>El art\u00edculo <strong>\u2018\u00bfC\u00f3mo se eligen los objetivos de un ataque terrorista?: la visi\u00f3n desde el interior de una c\u00e9lula independiente\u2019 <\/strong>utiliza como estudio de caso la informaci\u00f3n proveniente de un grupo de inspiraci\u00f3n yihadista desarticulado por los Mossos d&#8217;Esquadra en la provincia de Barcelona en abril de 2015 en la llamada \u2018Operaci\u00f3n Caronte\u2019. Entre las principales conclusiones del estudio destaca que, a partir del an\u00e1lisis de las conversaciones entre los integrantes de esta c\u00e9lula terrorista, obtenidas gracias a la infiltraci\u00f3n de un agente de polic\u00eda encubierto, se mantiene la tesis de que en la \u2018lluvia de ideas\u2019 terrorista operaron <strong>cuatro condicionantes principales<\/strong>: <strong>organizacionales, contextuales, log\u00edsticos y geogr\u00e1ficos<\/strong>.<\/p>\n<p>La \u2018Operaci\u00f3n Caronte\u2019 abort\u00f3 lo que se considera ha sido el complot yihadista que se encontraba en una fase m\u00e1s avanzada de maduraci\u00f3n dentro de territorio espa\u00f1ol en el periodo comprendido entre los atentados contra los trenes en Madrid el 11 de marzo de 2004 y los atentados de Barcelona y Cambrils en agosto de 2017. La sentencia que conden\u00f3 a este grupo les atribuy\u00f3 la <strong>voluntad inminente de llevar a cabo una acci\u00f3n violenta<\/strong>, para lo cual hab\u00edan barajado varias posibilidades que iban desde el ataque con armas y explosivos contra lugares emblem\u00e1ticos de Barcelona, hasta el secuestro y posterior asesinato de un reh\u00e9n para elaborar un v\u00eddeo propagand\u00edstico.<\/p>\n<p>Por otro lado, la <strong>infiltraci\u00f3n dentro del grupo de un agente de polic\u00eda acogi\u00e9ndose a la categor\u00eda de \u2018agente encubierto\u2019<\/strong> es un hecho in\u00e9dito en las investigaciones sobre terrorismo yihadista en Espa\u00f1a. Gracias a esta acci\u00f3n, existe un detallado conocimiento sobre los planes y objetivos de este grupo, pues el agente se encarg\u00f3 de obtener registros sonoros de las reuniones y conversaciones entre sus integrantes. As\u00ed, consigui\u00f3 adentrarse en el n\u00facleo de confianza de esta c\u00e9lula yihadista, lo que aport\u00f3 un conocimiento \u00edntimo sobre los procesos de deliberaci\u00f3n dentro de este grupo, el cual hubiese sido muy complicado obtener a trav\u00e9s de otros m\u00e9todos de investigaci\u00f3n policial.<\/p>\n<p>El trabajo elaborado por el profesor de la UPO enfatiza la <strong>importancia de la configuraci\u00f3n organizacional del terrorismo para explicar c\u00f3mo se materializa su violencia<\/strong>. En concreto, se pretende mejorar la comprensi\u00f3n del proceso de selecci\u00f3n de objetivos en las llamadas <strong>c\u00e9lulas independientes<\/strong>, entendiendo por ellas a grupos de individuos que no se encuentran vinculados de manera efectiva con organizaci\u00f3n superior. Como explica Torres Soriano, \u201cen este tipo de grupos, a diferencia de lo que sucede en las organizaciones jerarquizadas, <strong>el proceso de fijaci\u00f3n de objetivos es mucho m\u00e1s impredecible<\/strong>. Las c\u00e9lulas independientes interpretan las orientaciones que el liderazgo de las organizaciones terroristas difunde de manera p\u00fablica a trav\u00e9s de su propaganda\u201d. Adem\u00e1s, a\u00f1ade el investigador, la forma en la que estas orientaciones se traducen en acciones concretas no siempre es lineal, y se encuentra muy <strong>condiciona por las particularidades de cada una de estas c\u00e9lulas independientes<\/strong>\u201d.<\/p>\n<p><strong>Manuel Ricardo Torres Soriano<\/strong> es profesor titular de Ciencia Pol\u00edtica en la Universidad Pablo de Olavide de Sevilla, donde dirige el diploma de especializaci\u00f3n en \u2018An\u00e1lisis del Terrorismo Yihadista, Insurgencias y Movimientos Radicales\u2019. Desde el pasado a\u00f1o es miembro del Consejo Asesor sobre Terrorismo y Propaganda del Centro Europeo de Lucha contra el Terrorismo (ECTC) perteneciente a EUROPOL.<\/p>\n<p>&nbsp;<\/p>\n<p>&nbsp;<\/p>\n<p><strong>Manuel Ricardo Torres-Soriano<\/strong> (2019): \u2018How Do Terrorists Choose Their<\/p>\n<p>Targets for an Attack? The View from inside an Independent Cell\u2019, <em>Terrorism and Political Violence<\/em>, DOI: 10.1080\/09546553.2019.1613983<\/p>\n<p>Acceso al art\u00edculo a trav\u00e9s de la revista (requiere subscripci\u00f3n): <a href=\"https:\/\/www.tandfonline.com\/doi\/abs\/10.1080\/09546553.2019.1613983?journalCode=ftpv20\">https:\/\/www.tandfonline.com\/doi\/abs\/10.1080\/09546553.2019.1613983?journalCode=ftpv20<\/a><\/p>\n","protected":false},"excerpt":{"rendered":"<p>Con el objetivo de mejorar la comprensi\u00f3n del proceso de selecci\u00f3n de objetivos de un ataque terrorista en las llamadas c\u00e9lulas independientes, el profesor del Departamento de Derecho P\u00fablico de la Universidad Pablo de Olavide Manuel Ricardo Torres Soriano ha realizado un estudio, recientemente publicado en la revista &#8216;Terrorism and Political Violence&#8217;, que aporta una reveladora perspectiva sobre qu\u00e9 sucede<a class=\"read-more\" href=\"https:\/\/www.upo.es\/diario\/ciencia\/2019\/07\/un-estudio-analiza-el-proceso-de-seleccion-de-objetivos-de-un-ataque-terrorista-en-las-celulas-independientes\/\">[Read More&#8230;]<\/a><\/p>\n","protected":false},"author":2,"featured_media":30857601,"comment_status":"closed","ping_status":"open","sticky":false,"template":"","format":"standard","meta":{"_monsterinsights_skip_tracking":false,"_monsterinsights_sitenote_active":false,"_monsterinsights_sitenote_note":"","_monsterinsights_sitenote_category":0,"footnotes":""},"categories":[3],"tags":[6161,2339,6160,6159,4338,483,146,482,2496],"class_list":["post-30857600","post","type-post","status-publish","format-standard","has-post-thumbnail","hentry","category-ciencia","tag-ataque","tag-manuel-r-torres-soriano","tag-objetivo","tag-operacion-caronte","tag-organizacion","tag-seguridad","tag-sociedad","tag-terrorismo","tag-yihadismo"],"_links":{"self":[{"href":"https:\/\/www.upo.es\/diario\/wp-json\/wp\/v2\/posts\/30857600","targetHints":{"allow":["GET"]}}],"collection":[{"href":"https:\/\/www.upo.es\/diario\/wp-json\/wp\/v2\/posts"}],"about":[{"href":"https:\/\/www.upo.es\/diario\/wp-json\/wp\/v2\/types\/post"}],"author":[{"embeddable":true,"href":"https:\/\/www.upo.es\/diario\/wp-json\/wp\/v2\/users\/2"}],"replies":[{"embeddable":true,"href":"https:\/\/www.upo.es\/diario\/wp-json\/wp\/v2\/comments?post=30857600"}],"version-history":[{"count":1,"href":"https:\/\/www.upo.es\/diario\/wp-json\/wp\/v2\/posts\/30857600\/revisions"}],"predecessor-version":[{"id":30857602,"href":"https:\/\/www.upo.es\/diario\/wp-json\/wp\/v2\/posts\/30857600\/revisions\/30857602"}],"wp:featuredmedia":[{"embeddable":true,"href":"https:\/\/www.upo.es\/diario\/wp-json\/wp\/v2\/media\/30857601"}],"wp:attachment":[{"href":"https:\/\/www.upo.es\/diario\/wp-json\/wp\/v2\/media?parent=30857600"}],"wp:term":[{"taxonomy":"category","embeddable":true,"href":"https:\/\/www.upo.es\/diario\/wp-json\/wp\/v2\/categories?post=30857600"},{"taxonomy":"post_tag","embeddable":true,"href":"https:\/\/www.upo.es\/diario\/wp-json\/wp\/v2\/tags?post=30857600"}],"curies":[{"name":"wp","href":"https:\/\/api.w.org\/{rel}","templated":true}]}}