{"id":30857699,"date":"2019-09-02T11:51:52","date_gmt":"2019-09-02T09:51:52","guid":{"rendered":"https:\/\/www.upo.es\/diario\/?p=30857699"},"modified":"2019-09-20T10:45:10","modified_gmt":"2019-09-20T08:45:10","slug":"la-universidad-pablo-de-olavide-sacara-la-ciencia-a-la-calle-en-la-noche-europea-de-ls-investigadors","status":"publish","type":"post","link":"https:\/\/www.upo.es\/diario\/docencia-formacion\/2019\/09\/la-universidad-pablo-de-olavide-sacara-la-ciencia-a-la-calle-en-la-noche-europea-de-ls-investigadors\/","title":{"rendered":"La Universidad Pablo de Olavide sacar\u00e1 la ciencia a la calle en La Noche Europea de l@s Investigador@s"},"content":{"rendered":"<figure id=\"attachment_30857700\" aria-describedby=\"caption-attachment-30857700\" style=\"width: 360px\" class=\"wp-caption alignright\"><a href=\"https:\/\/www.upo.es\/diario\/wp-content\/uploads\/2019\/07\/noche_upo_2018.jpg\"><img loading=\"lazy\" decoding=\"async\" class=\"size-medium wp-image-30857700\" src=\"https:\/\/www.upo.es\/diario\/wp-content\/uploads\/2019\/07\/noche_upo_2018-360x270.jpg\" alt=\"\" width=\"360\" height=\"270\" srcset=\"https:\/\/www.upo.es\/diario\/wp-content\/uploads\/2019\/07\/noche_upo_2018-360x270.jpg 360w, https:\/\/www.upo.es\/diario\/wp-content\/uploads\/2019\/07\/noche_upo_2018-768x576.jpg 768w, https:\/\/www.upo.es\/diario\/wp-content\/uploads\/2019\/07\/noche_upo_2018-750x563.jpg 750w, https:\/\/www.upo.es\/diario\/wp-content\/uploads\/2019\/07\/noche_upo_2018-600x450.jpg 600w, https:\/\/www.upo.es\/diario\/wp-content\/uploads\/2019\/07\/noche_upo_2018-1320x990.jpg 1320w, https:\/\/www.upo.es\/diario\/wp-content\/uploads\/2019\/07\/noche_upo_2018.jpg 2048w\" sizes=\"auto, (max-width: 360px) 100vw, 360px\" \/><\/a><figcaption id=\"caption-attachment-30857700\" class=\"wp-caption-text\">Imagen de la pasada edici\u00f3n.<\/figcaption><\/figure>\n<p>La <strong>Oficina de Transferencia de Resultados de Investigaci\u00f3n<\/strong> (OTRI) de la Universidad Pablo de Olavide coordina las actividades con las que la entidad participa un a\u00f1o m\u00e1s en <strong>La Noche Europea de l@s Investigador@s,<\/strong> una de las veladas m\u00e1s internacionales de la ciencia que se llevar\u00e1 a cabo el viernes 27 de septiembre. El evento, bajo el eslogan \u201cMujeres y hombres que hacen ciencia para ti\u201d, saca a la calle de forma simult\u00e1nea a miles de profesionales de la investigaci\u00f3n en todo el continente. En el caso de Andaluc\u00eda, cuenta con la coordinaci\u00f3n de la Fundaci\u00f3n Descubre.<\/p>\n<p>En Sevilla, el evento se desarrollar\u00e1 a partir de las 18:00 horas en cuatro espacios del centro de la ciudad: la Plaza Nueva, la Sede Olavide Sevilla \u2013 Centro (C\/ Lara\u00f1a), y el Centro de Iniciativas Culturales de la Universidad de Sevilla, CICUS (C\/ Madre de Dios) y el Museo Bellas Artes de Sevilla. En todos los emplazamientos se ofrecer\u00e1 una programaci\u00f3n conjunta dise\u00f1ada por la Universidad Pablo de Olavide (UPO), la Universidad de Sevilla (US) y el Consejo Superior de Investigaciones Cient\u00edficas (CSIC), con la colaboraci\u00f3n del Centro Com\u00fan de Investigaci\u00f3n (JRC) de la Comisi\u00f3n Europea, el Ayuntamiento de Sevilla, el Sistema Sanitario P\u00fablico de Andaluc\u00eda y la Asociaci\u00f3n Marco Luna.<\/p>\n<p>Las actividades que ha organizado la Universidad Pablo de Olavide para este evento europeo <u>en la Plaza Nueva<\/u> incluyen el <strong>\u2018Corner informativo\u2019<\/strong> como punto de documentaci\u00f3n sobre proyectos internacionales y movilidad donde estar\u00e1 presente personal t\u00e9cnico de la OTRI, del Centro de Documentaci\u00f3n Europea (CDE) y de Europe Direct Sevilla de la Universidad de Sevilla.<\/p>\n<p>Por otra parte, <u>en el Espacio Celestino Mutis del \u2018Corner Europeo\u2019<\/u> tendr\u00e1 lugar a las 18:00 horas <strong>\u2018Los Oc\u00e9anos habitados. Historia de las islas Atl\u00e1nticas\u2019<\/strong>. A cargo de Juan Marchena Fern\u00e1ndez, Nayibe Guti\u00e9rrez Montoya, Justo Cu\u00f1o Bonito y Jos\u00e9 Mar\u00eda Miura Andrades, de las \u00e1reas de Historia de Am\u00e9rica e Historia Medieval. Despu\u00e9s, a las 20:00 horas, tendr\u00e1 lugar <strong>\u2018<\/strong><strong>Violencia y paz multicultural. Origen y resoluci\u00f3n de conflictos entre culturas\u2019<\/strong>, a cargo de Jos\u00e9 Miguel Escribano P\u00e1ez, investigador Marie Curie del \u00c1rea de Historia Moderna.<\/p>\n<p><u>En el Espacio Santiago Ram\u00f3n y Cajal<\/u>, a las 20:00 horas, Antonio Jos\u00e9 Vela S\u00e1nchez, del \u00c1rea de Derecho Civil, hablar\u00e1 sobre <strong>\u2018La maternidad subrogada en Espa\u00f1a\u2019<\/strong>, y a las 21:00 horas, Rafael Rodr\u00edguez Prieto, Virginia Guti\u00e9rrez, Arturo Fern\u00e1ndez Le Gal, Eduardo Molina Campano, del \u00c1rea de Filosof\u00eda del Derecho y Pol\u00edtica, abordar\u00e1n <strong>\u2018Activismo y revoluci\u00f3n: Rosa Luxemburgo, esp\u00edritu revolucionario\u2019<\/strong>.<\/p>\n<p><u>En el Espacio Marie Curie<\/u>, a las 18:00 horas, se celebrar\u00e1 el taller <strong>\u2018El mundo secreto de las plantas: Descubriendo la biodiversidad vegetal que nos rodea\u2019<\/strong>, coordinado por Santiago Mart\u00edn Bravo, del \u00c1rea de Bot\u00e1nica. A las 20:00 horas tendr\u00e1 lugar el taller <strong>\u2018Ciencia a bordo: biodiversidad, estrellas y vientos de la expedici\u00f3n de Magallanes y Elcano\u2019<\/strong>, coordinada por la Asociaci\u00f3n Caminos y Ciencia, y a las 22:00 horas el taller <strong>\u2018Viaje al interior de las levaduras. Minic\u00e9lulas humanas\u2019<\/strong>, que ser\u00e1 impartido por Silvia Salas Pino y Rafael Rodr\u00edguez Daga, del \u00c1rea de Gen\u00e9tica.<\/p>\n<p>Estas actividades se completan con visitas guiadas que tendr\u00e1n lugar a partir de las 19:00 horas. La primera de ellas se denomina <strong>\u2018La huella americana en Sevilla a trav\u00e9s de sus archivos\u2019<\/strong>, dirigida por Roc\u00edo Moreno Cabanillas y Mar\u00eda Isabel Cabanillas Barroso, del \u00c1rea de Historia Moderna. La segunda, que tendr\u00e1 lugar a las 21:00 horas bajo la direcci\u00f3n de Jos\u00e9 Mar\u00eda Miura Andrades, del \u00c1rea de Historia Medieval, lleva por t\u00edtulo <strong>\u2018Paseando por el Arenal de Sevilla. De la Plaza Nueva al Guadalquivir\u2019<\/strong>. El punto de encuentro de ambas visitas es la Carpa Corner Informativo de la Plaza Nueva.<\/p>\n<p>La Noche Europea de l@s Investigador@s contar\u00e1 con actividades dirigidas particularmente a los ni\u00f1os y ni\u00f1as que se desarrollar\u00e1n en el Espacio Hedy Lamarr, Kid Corner, entre los que la Universidad Pablo de Olavide ha organizado el taller <strong>\u2018<\/strong><strong>El Ejercicio es Medicina\u2019<\/strong>, que desarrollar\u00e1 a las 19:00 horas el grupo de investigaci\u00f3n \u2018Actividad F\u00edsica, Salud y Deporte\u2019, del Centro de Investigaci\u00f3n en Rendimiento F\u00edsico y Deportivo. A las 21:00 horas se celebrar\u00e1 el taller <strong>\u2018<\/strong><strong>Marineros alerta!. Descubriendo culturas con Magallanes\u2019<\/strong>, coordinado por M\u00aa \u00c1ngeles Fern\u00e1ndez, del \u00c1rea de Historia del Arte (UPO). Ambos talleres est\u00e1n indicados para p\u00fablico entre 5 y 12 a\u00f1os.<\/p>\n<p>La Sede Olavide en Sevilla \u2013 Centro de la calle Lara\u00f1a acoger\u00e1 el viernes 27 de septiembre las 19:30 horas el <strong>\u2018Taller\/Juego de la oca: De escritora en escritora y leo porque me toca\u2019<\/strong>, coordinado por Sergio Mar\u00edn Conejo, del \u00c1rea de Filolog\u00eda Inglesa del Departamento de Traducci\u00f3n e Interpretaci\u00f3n.<\/p>\n<p><u>A las 21:00 horas, en el CICUS<\/u>, se celebrar\u00e1 el concierto <strong>\u2018Breve historia de Norteam\u00e9rica: del g\u00f3spel al jazz fusi\u00f3n\u2019<\/strong> a cargo de Nuria Fern\u00e1ndez, profesora del \u00c1rea de Filolog\u00eda Inglesa del Departamento de Traducci\u00f3n e Interpretaci\u00f3n.<\/p>\n<p><strong>Voluntarios en La Noche Europea de l@s Investigador@s<\/strong><strong>\u00a0<\/strong><\/p>\n<p>Desde la Oficina de Transferencia de Resultados de Investigaci\u00f3n de la UPO se ofertan 15 plazas de voluntarios y voluntarias para estudiantes de la Olavide que quieran colaborar en el desarrollo de las actividades que esta universidad organiza para La Noche.<\/p>\n<p>Los interesados en participar deben enviar \u00a0la <a href=\"https:\/\/www.upo.es\/otri\/contenido?pag=\/portal\/otri\/noticias\/noticiasOtras\/20190708&amp;vE=\">plantilla de inscripci\u00f3n<\/a> a otri@upo.es. <u>El plazo comprende hasta el pr\u00f3ximo mi\u00e9rcoles 4 de septiembre, inclusive<\/u>.<\/p>\n<p>&nbsp;<\/p>\n<p><strong>M\u00e1s informaci\u00f3n:<\/strong><\/p>\n<p><a href=\"https:\/\/lanochedelosinvestigadores.fundaciondescubre.es\/sevilla\/\">Web de La Noche Europea de l@s Investigador@s en Sevilla<\/a><\/p>\n<p><a href=\"https:\/\/lanochedelosinvestigadores.fundaciondescubre.es\/portada\/\">Web de La Noche Europea de l@s Investigador@s en Andaluc\u00eda<\/a><\/p>\n","protected":false},"excerpt":{"rendered":"<p>La Oficina de Transferencia de Resultados de Investigaci\u00f3n (OTRI) de la Universidad Pablo de Olavide coordina las actividades con las que la entidad participa un a\u00f1o m\u00e1s en La Noche Europea de l@s Investigador@s, una de las veladas m\u00e1s internacionales de la ciencia que se llevar\u00e1 a cabo el viernes 27 de septiembre. El evento, bajo el eslogan \u201cMujeres y hombres que hacen ciencia para ti\u201d, saca a la calle de forma simult\u00e1nea a miles de profesionales de la investigaci\u00f3n en todo el continente. En el caso de Andaluc\u00eda, cuenta con la coordinaci\u00f3n de la Fundaci\u00f3n Descubre.<\/p>\n","protected":false},"author":2,"featured_media":30857943,"comment_status":"closed","ping_status":"open","sticky":false,"template":"","format":"standard","meta":{"_monsterinsights_skip_tracking":false,"_monsterinsights_sitenote_active":false,"_monsterinsights_sitenote_note":"","_monsterinsights_sitenote_category":0,"footnotes":""},"categories":[2779],"tags":[190,5833,2320,2645,1411,734,5528,83],"class_list":["post-30857699","post","type-post","status-publish","format-standard","has-post-thumbnail","hentry","category-docencia-formacion","tag-andalucia","tag-ciencia","tag-comision-europea","tag-divulgacion-cientifica","tag-fundacion-descubre","tag-investigadores","tag-la-noche-europea-de-ls-investigadors","tag-otri"],"_links":{"self":[{"href":"https:\/\/www.upo.es\/diario\/wp-json\/wp\/v2\/posts\/30857699","targetHints":{"allow":["GET"]}}],"collection":[{"href":"https:\/\/www.upo.es\/diario\/wp-json\/wp\/v2\/posts"}],"about":[{"href":"https:\/\/www.upo.es\/diario\/wp-json\/wp\/v2\/types\/post"}],"author":[{"embeddable":true,"href":"https:\/\/www.upo.es\/diario\/wp-json\/wp\/v2\/users\/2"}],"replies":[{"embeddable":true,"href":"https:\/\/www.upo.es\/diario\/wp-json\/wp\/v2\/comments?post=30857699"}],"version-history":[{"count":5,"href":"https:\/\/www.upo.es\/diario\/wp-json\/wp\/v2\/posts\/30857699\/revisions"}],"predecessor-version":[{"id":30857739,"href":"https:\/\/www.upo.es\/diario\/wp-json\/wp\/v2\/posts\/30857699\/revisions\/30857739"}],"wp:featuredmedia":[{"embeddable":true,"href":"https:\/\/www.upo.es\/diario\/wp-json\/wp\/v2\/media\/30857943"}],"wp:attachment":[{"href":"https:\/\/www.upo.es\/diario\/wp-json\/wp\/v2\/media?parent=30857699"}],"wp:term":[{"taxonomy":"category","embeddable":true,"href":"https:\/\/www.upo.es\/diario\/wp-json\/wp\/v2\/categories?post=30857699"},{"taxonomy":"post_tag","embeddable":true,"href":"https:\/\/www.upo.es\/diario\/wp-json\/wp\/v2\/tags?post=30857699"}],"curies":[{"name":"wp","href":"https:\/\/api.w.org\/{rel}","templated":true}]}}