{"id":30857719,"date":"2019-07-29T12:27:32","date_gmt":"2019-07-29T10:27:32","guid":{"rendered":"https:\/\/www.upo.es\/diario\/?p=30857719"},"modified":"2019-09-02T14:20:10","modified_gmt":"2019-09-02T12:20:10","slug":"alumnos-del-curso-de-arqueologia-realizaran-practicas-en-un-solar-cuyo-origen-se-remonta-a-la-edad-del-cobre","status":"publish","type":"post","link":"https:\/\/www.upo.es\/diario\/docencia-formacion\/2019\/07\/alumnos-del-curso-de-arqueologia-realizaran-practicas-en-un-solar-cuyo-origen-se-remonta-a-la-edad-del-cobre\/","title":{"rendered":"Alumnos del curso de arqueolog\u00eda realizar\u00e1n pr\u00e1cticas en un solar cuyo origen se remonta a la Edad del Cobre"},"content":{"rendered":"<p><a href=\"https:\/\/www.upo.es\/diario\/wp-content\/uploads\/2019\/07\/arqueologia01.jpg\"><img loading=\"lazy\" decoding=\"async\" class=\"alignright size-medium wp-image-30857720\" src=\"https:\/\/www.upo.es\/diario\/wp-content\/uploads\/2019\/07\/arqueologia01-360x270.jpg\" alt=\"\" width=\"360\" height=\"270\" srcset=\"https:\/\/www.upo.es\/diario\/wp-content\/uploads\/2019\/07\/arqueologia01-360x270.jpg 360w, https:\/\/www.upo.es\/diario\/wp-content\/uploads\/2019\/07\/arqueologia01-768x576.jpg 768w, https:\/\/www.upo.es\/diario\/wp-content\/uploads\/2019\/07\/arqueologia01-750x563.jpg 750w, https:\/\/www.upo.es\/diario\/wp-content\/uploads\/2019\/07\/arqueologia01-600x450.jpg 600w, https:\/\/www.upo.es\/diario\/wp-content\/uploads\/2019\/07\/arqueologia01-1320x990.jpg 1320w\" sizes=\"auto, (max-width: 360px) 100vw, 360px\" \/><\/a>Si te apasiona la Historia y te gustar\u00eda descubrir de primera mano restos de antiguas civilizaciones, la sede de la Universidad Pablo de Olavide en Carmona pondr\u00e1 en marcha del 5 al 30 de agosto una nueva edici\u00f3n del curso \u2018Arqueolog\u00eda de campo\u2019, que se enmarca dentro de la XVII edici\u00f3n de los cursos de verano y que est\u00e1 dirigido por Ricardo Lineros Romero, jefe de Servicio de la Delegaci\u00f3n de Patrimonio Hist\u00f3rico del Ayuntamiento de Carmona y director del Museo de la Ciudad y Juan Manuel Rom\u00e1n, arque\u00f3logo de dicho Museo.<\/p>\n<p>El principal objetivo del mismo es que el alumnado pueda conocer <em>in situ<\/em> todos los aspectos a los que se tiene que enfrentar un arque\u00f3logo cuando realiza una excavaci\u00f3n dentro de un contexto urbano. En esta edici\u00f3n, las pr\u00e1cticas se realizar\u00e1n en un solar pr\u00f3ximo a la Puerta de C\u00f3rdoba, donde se han localizado las evidencias de ocupaci\u00f3n m\u00e1s antiguas de la ciudad, que datan de la Edad del Cobre, seg\u00fan explica Juan Manuel Rom\u00e1n.<\/p>\n<p>Dicho solar, donde actualmente se est\u00e1n realizando excavaciones arqueol\u00f3gicas previas a la construcci\u00f3n de una nueva vivienda, est\u00e1 situado justamente sobre el escarpe que limita la ciudad de Carmona por el norte y desde donde se distinguen yacimientos como la necr\u00f3polis tart\u00e9sica de la cruz del negro o las cuevas de la batida.<\/p>\n<p><a href=\"https:\/\/www.upo.es\/diario\/wp-content\/uploads\/2019\/07\/arqueologia02.jpg\"><img loading=\"lazy\" decoding=\"async\" class=\"alignleft size-medium wp-image-30857721\" src=\"https:\/\/www.upo.es\/diario\/wp-content\/uploads\/2019\/07\/arqueologia02-360x270.jpg\" alt=\"\" width=\"360\" height=\"270\" srcset=\"https:\/\/www.upo.es\/diario\/wp-content\/uploads\/2019\/07\/arqueologia02-360x270.jpg 360w, https:\/\/www.upo.es\/diario\/wp-content\/uploads\/2019\/07\/arqueologia02-768x576.jpg 768w, https:\/\/www.upo.es\/diario\/wp-content\/uploads\/2019\/07\/arqueologia02-750x563.jpg 750w, https:\/\/www.upo.es\/diario\/wp-content\/uploads\/2019\/07\/arqueologia02-600x450.jpg 600w, https:\/\/www.upo.es\/diario\/wp-content\/uploads\/2019\/07\/arqueologia02-1320x990.jpg 1320w\" sizes=\"auto, (max-width: 360px) 100vw, 360px\" \/><\/a>\u201cEn este sector de Carmona se han realizado ya varias excavaciones arqueol\u00f3gicas previamente y aunque los hallazgos de mayor inter\u00e9s corresponden a los de la etapa calcol\u00edtica, sabemos que tambi\u00e9n se encontr\u00f3 ocupado en \u00e9poca romana y medieval. El cardo m\u00e1ximo, la calle principal de la ciudad en \u00e9poca romana, discurr\u00eda justo en esta \u00e1rea y de esta misma \u00e9poca se ha identificado ya una cisterna subterr\u00e1nea en el solar donde se est\u00e1n realizando las excavaciones\u201d, asegura Rom\u00e1n. Adem\u00e1s, en uno de los sondeos abiertos se ha localizado un silo de \u00e9poca tart\u00e9sica para el almacenamiento de cereal, lo que supone otro inter\u00e9s a\u00f1adido a las pr\u00e1cticas del curso.<\/p>\n<p>La prolongada ocupaci\u00f3n humana registrada en el lugar donde se sit\u00faa la ciudad, cuyos or\u00edgenes se remontan a 5000 a\u00f1os de historia,\u00a0 ha generado un yacimiento arqueol\u00f3gico muy complejo y de gran inter\u00e9s. \u201cLo habitual es que durante las excavaciones se documenten niveles que pueden datar desde la prehistoria hasta la actualidad. Pese a que el m\u00e9todo estratigr\u00e1fico usado por los arque\u00f3logos se aplica de la misma manera independientemente de la \u00e9poca de los restos sobre los que se est\u00e9 trabajando, el excavar niveles prehist\u00f3ricos precisa de protocolos o precauciones espec\u00edficas que ser\u00e1n de gran inter\u00e9s para el desarrollo del curso\u201d, sostiene Juan Manuel Rom\u00e1n.<\/p>\n<p>El curso \u2018Arqueolog\u00eda de campo\u2019 se organiza a trav\u00e9s de sesiones pr\u00e1cticas de excavaciones arqueol\u00f3gicas en dicho solar, apoyadas por sesiones te\u00f3ricas en los que se tratar\u00e1n temas metodol\u00f3gicos y de aspectos relacionados con la gesti\u00f3n de las excavaciones, como la legislaci\u00f3n o la documentaci\u00f3n administrativa necesaria. En las sesiones pr\u00e1cticas tambi\u00e9n se tocar\u00e1n materias como la interpretaci\u00f3n de la estratigraf\u00eda arqueol\u00f3gica, el tratamiento de los materiales encontrados durante los trabajos o la elaboraci\u00f3n de la documentaci\u00f3n planim\u00e9trica, topogr\u00e1fica y fotogr\u00e1fica. Adem\u00e1s, algunas de las jornadas se dedicar\u00e1n a la visita de los principales hitos patrimoniales de Carmona.<\/p>\n<p>M\u00e1s informaci\u00f3n: <a href=\"https:\/\/upo.es\/cms1\/export\/sites\/upo\/olavideencarmona\/documentos\/2019\/2019cc38.pdf\">ARQUEOLOG\u00cdA DE CAMPO<\/a><\/p>\n","protected":false},"excerpt":{"rendered":"<p>Si te apasiona la Historia y te gustar\u00eda descubrir de primera mano restos de antiguas civilizaciones, la sede de la Universidad Pablo de Olavide en Carmona pondr\u00e1 en marcha del 5 al 30 de agosto una nueva edici\u00f3n del curso \u2018Arqueolog\u00eda de campo\u2019, que se enmarca dentro de la XVII edici\u00f3n de los cursos de verano y que est\u00e1 dirigido por Ricardo Lineros Romero, jefe de Servicio de la Delegaci\u00f3n de Patrimonio Hist\u00f3rico del Ayuntamiento de Carmona y director del Museo de la Ciudad y Juan Manuel Rom\u00e1n, arque\u00f3logo de dicho Museo.<\/p>\n","protected":false},"author":2,"featured_media":30857721,"comment_status":"closed","ping_status":"open","sticky":false,"template":"","format":"standard","meta":{"_monsterinsights_skip_tracking":false,"_monsterinsights_sitenote_active":false,"_monsterinsights_sitenote_note":"","_monsterinsights_sitenote_category":0,"footnotes":""},"categories":[2779],"tags":[2702,2573,23,5377,1627,21,6176],"class_list":["post-30857719","post","type-post","status-publish","format-standard","has-post-thumbnail","hentry","category-docencia-formacion","tag-alumnado","tag-arqueologia-de-campo","tag-carmona","tag-curso-de-arqueologia","tag-curso-de-verano","tag-estudiantes","tag-museo"],"_links":{"self":[{"href":"https:\/\/www.upo.es\/diario\/wp-json\/wp\/v2\/posts\/30857719","targetHints":{"allow":["GET"]}}],"collection":[{"href":"https:\/\/www.upo.es\/diario\/wp-json\/wp\/v2\/posts"}],"about":[{"href":"https:\/\/www.upo.es\/diario\/wp-json\/wp\/v2\/types\/post"}],"author":[{"embeddable":true,"href":"https:\/\/www.upo.es\/diario\/wp-json\/wp\/v2\/users\/2"}],"replies":[{"embeddable":true,"href":"https:\/\/www.upo.es\/diario\/wp-json\/wp\/v2\/comments?post=30857719"}],"version-history":[{"count":3,"href":"https:\/\/www.upo.es\/diario\/wp-json\/wp\/v2\/posts\/30857719\/revisions"}],"predecessor-version":[{"id":30857724,"href":"https:\/\/www.upo.es\/diario\/wp-json\/wp\/v2\/posts\/30857719\/revisions\/30857724"}],"wp:featuredmedia":[{"embeddable":true,"href":"https:\/\/www.upo.es\/diario\/wp-json\/wp\/v2\/media\/30857721"}],"wp:attachment":[{"href":"https:\/\/www.upo.es\/diario\/wp-json\/wp\/v2\/media?parent=30857719"}],"wp:term":[{"taxonomy":"category","embeddable":true,"href":"https:\/\/www.upo.es\/diario\/wp-json\/wp\/v2\/categories?post=30857719"},{"taxonomy":"post_tag","embeddable":true,"href":"https:\/\/www.upo.es\/diario\/wp-json\/wp\/v2\/tags?post=30857719"}],"curies":[{"name":"wp","href":"https:\/\/api.w.org\/{rel}","templated":true}]}}